{"id":2621,"date":"2024-07-26T07:06:35","date_gmt":"2024-07-26T07:06:35","guid":{"rendered":"https:\/\/naujienulaikas.lt\/index.php\/2024\/07\/26\/bidenas-ir-harrisas-susitiko-su-netanyahu-kai-jav-ragina-sudaryti-kompromisa-del-gazos-ruozo-paliaubu-susitarimo\/"},"modified":"2024-07-26T07:06:35","modified_gmt":"2024-07-26T07:06:35","slug":"bidenas-ir-harrisas-susitiko-su-netanyahu-kai-jav-ragina-sudaryti-kompromisa-del-gazos-ruozo-paliaubu-susitarimo","status":"publish","type":"post","link":"https:\/\/naujienulaikas.lt\/index.php\/2024\/07\/26\/bidenas-ir-harrisas-susitiko-su-netanyahu-kai-jav-ragina-sudaryti-kompromisa-del-gazos-ruozo-paliaubu-susitarimo\/","title":{"rendered":"Bidenas ir Harrisas susitiko su Netanyahu, kai JAV ragina \u201esudaryti kompromis\u0105\u201c d\u0117l Gazos ruo\u017eo paliaub\u0173 susitarimo"},"content":{"rendered":"<p> <br \/>\n<\/p>\n<div id=\"\">\n<p>Izraelio ministras pirmininkas <a href=\"https:\/\/globalnews.ca\/tag\/benjamin-netanyahu\">Benjaminas Netanyahu<\/a> Baltuosiuose r\u016bmuose ketvirtadien\u012f atskirai susitiko su prezidentu <a href=\"https:\/\/globalnews.ca\/tag\/joe-biden\">Joe Bidenas<\/a> ir tik\u0117tinas demokrat\u0173 kandidatas \u012f viceprezident\u0105 <a href=\"https:\/\/globalnews.ca\/tag\/kamala-harris\">Kamala Harris<\/a> aptarti vykstant\u012f smurt\u0105 <a href=\"https:\/\/globalnews.ca\/tag\/gaza\">Gaza<\/a> ir galimyb\u0117 pasiekti paliaub\u0173 susitarim\u0105.<\/p>\n<p><img decoding=\"async\" src=\"https:\/\/d21y75miwcfqoq.cloudfront.net\/70c8fc80\" alt=\"\" style=\"position:absolute;width:1px;height:1px\" referrerpolicy=\"no-referrer-when-downgrade\"\/><\/p>\n<p>Netanyahu pirmasis apsilankymas Baltuosiuose r\u016bmuose nuo 2020 m. \u012fvyko pra\u0117jus dienai po to, kai jis pasak\u0117 ugning\u0105 kalb\u0105 Kongrese ir did\u0117jant spaudimui. <a href=\"https:\/\/globalnews.ca\/tag\/israel\">Izraelis<\/a> ir JAV, kad surast\u0173 devynis m\u0117nesius trukusio konflikto, per kur\u012f Gazoje \u017euvo daugiau nei 39 000 \u017emoni\u0173, o Izraelyje \u2013 apie 1 200, pabaig\u0105.  De\u0161imtys izraelie\u010di\u0173 \u012fkait\u0173 teb\u0117ra \u201eHamas\u201c nelaisv\u0117je.<\/p>\n<p>Harris po \u201eatviro ir konstruktyvaus susitikimo\u201c su Izraelio lyderiu sak\u0117, kad palaiko Izraelio teis\u0119 gintis, ta\u010diau sak\u0117: \u201esvarbu, kaip jis tai daro\u201c.<\/p>\n<div class=\"l-article__part\" data-shortcode=\"tp_video\">\n<div class=\"c-video c-videoPlay \" data-iframe-receiver=\"\" data-autoplay=\"\" data-displayinline-featured=\"false\" data-displayinline-type=\"video\" data-displayinline-player-id=\"miniplayer_10641574_66a34604d065a\" data-displayinline-video-id=\"10641574\" data-displayinline-ratio=\"16:9\" data-displayinline=\"https:\/\/globalnews.ca\/video\/embed\/10641574\/#autoplay&amp;stickyiframe=miniplayer_10641574_66a34604d065a\" data-displayinline-sticky=\"true\">\n<div class=\"c-video__inner\">\n\t\t\t\t\t<span class=\"c-video__placeholder\"><br \/>\n\t\t\t\t\t\t<img class=\"c-video__image\" alt=\"Spustel\u0117kite, jei norite paleisti vaizdo \u012fra\u0161\u0105: \u201eNetanyahu kaltina Iran\u0105 finansuojant JAV demonstracijas, protestuotojus vadina \u201enaudingais idiotais\u201c\" width=\"640\" height=\"360\" data-src=\"https:\/\/i1.wp.com\/media.globalnews.ca\/videostatic\/news\/jks3vobt11-pnhmjnxrq4\/ONLINE_STILL_NETANYAHU_PROTESTS.jpg?w=1040&amp;quality=70&amp;strip=all\" loading=\"lazy\" srcset=\"\" sizes=\"auto, \" data-srcset=\"https:\/\/i1.wp.com\/media.globalnews.ca\/videostatic\/news\/jks3vobt11-pnhmjnxrq4\/ONLINE_STILL_NETANYAHU_PROTESTS.jpg?w=450#038;quality=70&amp;strip=all 450w,https:\/\/i1.wp.com\/media.globalnews.ca\/videostatic\/news\/jks3vobt11-pnhmjnxrq4\/ONLINE_STILL_NETANYAHU_PROTESTS.jpg?w=720#038;quality=70&amp;strip=all 720w,https:\/\/i1.wp.com\/media.globalnews.ca\/videostatic\/news\/jks3vobt11-pnhmjnxrq4\/ONLINE_STILL_NETANYAHU_PROTESTS.jpg?w=1040#038;quality=70&amp;strip=all 1040w,\" data-sizes=\"(min-width: 1040px) 1040px,(min-width: 720px) 720px,450px\"\/><br \/>\n\t\t\t\t\t\t\t\t\t\t\t\t<span class=\"c-video__overlay\"><\/p>\n<p>\n\t\t\t\t\t\t\t\t\t\t\t\t\t\t\t\t\t<time class=\"c-video__duration\">2:55<\/time><br \/>\n\t\t\t\t\t\t\t\t\t\t\t\t\t\t\t\t\t\t\t\t\t\t\t\t\t<span class=\"c-video__title\">Netanyahu kaltina Iran\u0105 finansuojant JAV demonstracijas, protestuotojus vadina \u201enaudingais idiotais\u201c<\/span>\n\t\t\t\t\t\t\t\t\t\t\t\t\t\t\t<\/p>\n<p>\t\t\t\t\t\t<\/span><br \/>\n\t\t\t\t\t\t\t\t\t\t\t<\/span>\n\t\t\t\t<\/div>\n<\/p><\/div>\n<\/p><\/div>\n<p>Ji i\u0161rei\u0161k\u0117 susir\u016bpinim\u0105 d\u0117l \u201eniokojan\u010dios\u201c humanitarin\u0117s pad\u0117ties Gazoje ir per konflikt\u0105 \u017euvusi\u0173 civili\u0173 atvaizd\u0173, sakydama: \u201e\u0160i\u0173 tragedij\u0173 akivaizdoje negalime nusigr\u0119\u017eti\u201c.<\/p>\n<div class=\"c-ad c-ad--bigbox l-article__ad\">\n<p>Istorija t\u0119siasi po skelbimu<\/p>\n<\/p><\/div>\n<p>Ji pakartojo Biden\u0105, ragindama skubiai nutraukti ugn\u012f, kad b\u016bt\u0173 bent kuriam laikui baigtos kovos, kad b\u016bt\u0173 sustiprinta humanitarin\u0117 pagalba Gazos ruo\u017ee ir i\u0161laisvinti kai kurie pa\u017eeid\u017eiamiausi \u012fkaitai i\u0161 Hamas nelaisv\u0117s.<\/p>\n<p>Balt\u0173j\u0173 r\u016bm\u0173 pareig\u016bnai teigia, kad derybos yra baigiamajame etape, ta\u010diau yra problem\u0173, kurias reikia i\u0161spr\u0119sti.<\/p>\n<p>\u201eSlystis galima panaikinti\u201c, \u2013 sak\u0117 Balt\u0173j\u0173 r\u016bm\u0173 nacionalinio saugumo atstovas Johnas Kirby.  Jis prid\u016br\u0117: \u201eTa\u010diau tam, kaip visada, reik\u0117s tam tikro vadovavimo, tam tikro kompromiso\u201c.<\/p>\n<div class=\"l-article__part\" data-shortcode=\"tp_video\">\n<div class=\"c-video c-videoPlay \" data-iframe-receiver=\"\" data-autoplay=\"\" data-displayinline-featured=\"false\" data-displayinline-type=\"video\" data-displayinline-player-id=\"miniplayer_10639624_66a34604d0f7c\" data-displayinline-video-id=\"10639624\" data-displayinline-ratio=\"16:9\" data-displayinline=\"https:\/\/globalnews.ca\/video\/embed\/10639624\/#autoplay&amp;stickyiframe=miniplayer_10639624_66a34604d0f7c\" data-displayinline-sticky=\"true\">\n<div class=\"c-video__inner\">\n\t\t\t\t\t<span class=\"c-video__placeholder\"><br \/>\n\t\t\t\t\t\t<img class=\"c-video__image\" alt=\"Spustel\u0117kite ir paleiskite vaizdo \u012fra\u0161\u0105: \u201eHamas\u201c, \u201eFatah\u201c paskelb\u0117 vienyb\u0117s vyriausyb\u0119, o Netanyahu sako, kad paliaub\u0173 susitarimas \u201ebr\u0119sta\u201c\" width=\"640\" height=\"360\" data-src=\"https:\/\/i1.wp.com\/media.globalnews.ca\/videostatic\/news\/na5tdpw80t-jskviqhdr2\/TU_ISRAEL_VMS.jpg?w=1040&amp;quality=70&amp;strip=all\" loading=\"lazy\" srcset=\"\" sizes=\"auto, \" data-srcset=\"https:\/\/i1.wp.com\/media.globalnews.ca\/videostatic\/news\/na5tdpw80t-jskviqhdr2\/TU_ISRAEL_VMS.jpg?w=450#038;quality=70&amp;strip=all 450w,https:\/\/i1.wp.com\/media.globalnews.ca\/videostatic\/news\/na5tdpw80t-jskviqhdr2\/TU_ISRAEL_VMS.jpg?w=720#038;quality=70&amp;strip=all 720w,https:\/\/i1.wp.com\/media.globalnews.ca\/videostatic\/news\/na5tdpw80t-jskviqhdr2\/TU_ISRAEL_VMS.jpg?w=1040#038;quality=70&amp;strip=all 1040w,\" data-sizes=\"(min-width: 1040px) 1040px,(min-width: 720px) 720px,450px\"\/><br \/>\n\t\t\t\t\t\t\t\t\t\t\t\t<span class=\"c-video__overlay\"><\/p>\n<p>\n\t\t\t\t\t\t\t\t\t\t\t\t\t\t\t\t\t<time class=\"c-video__duration\">2:06<\/time><br \/>\n\t\t\t\t\t\t\t\t\t\t\t\t\t\t\t\t\t\t\t\t\t\t\t\t\t<span class=\"c-video__title\">\u201eHamas\u201c ir \u201eFatah\u201c paskelb\u0117 apie vienyb\u0117s vyriausyb\u0119, o Netanyahu sako, kad paliaub\u0173 susitarimas \u201ebr\u0119sta\u201c<\/span>\n\t\t\t\t\t\t\t\t\t\t\t\t\t\t\t<\/p>\n<p>\t\t\t\t\t\t<\/span><br \/>\n\t\t\t\t\t\t\t\t\t\t\t<\/span>\n\t\t\t\t<\/div>\n<\/p><\/div>\n<\/p><\/div>\n<p>Harrisas susitiko su Netanyahu jos i\u0161kilmingame biure Eizenhauerio vykdomojo biuro pastate.  Taip pat tikimasi, kad ji spaus j\u012f siekdama susitarti d\u0117l \u012fkait\u0173, pagrobt\u0173 per \u201eHamas\u201c spalio 7 d. atak\u0105 prie\u0161 kar\u0105 prad\u0117jus\u012f Izrael\u012f, i\u0161laisvinimo.<\/p>\n<p>\u201eTurime daug apie k\u0105 kalb\u0117ti\u201c, \u2013 sak\u0117 Harris, sveikindama Izraelio lyder\u012f.  \u201eTikrai darome\u201c, \u2013 atsak\u0117 jis.<\/p>\n<div class=\"c-ad c-ad--bigbox l-article__ad\">\n<p>Istorija t\u0119siasi po skelbimu<\/p>\n<\/p><\/div>\n<p>T\u016bkstan\u010diai \u017emoni\u0173 protestavo prie\u0161 B. Netanyahu vizit\u0105 Va\u0161ingtone, o Harrisas pasmerk\u0117 tuos, kurie smurtavo arba vartojo retorik\u0105, kuri \u0161lovina \u201eHamas\u201c.<\/p>\n<div class=\"l-article__part\" data-shortcode=\"tp_video\">\n<div class=\"c-video c-videoPlay \" data-iframe-receiver=\"\" data-autoplay=\"\" data-displayinline-featured=\"false\" data-displayinline-type=\"video\" data-displayinline-player-id=\"miniplayer_10644556_66a34604d17b5\" data-displayinline-video-id=\"10644556\" data-displayinline-ratio=\"16:9\" data-displayinline=\"https:\/\/globalnews.ca\/video\/embed\/10644556\/#autoplay&amp;stickyiframe=miniplayer_10644556_66a34604d17b5\" data-displayinline-sticky=\"true\">\n<div class=\"c-video__inner\">\n\t\t\t\t\t<span class=\"c-video__placeholder\"><br \/>\n\t\t\t\t\t\t<img class=\"c-video__image\" alt=\"Spustel\u0117kite, jei norite paleisti vaizdo \u012fra\u0161\u0105: \u201eKamala Harris sako, kad ji patikino Izrael\u012f d\u0117l JAV paramos po susitikimo su Netanyahu\u201c\" width=\"640\" height=\"360\" data-src=\"https:\/\/i0.wp.com\/media.globalnews.ca\/videostatic\/news\/d8k8uk60l4-0q4ne18wqh\/EDIT_HERE.00_00_19_14.Still017.jpg?w=1040&amp;quality=70&amp;strip=all\" loading=\"lazy\" srcset=\"\" sizes=\"auto, \" data-srcset=\"https:\/\/i0.wp.com\/media.globalnews.ca\/videostatic\/news\/d8k8uk60l4-0q4ne18wqh\/EDIT_HERE.00_00_19_14.Still017.jpg?w=450#038;quality=70&amp;strip=all 450w,https:\/\/i0.wp.com\/media.globalnews.ca\/videostatic\/news\/d8k8uk60l4-0q4ne18wqh\/EDIT_HERE.00_00_19_14.Still017.jpg?w=720#038;quality=70&amp;strip=all 720w,https:\/\/i0.wp.com\/media.globalnews.ca\/videostatic\/news\/d8k8uk60l4-0q4ne18wqh\/EDIT_HERE.00_00_19_14.Still017.jpg?w=1040#038;quality=70&amp;strip=all 1040w,\" data-sizes=\"(min-width: 1040px) 1040px,(min-width: 720px) 720px,450px\"\/><br \/>\n\t\t\t\t\t\t\t\t\t\t\t\t<span class=\"c-video__overlay\"><\/p>\n<p>\n\t\t\t\t\t\t\t\t\t\t\t\t\t\t\t\t\t<time class=\"c-video__duration\">2:54<\/time><br \/>\n\t\t\t\t\t\t\t\t\t\t\t\t\t\t\t\t\t\t\t\t\t\t\t\t\t<span class=\"c-video__title\">Kamala Harris sako, kad po susitikimo su Netanyahu patikino Izrael\u012f JAV parama<\/span>\n\t\t\t\t\t\t\t\t\t\t\t\t\t\t\t<\/p>\n<p>\t\t\t\t\t\t<\/span><br \/>\n\t\t\t\t\t\t\t\t\t\t\t<\/span>\n\t\t\t\t<\/div>\n<\/p><\/div>\n<\/p><\/div>\n<p>Netanyahu, paskutin\u012f kart\u0105 Baltuosiuose r\u016bmuose dirb\u0119s tuomet, kai pareigas \u0117jo buv\u0119s prezidentas Donaldas Trumpas, penktadien\u012f i\u0161vyksta \u012f Florid\u0105 susitikti su respublikon\u0173 kandidatu \u012f prezidentus.<\/p>\n<div class=\"c-textSignup\" data-gnca-ab-test=\"nltr-article-box\" data-gnca-ab-variation=\"control\">\n\t\t\t<strong><\/p>\n<p>\t\t\t\tEl. pa\u0161to adresas, kurio jums reikia dienai\t\t\t\t<a class=\"c-textSignup__link\" href=\"https:\/\/globalnews.ca\/news\/10644423\/israel-netanyahu-biden-harris-meetings\/javascript:void(0)\" data-micromodal-trigger=\"newsletter-signup\" data-trackable=\"true\" data-trackaction=\"article | newsletter signup text\"><br \/>\n\t\t\t\t populiariausios naujienos i\u0161 Kanados ir viso pasaulio.<br \/>\n\t\t\t\t<\/a><br \/>\n\t\t\t<\/strong>\n\t\t<\/div>\n<p>\t\t<!-- A\/B test begins --><\/p>\n<div class=\"c-textSignup c-textSignup--abtest\" data-gnca-ab-test=\"nltr-article-box\" data-gnca-ab-variation=\"test\">\n<div class=\"c-textSignup__abimage\">\n\t\t\t\t<img decoding=\"async\" width=\"170\" height=\"225\" loading=\"lazy\" src=\"https:\/\/globalnews.ca\/wp-content\/themes\/shaw-globalnews\/images\/skyline\/national.jpg\" alt=\"Kart\u0105 per dien\u0105 gaukite svarbiausi\u0173 dienos naujien\u0173, politini\u0173, ekonomini\u0173 ir aktualij\u0173 antra\u0161tes.\"\/>\n\t\t\t<\/div>\n<div class=\"c-textSignup__abcontent\">\n<h3>Gaukite kasdienes nacionalines naujienas<\/h3>\n<p>Kart\u0105 per dien\u0105 gaukite svarbiausi\u0173 dienos naujien\u0173, politini\u0173, ekonomini\u0173 ir aktualij\u0173 antra\u0161tes.<\/p>\n<div class=\"c-textSignup__abdisclaimer\">Nurodydami savo el. pa\u0161to adres\u0105, j\u016bs perskait\u0117te ir sutinkate su \u201eGlobal News\u201c <a href=\"https:\/\/www.corusent.com\/terms-of-use\/\" target=\"_blank\" rel=\"noopener\">Taisykl\u0117s ir s\u0105lygos<\/a> ir <a href=\"https:\/\/www.corusent.com\/privacy-policy\/\" target=\"_blank\" rel=\"noopener\">Privatumo politika<\/a>.<\/div>\n<\/p><\/div>\n<\/p><\/div>\n<p>\t\t<!-- A\/B test ends --><\/p>\n<p>Konservatyviosios Likud partijos lyderis Netanyahu ir centristas demokratas Bidenas b\u0117gant metams patyr\u0117 pakilim\u0173 ir nuosmuki\u0173.  Netanyahu, kuris grei\u010diausiai bus paskutinis jo susitikimas Baltuosiuose r\u016bmuose su Bidenu, apm\u0105st\u0117 ma\u017edaug 40 met\u0173, kai jie vienas kit\u0105 pa\u017einojo, ir pad\u0117kojo prezidentui u\u017e jo tarnyb\u0105.<\/p>\n<p>\u201eNuo i\u0161did\u017eios \u017eyd\u0173 sionisto iki i\u0161did\u017eios Airijos Amerikos sionisto, noriu pad\u0117koti jums u\u017e 50 met\u0173 vie\u0161\u0105j\u0105 tarnyb\u0105 ir 50 met\u0173 param\u0105 Izraelio valstybei\u201c, \u2013 j\u0173 susitikimo prad\u017eioje Bidenui sak\u0117 Bidenui Netanyahu.<\/p>\n<div class=\"c-ad c-ad--bigbox l-article__ad\">\n<p>Istorija t\u0119siasi po skelbimu<\/p>\n<\/p><\/div>\n<p>JAV remiamas pasi\u016blymas paleisti likusius Gazos \u012fkaitus trimis etapais yra ka\u017ekas, kas b\u016bt\u0173 patvirtinantis palikim\u0105 Bidenui, kuris atsisak\u0117 savo perrinkimo ir pritar\u0117 Harrisui.  Tai taip pat gal\u0117t\u0173 b\u016bti palaima Harrisui, siekdama j\u012f pakeisti.<\/p>\n<p>Po deryb\u0173 Bidenas ir Netanyahu susitiko su amerikie\u010di\u0173 \u012fkait\u0173 \u0161eimomis.<\/p>\n<div class=\"l-article__part\" data-shortcode=\"tp_video\">\n<div class=\"c-video c-videoPlay \" data-iframe-receiver=\"\" data-autoplay=\"\" data-displayinline-featured=\"false\" data-displayinline-type=\"video\" data-displayinline-player-id=\"miniplayer_10641579_66a34604d2021\" data-displayinline-video-id=\"10641579\" data-displayinline-ratio=\"16:9\" data-displayinline=\"https:\/\/globalnews.ca\/video\/embed\/10641579\/#autoplay&amp;stickyiframe=miniplayer_10641579_66a34604d2021\" data-displayinline-sticky=\"true\">\n<div class=\"c-video__inner\">\n\t\t\t\t\t<span class=\"c-video__placeholder\"><br \/>\n\t\t\t\t\t\t<img class=\"c-video__image\" alt=\"Spustel\u0117kite, jei norite paleisti vaizdo \u012fra\u0161\u0105: \u201eIzraelis artimiausioje ateityje i\u0161saugos \u201evyriausi\u0105 saugumo kontrol\u0119\u201c Gazos ruo\u017ee: Netanyahu\" width=\"640\" height=\"360\" data-src=\"https:\/\/i0.wp.com\/media.globalnews.ca\/videostatic\/news\/y1azd7dzht-loszi9qk6e\/ONLINE_STILL_NETANYAHU_GAZA.jpg?w=1040&amp;quality=70&amp;strip=all\" loading=\"lazy\" srcset=\"\" sizes=\"auto, \" data-srcset=\"https:\/\/i0.wp.com\/media.globalnews.ca\/videostatic\/news\/y1azd7dzht-loszi9qk6e\/ONLINE_STILL_NETANYAHU_GAZA.jpg?w=450#038;quality=70&amp;strip=all 450w,https:\/\/i0.wp.com\/media.globalnews.ca\/videostatic\/news\/y1azd7dzht-loszi9qk6e\/ONLINE_STILL_NETANYAHU_GAZA.jpg?w=720#038;quality=70&amp;strip=all 720w,https:\/\/i0.wp.com\/media.globalnews.ca\/videostatic\/news\/y1azd7dzht-loszi9qk6e\/ONLINE_STILL_NETANYAHU_GAZA.jpg?w=1040#038;quality=70&amp;strip=all 1040w,\" data-sizes=\"(min-width: 1040px) 1040px,(min-width: 720px) 720px,450px\"\/><br \/>\n\t\t\t\t\t\t\t\t\t\t\t\t<span class=\"c-video__overlay\"><\/p>\n<p>\n\t\t\t\t\t\t\t\t\t\t\t\t\t\t\t\t\t<time class=\"c-video__duration\">0:52<\/time><br \/>\n\t\t\t\t\t\t\t\t\t\t\t\t\t\t\t\t\t\t\t\t\t\t\t\t\t<span class=\"c-video__title\">Netanyahu: Izraelis artimiausioje ateityje i\u0161laikys \u201evyriausi\u0105 saugumo kontrol\u0119\u201c Gazoje<\/span>\n\t\t\t\t\t\t\t\t\t\t\t\t\t\t\t<\/p>\n<p>\t\t\t\t\t\t<\/span><br \/>\n\t\t\t\t\t\t\t\t\t\t\t<\/span>\n\t\t\t\t<\/div>\n<\/p><\/div>\n<\/p><\/div>\n<p>Harrisui susitikimas su Netanyahu yra galimyb\u0117 parodyti, kad ji turi j\u0117g\u0173 eiti vyriausiosios vado pareigas.  J\u0105 nagrin\u0117ja tie politiniai kairieji, kurie teigia, kad Bidenas nepadar\u0117 pakankamai, kad priverst\u0173 B. Netanyahu u\u017ebaigti konflikt\u0105, ir respublikonai, norintys pavadinti j\u0105 nepakankama parama Izraeliui.<\/p>\n<p>Vyresnysis administracijos pareig\u016bnas, informav\u0119s \u017eurnalistus apie anonimi\u0161kumo s\u0105lyg\u0105 pagal Balt\u0173j\u0173 r\u016bm\u0173 nustatytas taisykles, sak\u0117, kad Izraelyje \u201etarp prezidento ir viceprezidento n\u0117ra dienos \u0161viesos\u201c.  Paskutinis Harris asmeninis su\u017ead\u0117tuv\u0117s su Netanyahu buvo 2021 m. kov\u0105, ta\u010diau ji dalyvavo daugiau nei 20 pokalbi\u0173 tarp Bideno ir Netanyahu.<\/p>\n<div class=\"c-ad c-ad--bigbox l-article__ad\">\n<p>Istorija t\u0119siasi po skelbimu<\/p>\n<\/p><\/div>\n<p>Netanyahu bando nar\u0161yti savo subtil\u0173 politin\u012f moment\u0105.  Jis susiduria su spaudimu i\u0161 \u012fkait\u0173 \u0161eim\u0173, reikalaujan\u010di\u0173 paliaub\u0173 susitarimo, kad j\u0173 artimieji b\u016bt\u0173 parve\u017eti namo, ir kra\u0161tutini\u0173 de\u0161ini\u0173j\u0173 valdan\u010diosios koalicijos nari\u0173, kurie reikalauja, kad jis prie\u0161int\u0173si bet kokiam susitarimui, galin\u010diam sulaikyti Izraelio paj\u0117gas nuo \u201eHamas\u201c likvidavimo.<\/p>\n<section id=\"content-dynamic-trending-stories\" class=\"l-inlineStories l-inlineStories--tile u-hide-tablet-landscape\" aria-label=\"Dynamic trending stories section\">\n<p>\n\t\t<span class=\"l-inlineStories__title c-heading c-heading--strikethrough\">Dabar populiaru<\/span>\n\t<\/p>\n<ul class=\"l-inlineStories__posts c-posts c-posts--inline \">\n<li class=\"c-posts__item\">\n\t\t\t<a href=\"https:\/\/globalnews.ca\/news\/10641590\/store-cleak-stolen-lottery-ticket-tennessee-meet-patel\/\" class=\"c-posts__inner\"><\/p>\n<div class=\"c-posts__media \">\n\t\t\t\t\t\t<img class=\"c-posts__thumbnail\" data-src=\"https:\/\/globalnews.ca\/wp-content\/uploads\/2024\/07\/Untitled-design-2024-07-24T141826.488.png?w=336&amp;h=224&amp;crop=1\" loading=\"lazy\" width=\"336\" height=\"224\" alt=\"\"\/>\n\t\t\t\t\t\t\t\t\t\t\t\t\t<\/div>\n<div class=\"c-posts__details\">\n<p>\n\t\t\t\t<span class=\"c-posts__headlineText\" title=\"Store clerk stole $1M lottery ticket from unsuspecting winner, police say\" data-title=\"\">Parduotuv\u0117s darbuotojas i\u0161 nieko ne\u012ftarian\u010dio laim\u0117tojo pavog\u0117 1 mln. USD loterijos biliet\u0105, prane\u0161\u0117 policija<\/span>\n\t<\/p>\n<\/p><\/div>\n<p>\t\t\t<\/a>\n\t\t<\/li>\n<li class=\"c-posts__item\">\n\t\t\t<a href=\"https:\/\/globalnews.ca\/news\/10642975\/jasper-alberta-wildfire-july-25\/\" class=\"c-posts__inner\"><\/p>\n<div class=\"c-posts__media \">\n\t\t\t\t\t\t<img class=\"c-posts__thumbnail\" data-src=\"https:\/\/globalnews.ca\/wp-content\/uploads\/2024\/07\/jasper-destruction-woodlands-county.jpg?quality=85&amp;strip=all&amp;w=336&amp;h=224&amp;crop=1\" loading=\"lazy\" width=\"336\" height=\"224\" alt=\"\"\/>\n\t\t\t\t\t\t\t\t\t\t\t\t\t<\/div>\n<div class=\"c-posts__details\">\n<p>\n\t\t\t\t<span class=\"c-posts__headlineText\" title=\"Jasper wildfire: Up to 50% of townsite may have been destroyed\" data-title=\"\">D\u017easpio mi\u0161k\u0173 gaisras: gali b\u016bti sunaikinta iki 50 % miesto teritorijos<\/span>\n\t<\/p>\n<\/p><\/div>\n<p>\t\t\t<\/a>\n\t\t<\/li>\n<\/ul>\n<\/section>\n<p>Tre\u010diadien\u012f savo kalboje jungtin\u0117je Kongreso sesijoje B. Netanyahu tvirtai gyn\u0117 Izraelio elges\u012f per jo karin\u012f puolim\u0105 Gazoje ir pasisak\u0117 prie\u0161 Tarptautinio baud\u017eiamojo teismo kaltinimus Izraelio karo nusikaltimais.  Jis pabr\u0117\u017e\u0117, kad Izraelis, kovodamas su Irano remiamu \u201eHamas\u201c, veiksmingai saugo \u201eamerikie\u010di\u0173 batus nuo \u017eem\u0117s, gindamas m\u016bs\u0173 bendrus interesus Artimuosiuose Rytuose\u201c.<\/p>\n<p>\u201eAtminkite tai: m\u016bs\u0173 prie\u0161ai yra j\u016bs\u0173 prie\u0161ai\u201c, &#8211; sak\u0117 Netanyahu.  \u201eM\u016bs\u0173 kova, tai j\u016bs\u0173 kova.  Ir m\u016bs\u0173 pergal\u0117 bus j\u016bs\u0173 pergal\u0117.  \u201c<\/p>\n<p>Netanyahu savo kalba pagyr\u0117 Biden\u0105 u\u017e jo administracijos param\u0105 po spalio 7 d. i\u0161puolio.  Ta\u010diau jis taip pat atkreip\u0117 d\u0117mes\u012f \u012f veiksmus, kuri\u0173 Trumpas \u0117m\u0117si per ketverius savo kadencijos metus ir kurie buvo naudingi Izraeliui, \u012fskaitant Izraelio suvereniteto Golano auk\u0161tumose pripa\u017einim\u0105, susid\u016brim\u0105 su Irano agresija ir JAV ambasados \u200b\u200bperk\u0117lim\u0105 i\u0161 Tel Avivo \u012f Jeruzal\u0119.<\/p>\n<p>Netanyahu i\u0161juok\u0117 protestuotojus, kurie tre\u010diadien\u012f susirinko prie JAV Kapitolijaus, vadindamas juos Irano \u201enaudingais idiotais\u201c.<\/p>\n<div class=\"l-article__part\" data-shortcode=\"tp_video\">\n<div class=\"c-video c-videoPlay \" data-iframe-receiver=\"\" data-autoplay=\"\" data-displayinline-featured=\"false\" data-displayinline-type=\"video\" data-displayinline-player-id=\"miniplayer_10641149_66a34604d30a5\" data-displayinline-video-id=\"10641149\" data-displayinline-ratio=\"16:9\" data-displayinline=\"https:\/\/globalnews.ca\/video\/embed\/10641149\/#autoplay&amp;stickyiframe=miniplayer_10641149_66a34604d30a5\" data-displayinline-sticky=\"true\">\n<div class=\"c-video__inner\">\n\t\t\t\t\t<span class=\"c-video__placeholder\"><br \/>\n\t\t\t\t\t\t<img class=\"c-video__image\" alt=\"Spustel\u0117kite, jei norite paleisti vaizdo \u012fra\u0161\u0105: \u201ePer JAV vizit\u0105 Izraelio Netanyahu susiduria su palestinie\u010diams palankiais protestais\u201c\" width=\"640\" height=\"360\" data-src=\"https:\/\/i0.wp.com\/media.globalnews.ca\/videostatic\/news\/vn0kse549b-27qf0lp3n6\/Netanyahu_protest_web.jpg?w=1040&amp;quality=70&amp;strip=all\" loading=\"lazy\" srcset=\"\" sizes=\"auto, \" data-srcset=\"https:\/\/i0.wp.com\/media.globalnews.ca\/videostatic\/news\/vn0kse549b-27qf0lp3n6\/Netanyahu_protest_web.jpg?w=450#038;quality=70&amp;strip=all 450w,https:\/\/i0.wp.com\/media.globalnews.ca\/videostatic\/news\/vn0kse549b-27qf0lp3n6\/Netanyahu_protest_web.jpg?w=720#038;quality=70&amp;strip=all 720w,https:\/\/i0.wp.com\/media.globalnews.ca\/videostatic\/news\/vn0kse549b-27qf0lp3n6\/Netanyahu_protest_web.jpg?w=1040#038;quality=70&amp;strip=all 1040w,\" data-sizes=\"(min-width: 1040px) 1040px,(min-width: 720px) 720px,450px\"\/><br \/>\n\t\t\t\t\t\t\t\t\t\t\t\t<span class=\"c-video__overlay\"><\/p>\n<p>\n\t\t\t\t\t\t\t\t\t\t\t\t\t\t\t\t\t<time class=\"c-video__duration\">3:15<\/time><br \/>\n\t\t\t\t\t\t\t\t\t\t\t\t\t\t\t\t\t\t\t\t\t\t\t\t\t<span class=\"c-video__title\">Izraelio Netanyahu per JAV vizit\u0105 susiduria su palestinie\u010diams palankiais protestais<\/span>\n\t\t\t\t\t\t\t\t\t\t\t\t\t\t\t<\/p>\n<p>\t\t\t\t\t\t<\/span><br \/>\n\t\t\t\t\t\t\t\t\t\t\t<\/span>\n\t\t\t\t<\/div>\n<\/p><\/div>\n<\/p><\/div>\n<p>Harris ketvirtadien\u012f parei\u0161k\u0117 esanti pasipiktinusi, kad kai kurie protestuotojai \u0161alia JAV Kapitolijaus pa\u017eym\u0117jo vietoves \u201eHamas\u201c remian\u010diais grafi\u010diais, i\u0161rei\u0161k\u0117 param\u0105 kovotojams ir sudegino JAV v\u0117liav\u0105 Union stotyje.<\/p>\n<div class=\"c-ad c-ad--bigbox l-article__ad\">\n<p>Istorija t\u0119siasi po skelbimu<\/p>\n<\/p><\/div>\n<p>\u201ePro-Hamas grafi\u010diai ir retorika yra pasibjaur\u0117tini ir mes neturime to toleruoti savo tautoje\u201c, \u2013 sakoma Harriso prane\u0161ime.  \u201eSmerkiu Amerikos v\u0117liavos deginim\u0105.  Ta v\u0117liava yra m\u016bs\u0173, kaip tautos, auk\u0161\u010diausi\u0173 ideal\u0173 simbolis ir rei\u0161kia Amerikos pa\u017ead\u0105.  Jis niekada netur\u0117t\u0173 b\u016bti i\u0161niekintas tokiu b\u016bdu\u201c.<\/p>\n<p>Ketvirtadien\u012f prie Balt\u0173j\u0173 r\u016bm\u0173 susirink\u0119 protestuotojai skandavo \u201eSuimkite Netanjahu\u201c ir atsine\u0161\u0117 ministro pirmininko atvaizd\u0105 su krauju ant rank\u0173 ir d\u0117vint\u012f oran\u017ein\u012f kombinezon\u0105.  Nedidelis skai\u010dius protestuotoj\u0173 ant pe\u010di\u0173 ne\u0161iojo Izraelio v\u0117liavas.<\/p>\n<section id=\"sophi_article_widget\" class=\"l-inlineStories l-inlineStories--text l-inlineStories--sophi\" aria-label=\"More on World\" data-sophi-feature=\"article-world\">\n<\/section>\n<p>Trumpas ir jo s\u0105jungininkai respublikonai kritikavo Harris\u0105, kuris tre\u010diadien\u012f tur\u0117jo \u012fvyki\u0173 Indianoje ir Teksase, kad jis praleido Netanyahu kreipim\u0105si \u012f Kongres\u0105.  Viceprezidentas yra Senato prezidentas ir paprastai tokiam renginiui pirmininkaus kartu su Atstov\u0173 R\u016bm\u0173 pirmininku respublikonu Mike&#8217;u Johnsonu.  Balt\u0173j\u0173 r\u016bm\u0173 pareig\u016bnai teig\u0117, kad jos nedalyvavimas nebuvo menkas ir atsirado tik d\u0117l nesutarim\u0173 d\u0117l tvarkara\u0161\u010di\u0173.<\/p>\n<p>Respublikon\u0173 partijos kandidatas \u012f viceprezidentus senatorius JD Vance&#8217;as taip pat praleido savo kalb\u0105, kad prad\u0117t\u0173 kampanij\u0105.  Bidenas, b\u016bdamas viceprezidentu, praleido Netanyahu kreipim\u0105si \u012f Kongres\u0105 2015 m.<\/p>\n<p>Harris jau seniai kalb\u0117jo apie savo tvirt\u0105 param\u0105 Izraeliui.  2017 m. prad\u017eioje pirmoji jos kelion\u0117 \u012f Senat\u0105 buvo i\u0161vykusi \u012f Izrael\u012f, o vienas i\u0161 pirm\u0173j\u0173 jos veiksm\u0173 buvo pristatyti rezoliucij\u0105, prie\u0161taraujan\u010di\u0105 JT Saugumo Tarybos rezoliucijai, smerkian\u010diai Izrael\u012f.<\/p>\n<div class=\"c-ad c-ad--bigbox l-article__ad\">\n<p>Istorija t\u0119siasi po skelbimu<\/p>\n<\/p><\/div>\n<p>Ji taip pat kalb\u0117jo apie savo asmeninius ry\u0161ius su Izraeliu, \u012fskaitant prisiminimus apie vaikyst\u0117je surinkt\u0105 pinig\u0173 med\u017eiams Izraelyje sodinti, mezuzos \u012frengim\u0105 prie viceprezidento rezidencijos Va\u0161ingtone (jos vyras yra \u017eydas) priekini\u0173 dur\u0173 ir jos ry\u0161ius su pro- Izraelio grup\u0117s, \u012fskaitant konservatyv\u0173j\u012f Amerikos Izraelio vie\u0161\u0173j\u0173 reikal\u0173 komitet\u0105 ir liberali\u0105j\u0105 J Street.<\/p>\n<p>Harris per vis\u0105 konflikt\u0105 daugiausia buvo u\u017ekirstas kelias Bidenui, ta\u010diau kartais ji buvo grie\u017etesn\u0117s Bideno administracijos retorikos Izraelio at\u017evilgiu lyder\u0117.<\/p>\n<p>Kovo m\u0117nes\u012f Selmoje, Alabamos valstijoje, dien\u0105 prie\u0161 susitikim\u0105 su Netanyahu var\u017eovu ir Izraelio karo kabineto nariu Benny Gantzu ji pasinaudojo garsiu kreipiniu, nor\u0117dama pasmerkti palestinie\u010di\u0173 \u201ebadavim\u0105\u201c \u201ene\u017emoni\u0161komis\u201c s\u0105lygomis ir paraginti Izrael\u012f daryti daugiau. palengvinti civili\u0173 kan\u010dias Gazoje.<\/p>\n<p><em>AP ra\u0161ytojas Ashrafas Khalilas prisid\u0117jo prie prane\u0161im\u0173.<\/em><\/p>\n<\/p><\/div>\n<p><script defer src=\"https:\/\/connect.facebook.net\/en_US\/sdk.js#xfbml=1&#038;appId=318812448281278&#038;version=v3.3\"><\/script><br \/>\n<br \/><br \/>\n<br \/><a href=\"https:\/\/globalnews.ca\/news\/10644423\/israel-netanyahu-biden-harris-meetings\/\">Source link <\/a><\/p>\n","protected":false},"excerpt":{"rendered":"<p>Izraelio ministras pirmininkas Benjaminas Netanyahu Baltuosiuose r\u016bmuose ketvirtadien\u012f atskirai susitiko su prezidentu Joe Bidenas ir&#8230;<\/p>\n","protected":false},"author":1,"featured_media":2622,"comment_status":"open","ping_status":"open","sticky":false,"template":"","format":"standard","meta":{"_monsterinsights_skip_tracking":false,"_monsterinsights_sitenote_active":false,"_monsterinsights_sitenote_note":"","_monsterinsights_sitenote_category":0,"footnotes":""},"categories":[7],"tags":[],"class_list":["post-2621","post","type-post","status-publish","format-standard","has-post-thumbnail","hentry","category-pasaulio-naujienos"],"aioseo_notices":[],"_links":{"self":[{"href":"https:\/\/naujienulaikas.lt\/index.php\/wp-json\/wp\/v2\/posts\/2621","targetHints":{"allow":["GET"]}}],"collection":[{"href":"https:\/\/naujienulaikas.lt\/index.php\/wp-json\/wp\/v2\/posts"}],"about":[{"href":"https:\/\/naujienulaikas.lt\/index.php\/wp-json\/wp\/v2\/types\/post"}],"author":[{"embeddable":true,"href":"https:\/\/naujienulaikas.lt\/index.php\/wp-json\/wp\/v2\/users\/1"}],"replies":[{"embeddable":true,"href":"https:\/\/naujienulaikas.lt\/index.php\/wp-json\/wp\/v2\/comments?post=2621"}],"version-history":[{"count":0,"href":"https:\/\/naujienulaikas.lt\/index.php\/wp-json\/wp\/v2\/posts\/2621\/revisions"}],"wp:featuredmedia":[{"embeddable":true,"href":"https:\/\/naujienulaikas.lt\/index.php\/wp-json\/wp\/v2\/media\/2622"}],"wp:attachment":[{"href":"https:\/\/naujienulaikas.lt\/index.php\/wp-json\/wp\/v2\/media?parent=2621"}],"wp:term":[{"taxonomy":"category","embeddable":true,"href":"https:\/\/naujienulaikas.lt\/index.php\/wp-json\/wp\/v2\/categories?post=2621"},{"taxonomy":"post_tag","embeddable":true,"href":"https:\/\/naujienulaikas.lt\/index.php\/wp-json\/wp\/v2\/tags?post=2621"}],"curies":[{"name":"wp","href":"https:\/\/api.w.org\/{rel}","templated":true}]}}