{"id":2627,"date":"2024-07-27T07:17:07","date_gmt":"2024-07-27T07:17:07","guid":{"rendered":"https:\/\/naujienulaikas.lt\/index.php\/2024\/07\/27\/trudeau-ragina-izraeli-reaguoti-i-jt-teismo-nuomone-del-vakaru-kranto-gazos-nacionalinio\/"},"modified":"2024-07-27T07:17:07","modified_gmt":"2024-07-27T07:17:07","slug":"trudeau-ragina-izraeli-reaguoti-i-jt-teismo-nuomone-del-vakaru-kranto-gazos-nacionalinio","status":"publish","type":"post","link":"https:\/\/naujienulaikas.lt\/index.php\/2024\/07\/27\/trudeau-ragina-izraeli-reaguoti-i-jt-teismo-nuomone-del-vakaru-kranto-gazos-nacionalinio\/","title":{"rendered":"Trudeau ragina Izrael\u012f reaguoti \u012f JT teismo nuomon\u0119 d\u0117l Vakar\u0173 Kranto, Gazos \u2013 nacionalinio"},"content":{"rendered":"<p> <br \/>\n<\/p>\n<div id=\"\">\n<p>ministras Pirmininkas <a href=\"https:\/\/globalnews.ca\/tag\/justin-trudeau\" target=\"_blank\" rel=\"noopener\">Justinas Trudeau<\/a> paragino <a href=\"https:\/\/globalnews.ca\/tag\/israel\" target=\"_blank\" rel=\"noopener\">Izraelis<\/a> \u201ei\u0161 esm\u0117s reaguoti\u201c \u012f auk\u0161\u010diausiojo Jungtini\u0173 Taut\u0173 teismo neseniai paskelbt\u0105 patariam\u0105j\u0105 nuomon\u0119, kad Izraelio buvimas okupuotoje <a href=\"https:\/\/globalnews.ca\/tag\/palestinian-territories\" target=\"_blank\" rel=\"noopener\">Palestinos teritorijos<\/a> yra neteis\u0117ta ir kad ji tur\u0117t\u0173 baigtis.<\/p>\n<p><img decoding=\"async\" src=\"https:\/\/d21y75miwcfqoq.cloudfront.net\/70c8fc80\" alt=\"\" style=\"position:absolute;width:1px;height:1px\" referrerpolicy=\"no-referrer-when-downgrade\"\/><\/p>\n<p>Pra\u0117jusi\u0105 savait\u0119 paskelbta ne\u012fpareigojanti Tarptautinio Teisingumo Teismo nuomon\u0117 buvo precedento neturintis, platus Izraelio vald\u017eios pasmerkimas \u017eem\u0117ms, kurias jis u\u017e\u0117m\u0117 prie\u0161 57 metus.<\/p>\n<p>Trudeau atsak\u0117 \u012f teismo patarim\u0105 penktadien\u012f bendrame Kanados, Australijos ir Naujosios Zelandijos parei\u0161kime, kuriame raginama pakeisti atsiskaitymus Vakar\u0173 Krante.<\/p>\n<p>Ministro Pirmininko biuro paskelbtame parei\u0161kime Izraelis raginamas \u201eu\u017etikrinti atsakomyb\u0119 u\u017e ekstremist\u0173 naujakuri\u0173 vykdomus smurto veiksmus prie\u0161 palestinie\u010dius, panaikinti rekordin\u012f gyvenvie\u010di\u0173 i\u0161plitim\u0105 Vakar\u0173 Krante, kuris yra neteis\u0117tas pagal tarptautin\u0119 teis\u0119, ir siekti dviej\u0173. \u2013 valstybinis sprendimas\u201c.<\/p>\n<div class=\"c-ad c-ad--bigbox l-article__ad\">\n<p>Istorija t\u0119siasi po skelbimu<\/p>\n<\/p><\/div>\n<p>Izraelio ministras pirmininkas Benjaminas Netanyahu pra\u0117jusi\u0105 savait\u0119 greitai pasmerk\u0117 ne\u012fpareigojan\u010di\u0105 nuomon\u0119 ir tvirtino, kad \u0161ios teritorijos yra \u017eyd\u0173 tautos istorin\u0117s t\u0117vyn\u0117s dalis.<\/p>\n<div class=\"l-article__part\" data-shortcode=\"tp_video\">\n<div class=\"c-video c-videoPlay \" data-iframe-receiver=\"\" data-autoplay=\"\" data-displayinline-featured=\"false\" data-displayinline-type=\"video\" data-displayinline-player-id=\"miniplayer_10524304_66a48cfe0ce7e\" data-displayinline-video-id=\"10524304\" data-displayinline-ratio=\"16:9\" data-displayinline=\"https:\/\/globalnews.ca\/video\/embed\/10524304\/#autoplay&amp;stickyiframe=miniplayer_10524304_66a48cfe0ce7e\" data-displayinline-sticky=\"true\">\n<div class=\"c-video__inner\">\n\t\t\t\t\t<span class=\"c-video__placeholder\"><br \/>\n\t\t\t\t\t\t<img class=\"c-video__image\" alt=\"Spustel\u0117kite, jei norite paleisti vaizdo \u012fra\u0161\u0105: \u201eTeisiniai sprendimai prie\u0161 Izrael\u012f po ICJ sprendimo\u201c\" width=\"640\" height=\"360\" data-src=\"https:\/\/i1.wp.com\/assets.news.corusappservices.com\/upload\/news\/FRI_GN_CRYSTAL_SITE_THUMB_240524.jpg?w=1040&amp;quality=70&amp;strip=all\" loading=\"lazy\" srcset=\"\" sizes=\"auto, \" data-srcset=\"https:\/\/i1.wp.com\/assets.news.corusappservices.com\/upload\/news\/FRI_GN_CRYSTAL_SITE_THUMB_240524.jpg?w=450#038;quality=70&amp;strip=all 450w,https:\/\/i1.wp.com\/assets.news.corusappservices.com\/upload\/news\/FRI_GN_CRYSTAL_SITE_THUMB_240524.jpg?w=720#038;quality=70&amp;strip=all 720w,https:\/\/i1.wp.com\/assets.news.corusappservices.com\/upload\/news\/FRI_GN_CRYSTAL_SITE_THUMB_240524.jpg?w=1040#038;quality=70&amp;strip=all 1040w,\" data-sizes=\"(min-width: 1040px) 1040px,(min-width: 720px) 720px,450px\"\/><br \/>\n\t\t\t\t\t\t\t\t\t\t\t\t<span class=\"c-video__overlay\"><\/p>\n<p>\n\t\t\t\t\t\t\t\t\t\t\t\t\t\t\t\t\t<time class=\"c-video__duration\">2:15<\/time><br \/>\n\t\t\t\t\t\t\t\t\t\t\t\t\t\t\t\t\t\t\t\t\t\t\t\t\t<span class=\"c-video__title\">Teisiniai sprendimai, kylantys prie\u0161 Izrael\u012f po TTT sprendimo<\/span>\n\t\t\t\t\t\t\t\t\t\t\t\t\t\t\t<\/p>\n<p>\t\t\t\t\t\t<\/span><br \/>\n\t\t\t\t\t\t\t\t\t\t\t<\/span>\n\t\t\t\t<\/div>\n<\/p><\/div>\n<\/p><\/div>\n<p>Ra\u0161ytiniuose parei\u0161kimuose Izraelis teig\u0117, kad teismui pateikti klausimai neatspindi Izraelio saugumo problem\u0173.  Izraelio pareig\u016bnai teig\u0117, kad teismo \u012fsiki\u0161imas gali pakenkti taikos procesui, kuris susting\u0119s daugiau nei de\u0161imtmet\u012f.<\/p>\n<div class=\"c-textSignup\" data-gnca-ab-test=\"nltr-article-box\" data-gnca-ab-variation=\"control\">\n\t\t\t<strong><\/p>\n<p>\t\t\t\tNaujausios naujienos i\u0161 Kanados ir viso pasaulio\t\t\t\t<a class=\"c-textSignup__link\" href=\"https:\/\/globalnews.ca\/news\/10646345\/trudeau-israel-icj-ruling-palestinian-territories\/javascript:void(0)\" data-micromodal-trigger=\"newsletter-signup\" data-trackable=\"true\" data-trackaction=\"article | newsletter signup text\"><br \/>\n\t\t\t\t i\u0161si\u0173stas \u012f j\u016bs\u0173 el. lai\u0161k\u0105, kaip tai atsitiks.<br \/>\n\t\t\t\t<\/a><br \/>\n\t\t\t<\/strong>\n\t\t<\/div>\n<p>\t\t<!-- A\/B test begins --><\/p>\n<div class=\"c-textSignup c-textSignup--abtest\" data-gnca-ab-test=\"nltr-article-box\" data-gnca-ab-variation=\"test\">\n<div class=\"c-textSignup__abimage\">\n\t\t\t\t<img decoding=\"async\" width=\"170\" height=\"225\" loading=\"lazy\" src=\"https:\/\/globalnews.ca\/wp-content\/themes\/shaw-globalnews\/images\/skyline\/national.jpg\" alt=\"Jei norite gauti naujien\u0173, turin\u010di\u0173 \u012ftakos Kanadai ir visam pasauliui, prisiregistruokite gauti naujausi\u0173 naujien\u0173 \u012fsp\u0117jimus, kurie jums bus pristatyti jiems \u012fvykus.\"\/>\n\t\t\t<\/div>\n<div class=\"c-textSignup__abcontent\">\n<h3>Gaukite naujausias nacionalines naujienas<\/h3>\n<p>Jei norite gauti naujien\u0173, turin\u010di\u0173 \u012ftakos Kanadai ir visam pasauliui, prisiregistruokite gauti naujausi\u0173 naujien\u0173 \u012fsp\u0117jimus, kurie jums bus pristatyti jiems \u012fvykus.<\/p>\n<div class=\"c-textSignup__abdisclaimer\">Nurodydami savo el. pa\u0161to adres\u0105, j\u016bs perskait\u0117te ir sutinkate su \u201eGlobal News\u201c <a href=\"https:\/\/www.corusent.com\/terms-of-use\/\" target=\"_blank\" rel=\"noopener\">Taisykl\u0117s ir s\u0105lygos<\/a> ir <a href=\"https:\/\/www.corusent.com\/privacy-policy\/\" target=\"_blank\" rel=\"noopener\">Privatumo politika<\/a>.<\/div>\n<\/p><\/div>\n<\/p><\/div>\n<p>\t\t<!-- A\/B test ends --><\/p>\n<p>\u201e\u017dyd\u0173 \u017emon\u0117s n\u0117ra u\u017ekariautojai savo \u017eem\u0117je \u2013 ne m\u016bs\u0173 am\u017einojoje sostin\u0117je Jeruzal\u0117je ir ne m\u016bs\u0173 prot\u0117vi\u0173 \u017eem\u0117je Jud\u0117joje ir Samarijoje\u201c, \u2013 sakoma Netanyahu pra\u0117jusi\u0105 savait\u0119 savo biuro paskelbtame parei\u0161kime, vartodamas biblinius terminus. Vakar\u0173 krantas.<\/p>\n<p>\u201eJoks klaidingas sprendimas Hagoje nei\u0161kreips \u0161ios istorin\u0117s tiesos, o Izraelio \u012fsik\u016brimo teis\u0117tumas visose m\u016bs\u0173 t\u0117vyn\u0117s teritorijose negali b\u016bti u\u017egin\u010dytas\u201c.<\/p>\n<div class=\"c-ad c-ad--bigbox l-article__ad\">\n<p>Istorija t\u0119siasi po skelbimu<\/p>\n<\/p><\/div>\n<p>Teismas nurod\u0117, kad Izraelis neturi teis\u0117s \u012f suverenitet\u0105 teritorijose, pa\u017eeid\u017eia tarptautinius \u012fstatymus, draud\u017eian\u010dius \u012fgyti teritorij\u0105 j\u0117ga ir trukdo palestinie\u010di\u0173 apsisprendimo teisei.<\/p>\n<p>Jame teigiama, kad kitos tautos yra \u012fpareigotos \u201enesuteikti pagalbos ar pagalbos palaikant\u201c Izraelio buvim\u0105 \u0161iose teritorijose.<\/p>\n<p>Kanados, Australijos ir Naujosios Zelandijos parei\u0161kimas ne\u017ead\u0117jo joki\u0173 ypating\u0173 veiksm\u0173 ar poky\u010di\u0173 j\u0173 pa\u010di\u0173 politikoje ar santykiuose su Izraeliu.<\/p>\n<p>\u201eIzraelis turi \u012fsiklausyti \u012f tarptautin\u0117s bendruomen\u0117s susir\u016bpinim\u0105\u201c, \u2013 sakoma parei\u0161kime.<\/p>\n<p>Teismo patarimas buvo paskelbtas Izraeliui sulaukus vis stipr\u0117jan\u010dios pasaulin\u0117s kritikos d\u0117l t\u016bkstan\u010di\u0173 palestinie\u010di\u0173 \u017e\u016b\u010di\u0173 ir kan\u010di\u0173 Gazos ruo\u017ee, kur\u012f nusiaub\u0117 konfliktas tarp Izraelio ir \u201eHamas\u201c.<\/p>\n<p>\u201eCivi\u0173 apsauga yra svarbiausia ir jos reikalavimas pagal tarptautin\u0119 humanitarin\u0119 teis\u0119.  Palestinos civiliai negali b\u016bti priversti mok\u0117ti u\u017e \u201eHamas\u201c nugal\u0117jim\u0105.  Tai turi baigtis\u201c, \u2013 sakoma \u0161ali\u0173 parei\u0161kime.<\/p>\n<div class=\"l-article__part\" data-shortcode=\"tp_video\">\n<div class=\"c-video c-videoPlay \" data-iframe-receiver=\"\" data-autoplay=\"\" data-displayinline-featured=\"false\" data-displayinline-type=\"video\" data-displayinline-player-id=\"miniplayer_10264612_66a48cfe0d6f1\" data-displayinline-video-id=\"10264612\" data-displayinline-ratio=\"16:9\" data-displayinline=\"https:\/\/globalnews.ca\/video\/embed\/10264612\/#autoplay&amp;stickyiframe=miniplayer_10264612_66a48cfe0d6f1\" data-displayinline-sticky=\"true\">\n<div class=\"c-video__inner\">\n\t\t\t\t\t<span class=\"c-video__placeholder\"><br \/>\n\t\t\t\t\t\t<img class=\"c-video__image\" alt=\"Spustel\u0117kite, jei norite paleisti vaizdo \u012fra\u0161\u0105: \u201eUkraina susiduria su teisin\u0117mis nes\u0117km\u0117mis, nes Pasaulio teismas atmet\u0117 daugyb\u0119 Rusijos byl\u0173 d\u0117l JT sutarties pa\u017eeidimo\u201c\" width=\"640\" height=\"360\" data-src=\"https:\/\/i2.wp.com\/media.globalnews.ca\/videostatic\/news\/zca89ft5tq-h4vzoi4p55\/ICJ_VMS.jpg?w=1040&amp;quality=70&amp;strip=all\" loading=\"lazy\" srcset=\"\" sizes=\"auto, \" data-srcset=\"https:\/\/i2.wp.com\/media.globalnews.ca\/videostatic\/news\/zca89ft5tq-h4vzoi4p55\/ICJ_VMS.jpg?w=450#038;quality=70&amp;strip=all 450w,https:\/\/i2.wp.com\/media.globalnews.ca\/videostatic\/news\/zca89ft5tq-h4vzoi4p55\/ICJ_VMS.jpg?w=720#038;quality=70&amp;strip=all 720w,https:\/\/i2.wp.com\/media.globalnews.ca\/videostatic\/news\/zca89ft5tq-h4vzoi4p55\/ICJ_VMS.jpg?w=1040#038;quality=70&amp;strip=all 1040w,\" data-sizes=\"(min-width: 1040px) 1040px,(min-width: 720px) 720px,450px\"\/><br \/>\n\t\t\t\t\t\t\t\t\t\t\t\t<span class=\"c-video__overlay\"><\/p>\n<p>\n\t\t\t\t\t\t\t\t\t\t\t\t\t\t\t\t\t<time class=\"c-video__duration\">3:02<\/time><br \/>\n\t\t\t\t\t\t\t\t\t\t\t\t\t\t\t\t\t\t\t\t\t\t\t\t\t<span class=\"c-video__title\">Pasaulio teismui atmetus daugyb\u0119 Rusijos JT sutarties pa\u017eeidimo byl\u0173, Ukrainai gresia teisin\u0117 nes\u0117km\u0117<\/span>\n\t\t\t\t\t\t\t\t\t\t\t\t\t\t\t<\/p>\n<p>\t\t\t\t\t\t<\/span><br \/>\n\t\t\t\t\t\t\t\t\t\t\t<\/span>\n\t\t\t\t<\/div>\n<\/p><\/div>\n<\/p><\/div>\n<section id=\"content-dynamic-trending-stories\" class=\"l-inlineStories l-inlineStories--tile u-hide-tablet-landscape\" aria-label=\"Dynamic trending stories section\">\n<p>\n\t\t<span class=\"l-inlineStories__title c-heading c-heading--strikethrough\">Dabar populiaru<\/span>\n\t<\/p>\n<ul class=\"l-inlineStories__posts c-posts c-posts--inline \">\n<li class=\"c-posts__item\">\n\t\t\t<a href=\"https:\/\/globalnews.ca\/news\/10646099\/celine-dion-olympics-performance-opening-ceremony-paris-2024\/\" class=\"c-posts__inner\"><\/p>\n<div class=\"c-posts__media \">\n\t\t\t\t\t\t<img class=\"c-posts__thumbnail\" data-src=\"https:\/\/globalnews.ca\/wp-content\/uploads\/2024\/07\/GettyImages-2162967063.jpg?quality=85&amp;strip=all&amp;w=336&amp;h=224&amp;crop=1\" loading=\"lazy\" width=\"336\" height=\"224\" alt=\"\"\/>\n\t\t\t\t\t\t\t\t\t\t\t\t\t<\/div>\n<div class=\"c-posts__details\">\n<p>\n\t\t\t\t<span class=\"c-posts__headlineText\" title=\"C\u00e9line Dion\u2019s back! Showstopping Olympic performance marks return to stage\" data-title=\"\">C\u00e9line Dion gr\u012f\u017eo!  \u012e scen\u0105 gr\u012f\u017eta \u012fsp\u016bdingi olimpiniai pasirodymai<\/span>\n\t<\/p>\n<\/p><\/div>\n<p>\t\t\t<\/a>\n\t\t<\/li>\n<li class=\"c-posts__item\">\n\t\t\t<a href=\"https:\/\/globalnews.ca\/news\/10646385\/canada-multivitamin-supplement-recall\/\" class=\"c-posts__inner\"><\/p>\n<div class=\"c-posts__media \">\n\t\t\t\t\t\t<img class=\"c-posts__thumbnail\" data-src=\"https:\/\/globalnews.ca\/wp-content\/uploads\/2024\/07\/multi-vitamin-recall.jpg?quality=85&amp;strip=all&amp;w=336&amp;h=224&amp;crop=1\" loading=\"lazy\" width=\"336\" height=\"224\" alt=\"\"\/>\n\t\t\t\t\t\t\t\t\t\t\t\t\t<\/div>\n<div class=\"c-posts__details\">\n<p>\n\t\t\t\t<span class=\"c-posts__headlineText\" title=\"\u2018Metal fibres\u2019 may be in these multivitamins, supplements: Health Canada\" data-title=\"\">\u201eMetalo pluo\u0161to\u201c gali b\u016bti \u0161iuose multivitaminuose, papilduose: \u201eHealth Canada\u201c.<\/span>\n\t<\/p>\n<\/p><\/div>\n<p>\t\t\t<\/a>\n\t\t<\/li>\n<\/ul>\n<\/section>\n<p>Kanada, Australija ir Naujoji Zelandija dar kart\u0105 ragino nedelsiant nutraukti ugn\u012f ir parei\u0161k\u0117, kad palaiko si\u016blom\u0105 susitarim\u0105, kur\u012f i\u0161d\u0117st\u0117 Jungtini\u0173 Valstij\u0173 prezidentas Joe Bidenas ir kur\u012f patvirtino JT Saugumo Taryba.<\/p>\n<div class=\"c-ad c-ad--bigbox l-article__ad\">\n<p>Istorija t\u0119siasi po skelbimu<\/p>\n<\/p><\/div>\n<p>\u201eKvie\u010diame konflikto \u0161alis sutikti su sandoriu.  Bet koks delsimas tik praras daugiau gyvybi\u0173\u201c, \u2013 sak\u0117 jie.<\/p>\n<p>Kanada, Australija ir Naujoji Zelandija teigia, kad \u201eHamas\u201c turi pad\u0117ti ginklus ir paleisti visus Izraelio \u012fkaitus ir nemato \u201eHamas\u201c vaidmens b\u016bsimame Gazos valdyme ir galutiniame dviej\u0173 valstybi\u0173 sprendime.<\/p>\n<p>Izraelio ambasadorius Kanadoje Iddo Moedas sak\u0117, kad raginimas rasti dviej\u0173 valstybi\u0173 sprendim\u0105 \u0161iuo metu nesutampa su realybe regione ir nesi\u016blo praktin\u0117s pagalbos palestinie\u010diams.<\/p>\n<section id=\"sophi_article_widget\" class=\"l-inlineStories l-inlineStories--text l-inlineStories--sophi\" aria-label=\"More on Canada\" data-sophi-feature=\"article-canada\">\n<\/section>\n<p>Karo veiksm\u0173 Gazoje pabaiga priklauso nuo to, ar \u201eHamas\u201c paleis daugiau nei 100 \u012fkait\u0173, pad\u0117s ginklus ir nebenaudos palestinie\u010di\u0173 civili\u0173 skyd\u0173, sakoma jo penktadien\u012f paskelbtame parei\u0161kime.<\/p>\n<p>\u201eIzraelis ir toliau ginsis nuo prie\u0161i\u0161k\u0173 i\u0161puoli\u0173 septyniuose frontuose, kuriuos vykdo Iranas per savo \u012fgaliotinius regione\u201c, \u2013 sakoma Moedo parei\u0161kime.<\/p>\n<p>\u201eRaginame Kanad\u0105, kaip taut\u0105, kuri vertina tarptautin\u0119 teis\u0119 ir j\u0105 palaikan\u010dias institucijas, padaryti visk\u0105, kas \u012fmanoma, kad tie, kurie bando sugriauti pasaulin\u0119 tvark\u0105, nepasiekt\u0173 savo tiksl\u0173.<\/p>\n<p>Konfliktas Gazoje prasid\u0117jo po to, kai \u201eHamas\u201c spalio 7 dien\u0105 Izraelyje sureng\u0117 teroristin\u012f i\u0161puol\u012f, per kur\u012f \u017euvo ma\u017edaug 1 200 \u017emoni\u0173.  \u201eHamas\u201c valdoma sveikatos apsaugos ministerija Gazoje teigia, kad per konflikt\u0105 \u017euvo daugiau nei 39 100 palestinie\u010di\u0173.<\/p>\n<div class=\"c-ad c-ad--bigbox l-article__ad\">\n<p>Istorija t\u0119siasi po skelbimu<\/p>\n<\/p><\/div>\n<p>Bendrame parei\u0161kime trys \u0161alys i\u0161rei\u0161k\u0117 susir\u016bpinim\u0105 d\u0117l galimo konflikto eskalavimo ir plitimo d\u0117l Irano ir husi\u0173 i\u0161puoli\u0173 prie\u0161 Izrael\u012f bei nestabilios ir vis labiau prie\u0161i\u0161kos pad\u0117ties prie Libano sienos tarp Izraelio ir teroristin\u0117s organizacijos \u201eHezbollah\u201c. .<\/p>\n<\/p><\/div>\n<div>\n<p>\t\t&#038;kopija 2024 The Canadian Press\t<\/p>\n<\/div>\n<p><script defer src=\"https:\/\/connect.facebook.net\/en_US\/sdk.js#xfbml=1&#038;appId=318812448281278&#038;version=v3.3\"><\/script><br \/>\n<br \/><br \/>\n<br \/><a href=\"https:\/\/globalnews.ca\/news\/10646345\/trudeau-israel-icj-ruling-palestinian-territories\/\">Source link <\/a><\/p>\n","protected":false},"excerpt":{"rendered":"<p>ministras Pirmininkas Justinas Trudeau paragino Izraelis \u201ei\u0161 esm\u0117s reaguoti\u201c \u012f auk\u0161\u010diausiojo Jungtini\u0173 Taut\u0173 teismo neseniai&#8230;<\/p>\n","protected":false},"author":1,"featured_media":2628,"comment_status":"open","ping_status":"open","sticky":false,"template":"","format":"standard","meta":{"_monsterinsights_skip_tracking":false,"_monsterinsights_sitenote_active":false,"_monsterinsights_sitenote_note":"","_monsterinsights_sitenote_category":0,"footnotes":""},"categories":[7],"tags":[],"class_list":["post-2627","post","type-post","status-publish","format-standard","has-post-thumbnail","hentry","category-pasaulio-naujienos"],"aioseo_notices":[],"_links":{"self":[{"href":"https:\/\/naujienulaikas.lt\/index.php\/wp-json\/wp\/v2\/posts\/2627","targetHints":{"allow":["GET"]}}],"collection":[{"href":"https:\/\/naujienulaikas.lt\/index.php\/wp-json\/wp\/v2\/posts"}],"about":[{"href":"https:\/\/naujienulaikas.lt\/index.php\/wp-json\/wp\/v2\/types\/post"}],"author":[{"embeddable":true,"href":"https:\/\/naujienulaikas.lt\/index.php\/wp-json\/wp\/v2\/users\/1"}],"replies":[{"embeddable":true,"href":"https:\/\/naujienulaikas.lt\/index.php\/wp-json\/wp\/v2\/comments?post=2627"}],"version-history":[{"count":0,"href":"https:\/\/naujienulaikas.lt\/index.php\/wp-json\/wp\/v2\/posts\/2627\/revisions"}],"wp:featuredmedia":[{"embeddable":true,"href":"https:\/\/naujienulaikas.lt\/index.php\/wp-json\/wp\/v2\/media\/2628"}],"wp:attachment":[{"href":"https:\/\/naujienulaikas.lt\/index.php\/wp-json\/wp\/v2\/media?parent=2627"}],"wp:term":[{"taxonomy":"category","embeddable":true,"href":"https:\/\/naujienulaikas.lt\/index.php\/wp-json\/wp\/v2\/categories?post=2627"},{"taxonomy":"post_tag","embeddable":true,"href":"https:\/\/naujienulaikas.lt\/index.php\/wp-json\/wp\/v2\/tags?post=2627"}],"curies":[{"name":"wp","href":"https:\/\/api.w.org\/{rel}","templated":true}]}}