{"id":2694,"date":"2024-08-07T17:34:14","date_gmt":"2024-08-07T17:34:14","guid":{"rendered":"https:\/\/naujienulaikas.lt\/index.php\/2024\/08\/07\/paryziaus-meras-paleido-f-bombu-serija-olimpines-atidarymo-ceremonijos-kritikams-nacionaliniam\/"},"modified":"2024-08-07T17:34:14","modified_gmt":"2024-08-07T17:34:14","slug":"paryziaus-meras-paleido-f-bombu-serija-olimpines-atidarymo-ceremonijos-kritikams-nacionaliniam","status":"publish","type":"post","link":"https:\/\/naujienulaikas.lt\/index.php\/2024\/08\/07\/paryziaus-meras-paleido-f-bombu-serija-olimpines-atidarymo-ceremonijos-kritikams-nacionaliniam\/","title":{"rendered":"Pary\u017eiaus meras paleido F-bomb\u0173 serij\u0105 olimpin\u0117s atidarymo ceremonijos kritikams \u2013 Nacionaliniam"},"content":{"rendered":"<p> <br \/>\n<\/p>\n<div id=\"\">\n<p><a href=\"https:\/\/globalnews.ca\/tag\/paris-mayor\/\" target=\"_blank\" rel=\"noopener\">Pary\u017eiaus meras<\/a> Anne Hidalgo nevyniojo \u017eod\u017ei\u0173 \u012f vat\u0105, prad\u0117dama priekai\u0161t\u0173 kupin\u0105 tirad\u0105 prie\u0161 tuos, kurie kritikavo <a href=\"https:\/\/globalnews.ca\/tag\/paris-2024\/\" target=\"_blank\" rel=\"noopener\">Olimpin\u0117s atidarymo ceremonija,<\/a> gindamas re\u017eisieri\u0173 ir spektakl\u012f surengusius menininkus.<\/p>\n<p><img decoding=\"async\" src=\"https:\/\/d21y75miwcfqoq.cloudfront.net\/70c8fc80\" alt=\"\" style=\"position:absolute;width:1px;height:1px\" referrerpolicy=\"no-referrer-when-downgrade\"\/><\/p>\n<p>The <a href=\"https:\/\/globalnews.ca\/tag\/international-olympic-committee\/\" target=\"_blank\" rel=\"noopener\">Tarptautinis olimpinis komitetas<\/a> (IOC) savoti\u0161kai atsipra\u0161\u0117 vis\u0173, kuriuos \u012f\u017eeid\u0117 \u017eaidyni\u0173 atidarymo ceremonija, kuri ap\u0117m\u0117 stipri\u0105 LGBTQ2 atstovyb\u0119 ir istorines temas. <a href=\"https:\/\/globalnews.ca\/tag\/anne-hidalgo\/\" target=\"_blank\" rel=\"noopener\">Hidalgo<\/a>kita vertus, liep\u0117 jiems nusileisti.<\/p>\n<p>\u201eK \u2013 tai reakcionieriai, \u0161itaip kra\u0161tutin\u0117 de\u0161in\u0117, ne \u2013 visi tie, kurie nor\u0117t\u0173 mus \u012ftraukti \u012f vis\u0173 kar\u0105 prie\u0161 visus\u201c, \u2013 sak\u0117 ji antradien\u012f publikuotame interviu \u201eLe Monde\u201c. <a href=\"https:\/\/www.lemonde.fr\/en\/politics\/article\/2024\/08\/07\/paris-mayor-anne-hidalgo-the-message-of-the-far-right-is-crushed-by-these-games-and-the-opening-ceremony_6710790_5.html\" target=\"_blank\" rel=\"noopener\">ypa\u010d naudojant keiksma\u017eod\u012f angl\u0173 kalba<\/a>.<\/p>\n<p>Religiniai ir politiniai konservatoriai i\u0161 viso pasaulio pasmerk\u0117 ypa\u010d vien\u0105 ceremonijos segment\u0105, kur lentel\u0119 tariamai primena Leonardo da Vinci. <em>Paskutin\u0117 vakarien\u0117<\/em> pasirod\u0117 drag queens ir kiti atlik\u0117jai konfig\u016bracija, primenanti J\u0117z\u0173 Krist\u0173 ir jo apa\u0161talus.<\/p>\n<div class=\"c-ad c-ad--bigbox l-article__ad c-ad--tallSticky\">\n<p>Istorija t\u0119siasi po skelbimu<\/p>\n<\/p><\/div>\n<p>Pranc\u016bzijos Katalik\u0173 Ba\u017eny\u010dios vyskup\u0173 konferencija \u0161\u012f segment\u0105 pavadino \u201epajuokos scenomis\u201c, kurios, anot j\u0173, buvo pasity\u010diojimas i\u0161 krik\u0161\u010dionyb\u0117s \u2013 toki\u0105 nuotaik\u0105 pakartojo Rusijos u\u017esienio reikal\u0173 ministerijos atstov\u0117 Marija Zacharova.  Anglikon\u0173 komunija Egipte i\u0161rei\u0161k\u0117 \u201edid\u017eiul\u012f apgailestavim\u0105\u201c, sakydama, kad d\u0117l ceremonijos TOK gali \u201eprarasti savo i\u0161skirtin\u012f sportin\u012f identitet\u0105 ir humanitarin\u0119 \u017eini\u0105\u201c.<\/p>\n<div class=\"l-article__part\" data-shortcode=\"caption\">\n<figure class=\"c-figure c-figure--alignnone c-figure--expandable\">\n<div class=\"c-figure__inner\"><figcaption class=\"c-figure__caption c-caption\">\n\t\t\t\t\t\t\t<span class=\"c-caption__desc\"><\/p>\n<p>\t\t\t\t\tDrag queens ruo\u0161iasi koncertuoti ant Debilly tilto Pary\u017eiuje per 2024 m. vasaros olimpini\u0173 \u017eaidyni\u0173 atidarymo ceremonij\u0105, penktadien\u012f, 2024 m. liepos 26 d.\t\t\t\t<\/span><br \/>\n\t\t\t\t\t\t\t\t\t\t<cite class=\"c-caption__cite\"><\/p>\n<p>\t\t\t\t\tTsvangirayi Mukwazhi \/ The Associated Press\t\t\t\t<\/cite><br \/>\n\t\t\t\t\t<\/figcaption><\/div>\n<\/figure>\n<\/div>\n<p>10 met\u0173 mero pareigas \u0117jusi Hidalgo sak\u0117, kad taip <a href=\"https:\/\/www.lemonde.fr\/en\/politics\/article\/2024\/08\/07\/paris-mayor-anne-hidalgo-the-message-of-the-far-right-is-crushed-by-these-games-and-the-opening-ceremony_6710790_5.html\" target=\"_blank\" rel=\"noopener\">did\u017eiuojam\u0117s tuo, kaip buvo reprezentuojamas Pary\u017eius<\/a> pasauliui atidarymo ceremonijoje.<\/p>\n<div class=\"c-textSignup\" data-gnca-ab-test=\"nltr-article-box\" data-gnca-ab-variation=\"control\">\n\t\t\t<strong><\/p>\n<p>\t\t\t\tEl. pa\u0161to adresas, kurio jums reikia dienai\t\t\t\t<a class=\"c-textSignup__link\" href=\"https:\/\/globalnews.ca\/news\/10685870\/paris-mayor-anne-hidalgo-opening-ceremony-f-bombs\/javascript:void(0)\" data-micromodal-trigger=\"newsletter-signup\" data-trackable=\"true\" data-trackaction=\"article | newsletter signup text\"><br \/>\n\t\t\t\t populiariausios naujienos i\u0161 Kanados ir viso pasaulio.<br \/>\n\t\t\t\t<\/a><br \/>\n\t\t\t<\/strong>\n\t\t<\/div>\n<p>\t\t<!-- A\/B test begins --><\/p>\n<div class=\"c-textSignup c-textSignup--abtest\" data-gnca-ab-test=\"nltr-article-box\" data-gnca-ab-variation=\"test\">\n<div class=\"c-textSignup__abimage\">\n\t\t\t\t<img decoding=\"async\" width=\"170\" height=\"225\" loading=\"lazy\" src=\"https:\/\/globalnews.ca\/wp-content\/themes\/shaw-globalnews\/images\/skyline\/national.jpg\" alt=\"Kart\u0105 per dien\u0105 gaukite svarbiausi\u0173 dienos naujien\u0173, politini\u0173, ekonomini\u0173 ir aktualij\u0173 antra\u0161tes.\"\/>\n\t\t\t<\/div>\n<div class=\"c-textSignup__abcontent\">\n<h3>Gaukite kasdienes nacionalines naujienas<\/h3>\n<p>Kart\u0105 per dien\u0105 gaukite svarbiausi\u0173 dienos naujien\u0173, politini\u0173, ekonomini\u0173 ir aktualij\u0173 antra\u0161tes.<\/p>\n<div class=\"c-textSignup__abdisclaimer\">Nurodydami savo el. pa\u0161to adres\u0105, j\u016bs perskait\u0117te ir sutinkate su \u201eGlobal News\u201c <a href=\"https:\/\/www.corusent.com\/terms-of-use\/\" target=\"_blank\" rel=\"noopener\">Taisykl\u0117s ir s\u0105lygos<\/a> ir <a href=\"https:\/\/www.corusent.com\/privacy-policy\/\" target=\"_blank\" rel=\"noopener\">Privatumo politika<\/a>.<\/div>\n<\/p><\/div>\n<\/p><\/div>\n<p>\t\t<!-- A\/B test ends --><\/p>\n<p>\u201ePary\u017eius yra vis\u0173 laisvi\u0173 miestas, prieglobs\u010dio miestas LGBTQI+ \u017emon\u0117ms, miestas, kuriame \u017emon\u0117s gyvena kartu\u201c, \u2013 sak\u0117 ji \u201eLe Monde\u201c.<\/p>\n<p>Socialist\u0173 partijos meras taip pat sak\u0117, kad ceremonija ir olimpin\u0117s \u017eaidyn\u0117s yra viltingas ta\u0161kas kra\u0161tutini\u0173 de\u0161ini\u0173j\u0173 politin\u0117ms nuotaikoms Pranc\u016bzijoje ir likusioje Europoje.<\/p>\n<div class=\"c-ad c-ad--bigbox l-article__ad c-ad--tallSticky\">\n<p>Istorija t\u0119siasi po skelbimu<\/p>\n<\/p><\/div>\n<p>\u201eKra\u0161tutini\u0173 de\u0161ini\u0173j\u0173 prane\u0161im\u0173 siuntimas buvo <a href=\"https:\/\/www.lemonde.fr\/en\/politics\/article\/2024\/08\/07\/paris-mayor-anne-hidalgo-the-message-of-the-far-right-is-crushed-by-these-games-and-the-opening-ceremony_6710790_5.html\" target=\"_blank\" rel=\"noopener\">sugniu\u017edytas \u0161i\u0173 \u017eaidyni\u0173<\/a> ir iki atidarymo ceremonijos\u201c, \u2013 sak\u0117 ji.  &#8222;Vyksta ka\u017ekas ne\u012ftik\u0117tinai teigiamo.&#8221;<\/p>\n<p>Ceremonijos meno vadovas Thomas Jolly sak\u0117, kad sulauk\u0117 grasinim\u0173 mirtimi ir tapo kibernetini\u0173 paty\u010di\u0173 internete auka, ir atitolino savo scen\u0105 nuo bet koki\u0173 \u201ePaskutin\u0117s vakarien\u0117s\u201c paraleli\u0173 po ceremonijos, paai\u0161kindamas, kad scenoje tur\u0117jo b\u016bti pavaizduota pagoni\u0161ka puota, susijusi su Olimpo dievai.<\/p>\n<div class=\"l-article__part\" data-shortcode=\"caption\">\n<figure class=\"c-figure c-figure--alignnone c-figure--expandable\">\n<div class=\"c-figure__inner\"><figcaption class=\"c-figure__caption c-caption\">\n\t\t\t\t\t\t\t<span class=\"c-caption__desc\"><\/p>\n<p>\t\t\t\t\t2024 m. liepos 26 d., penktadien\u012f, Pary\u017eiuje, 2024 m. vasaros olimpini\u0173 \u017eaidyni\u0173 atidarymo ceremonijoje, \u201eTrocadero\u201c renginio vietos ap\u017evalga su Eifelio bok\u0161tu fone.\t\t\t\t<\/span><br \/>\n\t\t\t\t\t\t\t\t\t\t<cite class=\"c-caption__cite\"><\/p>\n<p>\t\t\t\t\tFrancois-Xavier Marit \/ Baseino nuotrauka per AP\t\t\t\t<\/cite><br \/>\n\t\t\t\t\t<\/figcaption><\/div>\n<\/figure>\n<\/div>\n<section id=\"content-dynamic-trending-stories\" class=\"l-inlineStories l-inlineStories--tile u-hide-tablet-landscape\" aria-label=\"Dynamic trending stories section\">\n<p>\n\t\t<span class=\"l-inlineStories__title c-heading c-heading--strikethrough\">Dabar populiaru<\/span>\n\t<\/p>\n<ul class=\"l-inlineStories__posts c-posts c-posts--inline \">\n<li class=\"c-posts__item\">\n\t\t\t<a href=\"https:\/\/globalnews.ca\/news\/10683596\/tim-walz-kamala-harris-vp-explainer\/\" class=\"c-posts__inner\"><\/p>\n<div class=\"c-posts__media \">\n\t\t\t\t\t\t<img class=\"c-posts__thumbnail\" data-src=\"https:\/\/globalnews.ca\/wp-content\/uploads\/2024\/08\/CP215271115-e1722964569128.jpg?quality=85&amp;strip=all&amp;w=336&amp;h=224&amp;crop=1\" loading=\"lazy\" width=\"336\" height=\"224\" alt=\"\"\/>\n\t\t\t\t\t\t\t\t\t\t\t\t\t<\/div>\n<div class=\"c-posts__details\">\n<p>\n\t\t\t\t<span class=\"c-posts__headlineText\" title=\"Who is Tim Walz? What to know about Kamala Harris\u2019s running mate\" data-title=\"\">Kas yra Timas Walzas?  K\u0105 reikia \u017einoti apie Kamala Harris draug\u0119<\/span>\n\t<\/p>\n<\/p><\/div>\n<p>\t\t\t<\/a>\n\t\t<\/li>\n<li class=\"c-posts__item\">\n\t\t\t<a href=\"https:\/\/globalnews.ca\/news\/10683691\/paris-seine-triathletes-illness-olympics\/\" class=\"c-posts__inner\"><\/p>\n<div class=\"c-posts__media \">\n\t\t\t\t\t\t<img class=\"c-posts__thumbnail\" data-src=\"https:\/\/globalnews.ca\/wp-content\/uploads\/2024\/08\/paris-2024-triathlon-seine.jpg?quality=85&amp;strip=all&amp;w=336&amp;h=224&amp;crop=1\" loading=\"lazy\" width=\"336\" height=\"224\" alt=\"\"\/>\n\t\t\t\t\t\t\t\t\t\t\t\t\t<\/div>\n<div class=\"c-posts__details\">\n<p>\n\t\t\t\t<span class=\"c-posts__headlineText\" title=\"Olympic triathletes fall ill after River Seine swims. What we know so far\" data-title=\"\">Olimpiniai triatlonininkai suserga po plaukimo Senos up\u0117je.  K\u0105 mes \u017einome iki \u0161iol<\/span>\n\t<\/p>\n<\/p><\/div>\n<p>\t\t\t<\/a>\n\t\t<\/li>\n<\/ul>\n<\/section>\n<p>\u201eMano noras n\u0117ra b\u016bti griaunantis, <a href=\"https:\/\/apnews.com\/article\/olympics-2024-opening-ceremony-last-supper-criticism-9dd5fc5f1849ce9b0720fa997f38ed27\" target=\"_blank\" rel=\"noopener\">nei ty\u010diotis ar \u0161okiruoti<\/a>\u201c, \u2013 \u201eThe Associated Press\u201c sak\u0117 Jolly.  \u201eLabiausiai nor\u0117jau pasi\u0173sti meil\u0117s \u017eini\u0105, \u017eini\u0105 apie \u012ftraukim\u0105 ir visai neskirti.<\/p>\n<p>2024 m. Pary\u017eiaus atstov\u0117 Anne Descamps taip pat kalb\u0117jo apie gin\u010d\u0105 pra\u0117jusio m\u0117nesio pabaigoje, sakydama, kad ceremonijos tikslas buvo \u201e\u0161v\u0119sti bendruomen\u0117s tolerancij\u0105\u201c.<\/p>\n<div class=\"c-ad c-ad--bigbox l-article__ad c-ad--tallSticky\">\n<p>Istorija t\u0119siasi po skelbimu<\/p>\n<\/p><\/div>\n<p>\u201eAkivaizdu, kad niekada nebuvo ketinimo parodyti nepagarb\u0105 kokiai nors religinei grupei.  Prie\u0161ingai, manau (su) Thomasu Jolly, mes tikrai steng\u0117m\u0117s \u0161v\u0119sti bendruomen\u0117s tolerancij\u0105\u201c, \u2013 sak\u0117 Descamps.  \u201e\u017di\u016br\u0117dami \u012f apklaus\u0173, kuriomis pasidalinome, rezultatus, mes <a href=\"https:\/\/apnews.com\/article\/olympics-2024-opening-ceremony-last-supper-criticism-9dd5fc5f1849ce9b0720fa997f38ed27\" target=\"_blank\" rel=\"noopener\">mano, kad \u0161is siekis buvo pasiektas<\/a>.  Jei \u017emon\u0117s k\u0105 nors \u012f\u017eeid\u0117, mes, \u017einoma, tikrai labai atsipra\u0161ome.<\/p>\n<p>\u2014 <em>Su failu i\u0161 \u201eThe Associated Press\u201c.<\/em><\/p>\n<div class=\"l-article__part\" data-shortcode=\"tp_video_miniplayer\">\n<section id=\"miniplayer_66b3adf528ef0-carousel\" class=\"l-videoCarousel l-videoCarousel--embed c-carousel\" data-video-carousel-play-inline=\"true\" data-video-carousel-init=\"false\" aria-label=\"Video carousel contains 4 videos.\">\n<div class=\"l-videoCarousel__inner\">\n<div class=\"l-videoCarousel__featured\">\n<div class=\"c-video c-videoPlay \" data-iframe-receiver=\"\" data-autoplay=\"\" data-displayinline-featured=\"true\" data-displayinline-type=\"video\" data-displayinline-player-id=\"miniplayer_66b3adf528ef0\" data-displayinline-video-id=\"10646869\" data-displayinline-ratio=\"16:9\" data-displayinline=\"https:\/\/globalnews.ca\/video\/embed\/playlist\/10646869,10685539,10649974,10684232\/?poster=https%3A%2F%2Fi0.wp.com%2Fmedia.globalnews.ca%2Fvideostatic%2Fnews%2F35451rb7sr-1mla9kg225%2Fparis.jpg%3Fw%3D1200%26%23038%3Bquality%3D70%26%23038%3Bstrip%3Dall#autoplay&amp;stickyiframe=miniplayer_66b3adf528ef0\" data-displayinline-playlist=\"10646869,10685539,10649974,10684232\" data-displayinline-sticky=\"true\">\n<div class=\"c-video__inner\">\n\t\t\t\t\t<span class=\"c-video__placeholder\"><br \/>\n\t\t\t\t\t\t<img class=\"c-video__image\" alt=\"Spustel\u0117kite, jei norite paleisti vaizdo \u012fra\u0161\u0105: \u201e2024 m. Pary\u017eiaus atidarymo ceremonija prasideda olimpin\u0117s \u017eaidyn\u0117s\u201c\" width=\"640\" height=\"360\" data-src=\"https:\/\/i0.wp.com\/media.globalnews.ca\/videostatic\/news\/35451rb7sr-1mla9kg225\/paris.jpg?w=1200&amp;quality=70&amp;strip=all\" loading=\"lazy\" srcset=\"\" sizes=\"auto, \" data-srcset=\"https:\/\/i0.wp.com\/media.globalnews.ca\/videostatic\/news\/35451rb7sr-1mla9kg225\/paris.jpg?w=450#038;quality=70&amp;strip=all 450w,https:\/\/i0.wp.com\/media.globalnews.ca\/videostatic\/news\/35451rb7sr-1mla9kg225\/paris.jpg?w=720#038;quality=70&amp;strip=all 720w,https:\/\/i0.wp.com\/media.globalnews.ca\/videostatic\/news\/35451rb7sr-1mla9kg225\/paris.jpg?w=1040#038;quality=70&amp;strip=all 1040w,\" data-sizes=\"(min-width: 1040px) 1040px,(min-width: 720px) 720px,450px\"\/><br \/>\n\t\t\t\t\t\t\t\t\t\t\t\t<span class=\"c-video__overlay\"><\/p>\n<p>\n\t\t\t\t\t\t\t\t\t\t\t\t\t\t\t\t\t<time class=\"c-video__duration\">3:25<\/time><br \/>\n\t\t\t\t\t\t\t\t\t\t\t\t\t\t\t\t\t\t\t\t\t\t\t\t\t<span class=\"c-video__title\">2024 m. Pary\u017eiaus atidarymo ceremonija prasideda olimpin\u0117s \u017eaidyn\u0117s<\/span>\n\t\t\t\t\t\t\t\t\t\t\t\t\t\t\t<\/p>\n<p>\t\t\t\t\t\t<\/span><br \/>\n\t\t\t\t\t\t\t\t\t\t\t<\/span>\n\t\t\t\t<\/div>\n<\/p><\/div>\n<\/p><\/div>\n<div class=\"l-videoCarousel__glide glide \">\n<div class=\"glide__arrows c-carousel__buttons l-videoCarousel__buttons\" data-glide-el=\"controls\">\n\t<button class=\"glide__arrow glide__arrow--left c-carousel__button c-carousel__prev l-videoCarousel__button l-videoCarousel__prev c-longform-gallery__prev\" data-glide-dir=\"&lt;\"><\/p>\n<p>\t\t<span class=\"sr-only\">Ankstesnis Video<\/span><br \/>\n\t<\/button><br \/>\n\t<button class=\"glide__arrow glide__arrow--right c-carousel__button c-carousel__next l-videoCarousel__button l-videoCarousel__next c-longform-gallery__next\" data-glide-dir=\"&gt;\"><\/p>\n<p>\t\t<span class=\"sr-only\">Kitas vaizdo \u012fra\u0161as<\/span><br \/>\n\t<\/button><br \/>\n\t\t<button class=\"c-carousel__goto\" data-glide-dir=\"=0\" aria-hidden=\"true\" tabindex=\"-1\"\/>\n\t<\/div>\n<\/p><\/div>\n<\/p><\/div>\n<p>\t\t<!-- video stream item --><\/p>\n<\/section><\/div>\n<\/p><\/div>\n<div>\n<p>\t\t&#038;copy 2024 Global News, Corus Entertainment Inc. padalinys.\t<\/p>\n<\/div>\n<p><script defer src=\"https:\/\/connect.facebook.net\/en_US\/sdk.js#xfbml=1&#038;appId=318812448281278&#038;version=v3.3\"><\/script><br \/>\n<br \/><br \/>\n<br \/><a href=\"https:\/\/globalnews.ca\/news\/10685870\/paris-mayor-anne-hidalgo-opening-ceremony-f-bombs\/\">Source link <\/a><\/p>\n","protected":false},"excerpt":{"rendered":"<p>Pary\u017eiaus meras Anne Hidalgo nevyniojo \u017eod\u017ei\u0173 \u012f vat\u0105, prad\u0117dama priekai\u0161t\u0173 kupin\u0105 tirad\u0105 prie\u0161 tuos, kurie&#8230;<\/p>\n","protected":false},"author":1,"featured_media":2695,"comment_status":"open","ping_status":"open","sticky":false,"template":"","format":"standard","meta":{"_monsterinsights_skip_tracking":false,"_monsterinsights_sitenote_active":false,"_monsterinsights_sitenote_note":"","_monsterinsights_sitenote_category":0,"footnotes":""},"categories":[7],"tags":[],"class_list":["post-2694","post","type-post","status-publish","format-standard","has-post-thumbnail","hentry","category-pasaulio-naujienos"],"aioseo_notices":[],"_links":{"self":[{"href":"https:\/\/naujienulaikas.lt\/index.php\/wp-json\/wp\/v2\/posts\/2694","targetHints":{"allow":["GET"]}}],"collection":[{"href":"https:\/\/naujienulaikas.lt\/index.php\/wp-json\/wp\/v2\/posts"}],"about":[{"href":"https:\/\/naujienulaikas.lt\/index.php\/wp-json\/wp\/v2\/types\/post"}],"author":[{"embeddable":true,"href":"https:\/\/naujienulaikas.lt\/index.php\/wp-json\/wp\/v2\/users\/1"}],"replies":[{"embeddable":true,"href":"https:\/\/naujienulaikas.lt\/index.php\/wp-json\/wp\/v2\/comments?post=2694"}],"version-history":[{"count":0,"href":"https:\/\/naujienulaikas.lt\/index.php\/wp-json\/wp\/v2\/posts\/2694\/revisions"}],"wp:featuredmedia":[{"embeddable":true,"href":"https:\/\/naujienulaikas.lt\/index.php\/wp-json\/wp\/v2\/media\/2695"}],"wp:attachment":[{"href":"https:\/\/naujienulaikas.lt\/index.php\/wp-json\/wp\/v2\/media?parent=2694"}],"wp:term":[{"taxonomy":"category","embeddable":true,"href":"https:\/\/naujienulaikas.lt\/index.php\/wp-json\/wp\/v2\/categories?post=2694"},{"taxonomy":"post_tag","embeddable":true,"href":"https:\/\/naujienulaikas.lt\/index.php\/wp-json\/wp\/v2\/tags?post=2694"}],"curies":[{"name":"wp","href":"https:\/\/api.w.org\/{rel}","templated":true}]}}