{"id":2718,"date":"2024-08-11T20:03:10","date_gmt":"2024-08-11T20:03:10","guid":{"rendered":"https:\/\/naujienulaikas.lt\/index.php\/2024\/08\/11\/skrydziu-saugos-ekspertas-per-lektuvo-katastrofa-brazilijoje-as-jais-neskraidinciau\/"},"modified":"2024-08-11T20:03:10","modified_gmt":"2024-08-11T20:03:10","slug":"skrydziu-saugos-ekspertas-per-lektuvo-katastrofa-brazilijoje-as-jais-neskraidinciau","status":"publish","type":"post","link":"https:\/\/naujienulaikas.lt\/index.php\/2024\/08\/11\/skrydziu-saugos-ekspertas-per-lektuvo-katastrofa-brazilijoje-as-jais-neskraidinciau\/","title":{"rendered":"Skryd\u017ei\u0173 saugos ekspertas per l\u0117ktuvo katastrof\u0105 Brazilijoje: \u201eA\u0161 jais neskraidin\u010diau\u201c"},"content":{"rendered":"<p> <br \/>\n<\/p>\n<div id=\"\">\n<p>Mary Schiavo atid\u017eiai apra\u0161o tai, k\u0105 ji mat\u0117, kai \u201eVoepass Linhas A\u00e9reas Flight 2283\u201c skrydis 2283 nukrito ant \u017eem\u0117s penktadien\u012f Brazilijoje, per aviakompanijos katastrof\u0105, per kuri\u0105 \u017euvo visi 62 l\u0117ktuve skrid\u0119 \u017emon\u0117s.<\/p>\n<p><img decoding=\"async\" src=\"https:\/\/d21y75miwcfqoq.cloudfront.net\/70c8fc80\" alt=\"\" style=\"position:absolute;width:1px;height:1px\" referrerpolicy=\"no-referrer-when-downgrade\"\/><\/p>\n<p>\u201e\u0160is vaizdo \u012fra\u0161as suteik\u0117 daug u\u017euomin\u0173\u201c, \u2013 interviu i\u0161 \u010carlstono (SC) \u201eGlobal News\u201c sak\u0117 Schiavo, komentuodamas mobiliojo telefono vaizdo \u012fra\u0161\u0105, kuriame matyti, kaip keleivinis l\u0117ktuvas sukasi.<\/p>\n<p>Aviacijos advokatas ir buv\u0119s Jungtini\u0173 Valstij\u0173 transporto departamento generalinis inspektorius buvo papra\u0161ytas per\u017ei\u016br\u0117ti, k\u0105 tyr\u0117jai tirs po ATR 72-500 katastrofos netoli San Paulo, Brazilijoje.<\/p>\n<p>\u201eBuvo ai\u0161ku, kad jie tur\u0117jo visi\u0161k\u0105 aerodinamin\u012f atotr\u016bk\u012f ir iki to momento, kai buvo u\u017efiksuotas vaizdo \u012fra\u0161as, nebuvo galimyb\u0117s i\u0161gelb\u0117ti to l\u0117ktuvo\u201c, \u2013 sak\u0117 Schiavo.<\/p>\n<p>Skryd\u017ei\u0173 sekimo duomenys rodo, kad pranc\u016bz\u0173 gamybos dviej\u0173 varikli\u0173 turbopropelerinis l\u0117ktuvas vos per minut\u0119 nukrito 17 000 p\u0117d\u0173, nors greito nusileidimo prie\u017eastys kol kas ne\u017einomos.<\/p>\n<div class=\"c-ad c-ad--bigbox l-article__ad\">\n<p>Istorija t\u0119siasi po skelbimu<\/p>\n<\/p><\/div>\n<p>Remdamasis socialin\u0117je \u017einiasklaidoje pla\u010diai dalijamu vaizdo ir garso \u012fra\u0161u, Schiavo sako, kad atrodo, kad l\u0117ktuvas vis dar tur\u0117jo galios.<\/p>\n<p>\u201eBuvo naudinga \u017einoti, kad varikliai vis dar veikia, jie netur\u0117jo variklio gedimo\u201c, \u2013 sak\u0117 ji.<\/p>\n<p>Nepaisant to, remiantis vaizdo \u012fra\u0161u ir radaru, keleivinis l\u0117ktuvas atrod\u0117 nukrit\u0119s i\u0161 dangaus.<\/p>\n<div class=\"c-textSignup\" data-gnca-ab-test=\"nltr-article-box\" data-gnca-ab-variation=\"control\">\n\t\t\t<strong><\/p>\n<p>\t\t\t\tNaujausios naujienos i\u0161 Kanados ir viso pasaulio\t\t\t\t<a class=\"c-textSignup__link\" href=\"https:\/\/globalnews.ca\/news\/10692621\/brazil-plane-crash-air-safety-expert\/javascript:void(0)\" data-micromodal-trigger=\"newsletter-signup\" data-trackable=\"true\" data-trackaction=\"article | newsletter signup text\"><br \/>\n\t\t\t\t i\u0161si\u0173stas \u012f j\u016bs\u0173 el. lai\u0161k\u0105, kaip tai atsitiks.<br \/>\n\t\t\t\t<\/a><br \/>\n\t\t\t<\/strong>\n\t\t<\/div>\n<p>\t\t<!-- A\/B test begins --><\/p>\n<div class=\"c-textSignup c-textSignup--abtest\" data-gnca-ab-test=\"nltr-article-box\" data-gnca-ab-variation=\"test\">\n<div class=\"c-textSignup__abimage\">\n\t\t\t\t<img decoding=\"async\" width=\"170\" height=\"225\" loading=\"lazy\" src=\"https:\/\/globalnews.ca\/wp-content\/themes\/shaw-globalnews\/images\/skyline\/national.jpg\" alt=\"Jei norite gauti naujien\u0173, turin\u010di\u0173 \u012ftakos Kanadai ir visam pasauliui, prisiregistruokite gauti naujausi\u0173 naujien\u0173 \u012fsp\u0117jimus, kurie jums bus pristatyti jiems \u012fvykus.\"\/>\n\t\t\t<\/div>\n<div class=\"c-textSignup__abcontent\">\n<h3>Gaukite naujausias nacionalines naujienas<\/h3>\n<p>Jei norite gauti naujien\u0173, turin\u010di\u0173 \u012ftakos Kanadai ir visam pasauliui, prisiregistruokite gauti naujausi\u0173 naujien\u0173 \u012fsp\u0117jimus, kurie jums bus pristatyti jiems \u012fvykus.<\/p>\n<div class=\"c-textSignup__abdisclaimer\">Nurodydami savo el. pa\u0161to adres\u0105, j\u016bs perskait\u0117te ir sutinkate su \u201eGlobal News\u201c <a href=\"https:\/\/www.corusent.com\/terms-of-use\/\" target=\"_blank\" rel=\"noopener\">Taisykl\u0117s ir s\u0105lygos<\/a> ir <a href=\"https:\/\/www.corusent.com\/privacy-policy\/\" target=\"_blank\" rel=\"noopener\">Privatumo politika<\/a>.<\/div>\n<\/p><\/div>\n<\/p><\/div>\n<p>\t\t<!-- A\/B test ends --><\/p>\n<p>\u201ePagal radar\u0105, jis buvo labai greitas. Jie buvo 204 mazg\u0173 grei\u010diu, o tada jie visi\u0161kai nejud\u0117jo \u012f priek\u012f\u201c, \u2013 sak\u0117 ji.<\/p>\n<p>\u201eNebuvo jokio oro eismo valdymo ry\u0161io, nebuvo Mayday, nebuvo patarimo bok\u0161tui, kad jiems reikia atlaisvinti kv\u0117pavimo takus, nieko; jie netur\u0117jo laiko bendrauti\u201c, \u2013 prid\u016br\u0117 Schiavo.<\/p>\n<div class=\"l-article__part\" data-shortcode=\"tp_video\">\n<div class=\"c-video c-videoPlay \" data-iframe-receiver=\"\" data-autoplay=\"\" data-displayinline-featured=\"false\" data-displayinline-type=\"video\" data-displayinline-player-id=\"miniplayer_10691902_66b8f20fbf6c3\" data-displayinline-video-id=\"10691902\" data-displayinline-ratio=\"16:9\" data-displayinline=\"https:\/\/globalnews.ca\/video\/embed\/10691902\/#autoplay&amp;stickyiframe=miniplayer_10691902_66b8f20fbf6c3\" data-displayinline-sticky=\"true\">\n<div class=\"c-video__inner\">\n\t\t\t\t\t<span class=\"c-video__placeholder\"><br \/>\n\t\t\t\t\t\t<img class=\"c-video__image\" alt=\"Spustel\u0117kite, jei norite paleisti vaizdo \u012fra\u0161\u0105: \u201eBrazilijos l\u0117ktuvo katastrofa: po skryd\u017eio su 61 keleiviu nei\u0161gyveno n\u0117 vienas, sako vald\u017eios institucijos\u201c\" width=\"640\" height=\"360\" data-src=\"https:\/\/i2.wp.com\/media.globalnews.ca\/videostatic\/news\/n240bswt6s-ybdb3kndce\/FR_GN_BRAZIL-VMS.jpg?w=1040&amp;quality=70&amp;strip=all\" loading=\"lazy\" srcset=\"\" sizes=\"auto, \" data-srcset=\"https:\/\/i2.wp.com\/media.globalnews.ca\/videostatic\/news\/n240bswt6s-ybdb3kndce\/FR_GN_BRAZIL-VMS.jpg?w=450#038;quality=70&amp;strip=all 450w,https:\/\/i2.wp.com\/media.globalnews.ca\/videostatic\/news\/n240bswt6s-ybdb3kndce\/FR_GN_BRAZIL-VMS.jpg?w=720#038;quality=70&amp;strip=all 720w,https:\/\/i2.wp.com\/media.globalnews.ca\/videostatic\/news\/n240bswt6s-ybdb3kndce\/FR_GN_BRAZIL-VMS.jpg?w=1040#038;quality=70&amp;strip=all 1040w,\" data-sizes=\"(min-width: 1040px) 1040px,(min-width: 720px) 720px,450px\"\/><br \/>\n\t\t\t\t\t\t\t\t\t\t\t\t<span class=\"c-video__overlay\"><\/p>\n<p>\n\t\t\t\t\t\t\t\t\t\t\t\t\t\t\t\t\t<time class=\"c-video__duration\">1:43<\/time><br \/>\n\t\t\t\t\t\t\t\t\t\t\t\t\t\t\t\t\t\t\t\t\t\t\t\t\t<span class=\"c-video__title\">Brazilijos l\u0117ktuvo katastrofa: po skryd\u017eio, kuriame buvo 61 keleivis, i\u0161gyvenusi\u0173 nebuvo, prane\u0161\u0117 pareig\u016bnai<\/span>\n\t\t\t\t\t\t\t\t\t\t\t\t\t\t\t<\/p>\n<p>\t\t\t\t\t\t<\/span><br \/>\n\t\t\t\t\t\t\t\t\t\t\t<\/span>\n\t\t\t\t<\/div>\n<\/p><\/div>\n<\/p><\/div>\n<p>Kai kurie Brazilijos aviacijos ekspertai teigia, kad avarij\u0105 gal\u0117jo lemti apled\u0117jimas \u2013 problema, kuri anks\u010diau buvo avarij\u0173, susijusi\u0173 su ATR 72, prie\u017eastimi.<\/p>\n<div class=\"c-ad c-ad--bigbox l-article__ad\">\n<p>Istorija t\u0119siasi po skelbimu<\/p>\n<\/p><\/div>\n<p>Vis\u0173 pirma, 1994 m. spalio 31 d. American Eagle Flight 4184, skrid\u0119s tarp Indianapolio ir \u010cikagos, susid\u016br\u0117 su stipriomis apled\u0117jimo s\u0105lygomis. ATR 72 nesuvald\u0117 ir r\u0117\u017e\u0117si \u012f lauk\u0105. Visi 68 laive buv\u0119 \u017emon\u0117s \u017euvo.<\/p>\n<section id=\"content-dynamic-trending-stories\" class=\"l-inlineStories l-inlineStories--tile u-hide-tablet-landscape\" aria-label=\"Dynamic trending stories section\">\n<p>\n\t\t<span class=\"l-inlineStories__title c-heading c-heading--strikethrough\">Dabar populiaru<\/span>\n\t<\/p>\n<ul class=\"l-inlineStories__posts c-posts c-posts--inline \">\n<li class=\"c-posts__item\">\n\t\t\t<a href=\"https:\/\/globalnews.ca\/news\/10687635\/sackville-nb-eviction-demolish-landlord-tenant\/\" class=\"c-posts__inner\"><\/p>\n<div class=\"c-posts__media \">\n\t\t\t\t\t\t<img class=\"c-posts__thumbnail\" data-src=\"https:\/\/globalnews.ca\/wp-content\/uploads\/2024\/08\/Karlie2-.jpeg?quality=85&amp;strip=all&amp;w=336&amp;h=224&amp;crop=1\" loading=\"lazy\" width=\"336\" height=\"224\" alt=\"\"\/>\n\t\t\t\t\t\t\t\t\t\t\t\t\t<\/div>\n<div class=\"c-posts__details\">\n<p>\n\t\t\t\t<span class=\"c-posts__headlineText\" title=\"\u2018Slap in the face\u2019: Tenants evicted for demolition, units then posted for higher rent\" data-title=\"\">\u201eSpj\u016bvis \u012f veid\u0105\u201c: nuomininkai i\u0161keldinti d\u0117l nugriovimo, o vienetai paskelbti u\u017e didesn\u0119 nuom\u0105<\/span>\n\t<\/p>\n<\/p><\/div>\n<p>\t\t\t<\/a>\n\t\t<\/li>\n<li class=\"c-posts__item\">\n\t\t\t<a href=\"https:\/\/globalnews.ca\/news\/10690978\/anti-tourist-protests\/\" class=\"c-posts__inner\"><\/p>\n<div class=\"c-posts__media \">\n\t\t\t\t\t\t<img class=\"c-posts__thumbnail\" data-src=\"https:\/\/globalnews.ca\/wp-content\/uploads\/2024\/08\/Barcelona-tourists.jpg?quality=85&amp;strip=all&amp;w=336&amp;h=224&amp;crop=1\" loading=\"lazy\" width=\"336\" height=\"224\" alt=\"\"\/>\n\t\t\t\t\t\t\t\t\t\t\t\t\t<\/div>\n<div class=\"c-posts__details\">\n<p>\n\t\t\t\t<span class=\"c-posts__headlineText\" title=\"Anti-tourist sentiment is spreading across Europe. Is Canada next?\" data-title=\"\">Antituristin\u0117s nuotaikos plinta visoje Europoje. Ar kita Kanada?<\/span>\n\t<\/p>\n<\/p><\/div>\n<p>\t\t\t<\/a>\n\t\t<\/li>\n<\/ul>\n<\/section>\n<p>Katastrofos Brazilijoje metu buvo prane\u0161ta, kad l\u0117ktuvo skryd\u017eio trajektorijoje buvo aktyvus or\u0173 \u012fsp\u0117jimas d\u0117l \u201edidel\u0117s u\u017e\u0161alimo rizikos\u201c.<\/p>\n<p>\u201eTransport Canada\u201c 2017 m. sertifikavo ATR 72-500 naudojimui Kanadoje. Tuo metu Pranc\u016bzijos ir Italijos konsorciumas teig\u0117, kad orlaivis \u201epuikiai tinka sud\u0117tingoms rinkoms, tokioms kaip Kanada\u201c.<\/p>\n<section id=\"sophi_article_widget\" class=\"l-inlineStories l-inlineStories--text l-inlineStories--sophi\" aria-label=\"More on World\" data-sophi-feature=\"article-world\">\n<\/section>\n<p>Prane\u0161ime spaudai ATR gyr\u0117si apie orlaivio geb\u0117jim\u0105 \u201eskristi itin \u0161altu, lediniu oru, kilti ir leistis ant neasfaltuot\u0173 ir trump\u0173 kilimo ir t\u016bpimo tak\u0173, o j\u0173 neprilygstamas veikimas yra ne\u012fkainojamas\u201c.<\/p>\n<p>Tarp ve\u017e\u0117j\u0173, kuri\u0173 parke yra ATR orlaivi\u0173, yra \u201eCalm Air\u201c, Manitoboje, Kanados \u0161iaur\u0117je, kuri aptarnauja \u0160iaur\u0117s Vakar\u0173 teritorijas, Nunavut\u0105 ir kai kurias provincijas, ir \u201eNorth Star\u201c, \u012fsik\u016brusi Thunder Bay mieste, Onte.<\/p>\n<p>Nors gali prireikti savai\u010di\u0173, kol tyr\u0117jai tiksliai nustatys katastrofos Brazilijoje prie\u017east\u012f, Schiavo, per\u017ei\u016br\u0117j\u0119s skryd\u017eio duomen\u0173 \u012fra\u0161ymo \u012frengin\u012f ir kabinos balso \u012fra\u0161ymo \u012frengin\u012f, sutinka, kad Transport Canada gali nor\u0117ti per\u017ei\u016br\u0117ti savo ATR 72 sertifikat\u0105, atsi\u017evelgiant \u012f tyrimo rezultatus. .<\/p>\n<p>Ji sako suprantanti, kod\u0117l kas nors b\u016bt\u0173 atsargus skraidydamas tokio tipo orlaiviais, nes v\u0117l nerimauja d\u0117l apled\u0117jimo.<\/p>\n<div class=\"c-ad c-ad--bigbox l-article__ad\">\n<p>Istorija t\u0119siasi po skelbimu<\/p>\n<\/p><\/div>\n<p>\u201eBaim\u0117 yra labai svarbi emocija ir jausmas, ir atvirai kalbant, ATR apled\u0117jus, pama\u010diusi t\u0105 nelaiming\u0105 atsitikim\u0105, atvirai pasakius, nenor\u0117\u010diau patekti ir \u012f apled\u0117jim\u0105\u201c, \u2013 sak\u0117 ji.<\/p>\n<p>\u201eGaliu jums pasakyti, kad po 1995 m. prane\u0161imo Jungtin\u0117se Amerikos Valstijose, kur \u012fvyko baisi ATR apled\u0117jimo avarija, a\u0161 jais neskraidin\u010diau.<\/p>\n<\/p><\/div>\n<div>\n<p>\t\t&#038;copy 2024 Global News, Corus Entertainment Inc. padalinys.\t<\/p>\n<\/div>\n<p><script defer src=\"https:\/\/connect.facebook.net\/en_US\/sdk.js#xfbml=1&#038;appId=318812448281278&#038;version=v3.3\"><\/script><br \/>\n<br \/><br \/>\n<br \/><a href=\"https:\/\/globalnews.ca\/news\/10692621\/brazil-plane-crash-air-safety-expert\/\">Source link <\/a><\/p>\n","protected":false},"excerpt":{"rendered":"<p>Mary Schiavo atid\u017eiai apra\u0161o tai, k\u0105 ji mat\u0117, kai \u201eVoepass Linhas A\u00e9reas Flight 2283\u201c skrydis&#8230;<\/p>\n","protected":false},"author":1,"featured_media":2719,"comment_status":"open","ping_status":"open","sticky":false,"template":"","format":"standard","meta":{"_monsterinsights_skip_tracking":false,"_monsterinsights_sitenote_active":false,"_monsterinsights_sitenote_note":"","_monsterinsights_sitenote_category":0,"footnotes":""},"categories":[7],"tags":[],"class_list":["post-2718","post","type-post","status-publish","format-standard","has-post-thumbnail","hentry","category-pasaulio-naujienos"],"aioseo_notices":[],"_links":{"self":[{"href":"https:\/\/naujienulaikas.lt\/index.php\/wp-json\/wp\/v2\/posts\/2718","targetHints":{"allow":["GET"]}}],"collection":[{"href":"https:\/\/naujienulaikas.lt\/index.php\/wp-json\/wp\/v2\/posts"}],"about":[{"href":"https:\/\/naujienulaikas.lt\/index.php\/wp-json\/wp\/v2\/types\/post"}],"author":[{"embeddable":true,"href":"https:\/\/naujienulaikas.lt\/index.php\/wp-json\/wp\/v2\/users\/1"}],"replies":[{"embeddable":true,"href":"https:\/\/naujienulaikas.lt\/index.php\/wp-json\/wp\/v2\/comments?post=2718"}],"version-history":[{"count":0,"href":"https:\/\/naujienulaikas.lt\/index.php\/wp-json\/wp\/v2\/posts\/2718\/revisions"}],"wp:featuredmedia":[{"embeddable":true,"href":"https:\/\/naujienulaikas.lt\/index.php\/wp-json\/wp\/v2\/media\/2719"}],"wp:attachment":[{"href":"https:\/\/naujienulaikas.lt\/index.php\/wp-json\/wp\/v2\/media?parent=2718"}],"wp:term":[{"taxonomy":"category","embeddable":true,"href":"https:\/\/naujienulaikas.lt\/index.php\/wp-json\/wp\/v2\/categories?post=2718"},{"taxonomy":"post_tag","embeddable":true,"href":"https:\/\/naujienulaikas.lt\/index.php\/wp-json\/wp\/v2\/tags?post=2718"}],"curies":[{"name":"wp","href":"https:\/\/api.w.org\/{rel}","templated":true}]}}