{"id":2726,"date":"2024-08-13T06:45:50","date_gmt":"2024-08-13T06:45:50","guid":{"rendered":"https:\/\/naujienulaikas.lt\/index.php\/2024\/08\/13\/festivalio-siauliu-monmartro-respublika-debiutas-kursenuose\/"},"modified":"2024-08-13T06:45:50","modified_gmt":"2024-08-13T06:45:50","slug":"festivalio-siauliu-monmartro-respublika-debiutas-kursenuose","status":"publish","type":"post","link":"https:\/\/naujienulaikas.lt\/index.php\/2024\/08\/13\/festivalio-siauliu-monmartro-respublika-debiutas-kursenuose\/","title":{"rendered":"Festivalio \u201e\u0160iauli\u0173 Monmartro Respublika\u201c  debiutas Kur\u0161\u0117nuose"},"content":{"rendered":"<p> <br \/>\n<\/p>\n<p><img decoding=\"async\" width=\"1230\" height=\"822\" src=\"https:\/\/miestonaujienos.lt\/wp-content\/uploads\/2024\/08\/1-5.jpg\" class=\"attachment-post-thumbnail size-post-thumbnail wp-post-image\" alt=\"\" loading=\"lazy\" \/><\/p>\n<p lang=\"lt-LT\">Pirm\u0105 kart\u0105 tarptautinio dail\u0117s festivalio \u201e\u0160iauli\u0173 Monmartro Respublika\u201c istorijoje, jis \u012fsik\u016br\u0117 \u017demaitijoje \u2013 gilias kult\u016brines tradicijas puosel\u0117jan\u010diuose Kur\u0161\u0117nuose. Rugpj\u016b\u010dio 6 dien\u0105 \u0160iauli\u0173 rajono savivaldyb\u0117s kult\u016bros centre pristatyta tapytojos, scenograf\u0117s Giedr\u0117s Ri\u0161kut\u0117s paroda \u201e\u0160ilta spalva ir juoda linija\u201c.<\/p>\n<p lang=\"lt-LT\">I\u0161kart po parodos atidarymo, \u0160iauli\u0173 miesto ir rajono gyventojai pakviesti pasiklausyti lietuvi\u0173 poet\u0173 eili\u0173, kurias skait\u0117 visiems puikiai pa\u017e\u012fstami teatro ir kino aktoriai \u2013 Andrius Bialob\u017eeskis ir Dalia Michelevi\u010di\u016bt\u0117.<\/p>\n<dl id=\"attachment_283545\">\n<dt>\n<p><figure style=\"width: 822px\" class=\"wp-caption aligncenter\"><img decoding=\"async\" loading=\"lazy\" src=\"https:\/\/miestonaujienos.lt\/wp-content\/uploads\/2024\/08\/11-1.jpg\" alt=\"\" width=\"822\" height=\"1230\" \/><figcaption class=\"wp-caption-text\">Tapytoja Giedr\u0117 Ri\u0161kut\u0117<\/figcaption><\/figure>\n<\/dt>\n<\/dl>\n<p><span lang=\"lt-LT\">\u0160ventinis vakaras Kur\u0161\u0117nuose prasid\u0117jo nuo menotyrinink\u0117s dr. Dalios Karatajien\u0117s \u012f\u017evalg\u0173 apie Giedr\u0117s Ri\u0161kut\u0117s k\u016bryb\u0105. Pasak menotyrinink\u0117s, autor\u0117 savo darbuose didel\u012f d\u0117mes\u012f skiria ap\u0161vietimui ir spalvai. Tai savoti\u0161kas jos kraitis i\u0161 scenografijos pus\u0117s \u2013 Giedr\u0117 Ri\u0161kut\u0117 nuo 1978-\u0173j\u0173 daugel\u012f met\u0173 dirbo Kauno <\/span><span lang=\"lt-LT\">valstybiniame <\/span><span lang=\"lt-LT\">muzikiniame teatre.<\/span><\/p>\n<dl id=\"attachment_283546\">\n<dt><img decoding=\"async\" loading=\"lazy\" class=\"aligncenter\" src=\"https:\/\/miestonaujienos.lt\/wp-content\/uploads\/2024\/08\/2-6.jpg\" alt=\"\" width=\"1230\" height=\"822\" \/><\/dt>\n<\/dl>\n<p>\u201e<span lang=\"lt-LT\">\u0160ita paroda vadinasi \u201e\u0160ilta spalva ir juoda linija\u201c d\u0117l to, kad linij\u0105 mes vis\u0105 laik\u0105 asocijuojame su grafika, kad grafika tai yra linija, kuri u\u017ekerta bet kok\u012f plastin\u012f formos tek\u0117jim\u0105. Giedr\u0117s k\u016briniai rodo, kad neb\u016btinai. Ji t\u0105 tapybi\u0161k\u0105 plastin\u012f vaizd\u0105 perk\u0117l\u0117 \u012f pie\u0161inius. Ir tie pie\u0161iniai i\u0161 tikr\u0173j\u0173 yra labai unikal\u016bs.<\/span><\/p>\n<dl id=\"attachment_283547\">\n<dt><img decoding=\"async\" loading=\"lazy\" class=\"aligncenter\" src=\"https:\/\/miestonaujienos.lt\/wp-content\/uploads\/2024\/08\/3-6.jpg\" alt=\"\" width=\"1230\" height=\"822\" \/><\/dt>\n<\/dl>\n<p><span lang=\"lt-LT\">Unikal\u016bs ne tik m\u016bs\u0173 lietuvi\u0161kame lauke, bet ir tarptautiniame &#8211; prie\u0161 kelerius metus Makedonijoje vykstan\u010dioje pie\u0161ini\u0173 bi<\/span><span lang=\"lt-LT\">e<\/span><span lang=\"lt-LT\">nal\u0117je \u017eiuri sprendimu Giedr\u0117s Ri\u0161kut\u0117s plasti\u0161ki pie\u0161iniai, kur ta \u0161viesa plaukia, buvo eksponuojami drauge su garsiojo ispano Salvadoro Dali pie\u0161iniais, tod\u0117l, kad jo akademin\u0117 grie\u017eta forma labai ai\u0161kiai mat\u0117si \u0161alia Giedr\u0117s mink\u0161tumo\u201c, &#8211; pasteb\u0117jimais dalijosi dr. Dalia Karatajien\u0117.<\/span><\/p>\n<dl id=\"attachment_283547\">\n<dt>\n<dl id=\"attachment_283548\">\n<dt><img decoding=\"async\" loading=\"lazy\" class=\"aligncenter\" src=\"https:\/\/miestonaujienos.lt\/wp-content\/uploads\/2024\/08\/10-2.jpg\" alt=\"\" width=\"1230\" height=\"822\" \/><\/dt>\n<\/dl>\n<\/dt>\n<\/dl>\n<p lang=\"lt-LT\">Giedr\u0117s Ri\u0161kut\u0117s paroda \u201e\u0160ilta spalva ir juoda linija\u201c unikali ir tuo, kad ji gim\u0117 gan\u0117tinai greitai \u2013 Kur\u0161\u0117nuose eksponuojami naujausi autor\u0117s k\u016briniai, nutapyti 2024 metais.<\/p>\n<blockquote>\n<p lang=\"lt-LT\">\u201eA\u0161 \u0161irdingai nor\u0117jau i\u0161reik\u0161ti savo jausmus Kur\u0161\u0117n\u0173 miestui. Ie\u0161kojau motyv\u0173 ir tris paveiklus paskyriau Kur\u0161\u0117nams \u2013 \u201eVentos pavasaris\u201c, \u201eVakaro fragmentas. Venta\u201c ir \u201eKur\u0161\u0117n\u0173 Lurdas\u201c. Taip pat \u0160iauliams, Saul\u0117s miestui, skirti parodos darbai\u201c, &#8211; atviravo parodos autor\u0117.<\/p>\n<\/blockquote>\n<dl id=\"attachment_283548\">\n<dt>\n<dl id=\"attachment_283549\">\n<dt><img decoding=\"async\" loading=\"lazy\" class=\"aligncenter\" src=\"https:\/\/miestonaujienos.lt\/wp-content\/uploads\/2024\/08\/5-5.jpg\" alt=\"\" width=\"822\" height=\"1230\" \/><\/dt>\n<\/dl>\n<\/dt>\n<\/dl>\n<p lang=\"lt-LT\">Po parodos pristatymo \u201emonmartri\u0161k\u0105\u201c dvasi\u0105 \u0160iauli\u0173 rajono savivaldyb\u0117s kult\u016bros centre skleid\u0117 teatro ir kino aktori\u0173 &#8211; Andriaus Bialob\u017eeskio ir Dalios Michelevi\u010di\u016bt\u0117s tandemas. Literat\u016brinis vakaras prasid\u0117jo nuo Vytauto Ma\u010dernio eili\u0173, kurias skait\u0117 Andrius Bialob\u017eeskis.<\/p>\n<p lang=\"lt-LT\">V\u0117liau aktoriai publikai dovanojo Sigito Gedos, Vytauto Blo\u017e\u0117s, Marcelijaus Martinai\u010dio, Kazio Brad\u016bno bei kit\u0173 poet\u0173 eiles.<\/p>\n<dl id=\"attachment_283549\">\n<dt>\n<dl id=\"attachment_283550\">\n<dt><img decoding=\"async\" loading=\"lazy\" class=\"aligncenter\" src=\"https:\/\/miestonaujienos.lt\/wp-content\/uploads\/2024\/08\/7-3.jpg\" alt=\"\" width=\"1230\" height=\"822\" \/><\/dt>\n<\/dl>\n<\/dt>\n<\/dl>\n<p lang=\"lt-LT\">\u0160ventinio vakaro metu Andrius Bialob\u017eeskis paniro ir \u012f vaikyst\u0117s prisiminimus. Daugelis jo vasar\u0173 prab\u0117go ne kur kitur, o pas mo\u010diut\u0119 \u2013 \u017einom\u0105 Lietuvos re\u017eisier\u0119 Kazimier\u0105 Kymantait\u0119 \u2013 Kur\u0161\u0117nuose.<\/p>\n<p lang=\"lt-LT\">D\u0117l to jis \u010dia visada jau\u010diasi savas, mylimas. Savoti\u0161ka aktoriaus staigmena vaikyst\u0117s miestui tapo Kazimieros Kymantait\u0117s draug\u0117s, re\u017eisier\u0117s i\u0161 Taurag\u0117s kult\u016bros centro, Genovait\u0117s Urmonait\u0117s pasirodymas. Moteris susirinkusiesiems dovanojos Dalios Tei\u0161erskyt\u0117s poezij\u0105.<\/p>\n<dl id=\"attachment_283550\">\n<dt><img decoding=\"async\" loading=\"lazy\" class=\"aligncenter\" src=\"https:\/\/miestonaujienos.lt\/wp-content\/uploads\/2024\/08\/8-2.jpg\" alt=\"\" width=\"1230\" height=\"822\" \/><\/dt>\n<\/dl>\n<p><span lang=\"lt-LT\">Vakaro metu \u201e\u0160iauli\u0173 Monmartro Respublik\u0105\u201c naujuose \u201enamuose\u201c sveikino \u0160iauli\u0173 rajono savivaldyb\u0117s kult\u016bros centro direktor\u0117 Gertr\u016bda Gulbinait\u0117, \u0160iauli\u0173 rajono savivaldyb\u0117s Kult\u016bros skyriaus vyriausioji specialist\u0117 Daiva Pikturnien\u0117 bei daugelis kit\u0173, d\u0117kojusi\u0173 u\u017e galimyb\u0119 Kur\u0161\u0117nams tapti tarptautinio dail\u0117s festivalio dalimi.<\/span><\/p>\n<div><\/div>\n<p>Daugiau naujien\u0173 rasite portale <a rel=\"nofollow\" href=\"https:\/\/miestonaujienos.lt\">Miesto naujienos<\/a>.<\/p>\n<p><br \/>\n<br \/><a href=\"https:\/\/miestonaujienos.lt\/festivalio-siauliu-monmartro-respublika-debiutas-kursenuose\/\">Source link <\/a><\/p>\n","protected":false},"excerpt":{"rendered":"<p>Pirm\u0105 kart\u0105 tarptautinio dail\u0117s festivalio \u201e\u0160iauli\u0173 Monmartro Respublika\u201c istorijoje, jis \u012fsik\u016br\u0117 \u017demaitijoje \u2013 gilias kult\u016brines&#8230;<\/p>\n","protected":false},"author":1,"featured_media":2727,"comment_status":"open","ping_status":"open","sticky":false,"template":"","format":"standard","meta":{"_monsterinsights_skip_tracking":false,"_monsterinsights_sitenote_active":false,"_monsterinsights_sitenote_note":"","_monsterinsights_sitenote_category":0,"footnotes":""},"categories":[5],"tags":[],"class_list":["post-2726","post","type-post","status-publish","format-standard","has-post-thumbnail","hentry","category-miestu-naujienos"],"aioseo_notices":[],"_links":{"self":[{"href":"https:\/\/naujienulaikas.lt\/index.php\/wp-json\/wp\/v2\/posts\/2726","targetHints":{"allow":["GET"]}}],"collection":[{"href":"https:\/\/naujienulaikas.lt\/index.php\/wp-json\/wp\/v2\/posts"}],"about":[{"href":"https:\/\/naujienulaikas.lt\/index.php\/wp-json\/wp\/v2\/types\/post"}],"author":[{"embeddable":true,"href":"https:\/\/naujienulaikas.lt\/index.php\/wp-json\/wp\/v2\/users\/1"}],"replies":[{"embeddable":true,"href":"https:\/\/naujienulaikas.lt\/index.php\/wp-json\/wp\/v2\/comments?post=2726"}],"version-history":[{"count":0,"href":"https:\/\/naujienulaikas.lt\/index.php\/wp-json\/wp\/v2\/posts\/2726\/revisions"}],"wp:featuredmedia":[{"embeddable":true,"href":"https:\/\/naujienulaikas.lt\/index.php\/wp-json\/wp\/v2\/media\/2727"}],"wp:attachment":[{"href":"https:\/\/naujienulaikas.lt\/index.php\/wp-json\/wp\/v2\/media?parent=2726"}],"wp:term":[{"taxonomy":"category","embeddable":true,"href":"https:\/\/naujienulaikas.lt\/index.php\/wp-json\/wp\/v2\/categories?post=2726"},{"taxonomy":"post_tag","embeddable":true,"href":"https:\/\/naujienulaikas.lt\/index.php\/wp-json\/wp\/v2\/tags?post=2726"}],"curies":[{"name":"wp","href":"https:\/\/api.w.org\/{rel}","templated":true}]}}