{"id":2772,"date":"2024-08-21T04:01:44","date_gmt":"2024-08-21T04:01:44","guid":{"rendered":"https:\/\/naujienulaikas.lt\/index.php\/2024\/08\/21\/sulaukusi-117-metu-mire-seniausias-pasaulyje-zmogus-ispane-maria-branyas\/"},"modified":"2024-08-21T04:01:44","modified_gmt":"2024-08-21T04:01:44","slug":"sulaukusi-117-metu-mire-seniausias-pasaulyje-zmogus-ispane-maria-branyas","status":"publish","type":"post","link":"https:\/\/naujienulaikas.lt\/index.php\/2024\/08\/21\/sulaukusi-117-metu-mire-seniausias-pasaulyje-zmogus-ispane-maria-branyas\/","title":{"rendered":"Sulaukusi 117 met\u0173 mir\u0117 seniausias pasaulyje \u017emogus, ispan\u0117 Maria Branyas"},"content":{"rendered":"<p> <br \/>\n<\/p>\n<div id=\"\">\n<p>The <a href=\"https:\/\/globalnews.ca\/tag\/worlds-oldest-person\/\" target=\"_blank\" rel=\"noopener\">seniausias pasaulyje \u017einomas \u017emogus<\/a>117 met\u0173 am\u017eiaus mir\u0117 ispan\u0117 Maria Branyas Morera, antradien\u012f patvirtino jos \u0161eima.<\/p>\n<p><img decoding=\"async\" src=\"https:\/\/d21y75miwcfqoq.cloudfront.net\/70c8fc80\" alt=\"\" style=\"position:absolute;width:1px;height:1px\" referrerpolicy=\"no-referrer-when-downgrade\"\/><\/p>\n<p>\u201eMaria Branyas paliko mus. Ji mir\u0117 taip, kaip nor\u0117jo: miegodama, ramiai ir be skausmo\u201c, \u2013 antradien\u012f X paskyroje katalon\u0173 kalba ra\u0161\u0117 jos \u0161eima. \u201eMes visada j\u0105 prisiminsime d\u0117l jos patarim\u0173 ir gerumo.<\/p>\n<div class=\"l-article__oembed embed-twitter\">\n<blockquote class=\"twitter-tweet\" data-width=\"500\" data-dnt=\"true\">\n<p lang=\"ca\" dir=\"ltr\">La Maria Branyas ens ha deixat. Ha mort com ella volia: mentre dormia, tranquil\u00b7la i sense dolor.<br \/>Fa uns dies ens deia:<br \/>\u201eUn dia me n&#8217;anir\u00e9 d&#8217;aqu\u00ed. No tornar\u00e9 a provar caf\u00e8, ni a menjar iogurt, ni a acaronar a la Fada\u2026, deixar\u00e9 tamb\u00e9 els meus records, les meves refleksijos\u2026 \ud83d\udc47<\/p>\n<p>\u2013 Super \u00c0via Catalana (@MariaBranyas112) <a href=\"https:\/\/twitter.com\/MariaBranyas112\/status\/1825824972725502093?ref_src=twsrc%5Etfw\">2024 m. rugpj\u016b\u010dio 20 d<\/a><\/p>\n<\/blockquote>\n<\/div>\n<div class=\"c-ad c-ad--bigbox l-article__ad\">\n<p>Istorija t\u0119siasi po skelbimu<\/p>\n<\/p><\/div>\n<p>Branyas buvo <a href=\"https:\/\/www.guinnessworldrecords.com\/world-records\/84549-oldest-person-living\" target=\"_blank\" rel=\"noopener\">gim\u0119s JAV<\/a> 1907 m. ir i\u0161gyveno dvi pandemijas, du pasaulinius karus, \u017eem\u0117s dreb\u0117jim\u0105 ir didel\u012f gaisr\u0105 \u2013 ir i\u0161liko daug prisiminim\u0173 i\u0161 savo ilgo ir kupino \u012fvyki\u0173, kai ji u\u017eaugo.<\/p>\n<p>Pra\u0117jusi\u0173 met\u0173 lapkrit\u012f kalb\u0117damas su Ispanijos naujien\u0173 agent\u016bra ABC, mokslininkas Manelis Esteleris sak\u0117, kad Branyas tur\u0117jo \u201e<a href=\"https:\/\/www.abc.es\/sociedad\/ciencia-busca-genes-maria-116-anos-secreto-20231022010809-nt.html\" target=\"_blank\" rel=\"noopener\">visi\u0161kai skaidri galva<\/a>\u201c, nepaisant jos am\u017eiaus.<\/p>\n<p>\u201eJi \u012fsp\u016bdingai ai\u0161kiai prisimena \u012fvykius, kai jai buvo vos ketveri metai, ir neserga jokia \u0161irdies ir kraujagysli\u0173 liga, b\u016bdinga vyresnio am\u017eiaus \u017emon\u0117ms\u201c, \u2013 prid\u016br\u0117 jis.<\/p>\n<p>Esteller studijavo Bany\u0105, kad nustatyt\u0173 jos biologin\u012f am\u017ei\u0173, manydama, kad ji \u201efizi\u0161kai daug jaunesn\u0117\u201c nei jos chronologinis am\u017eius.<\/p>\n<div class=\"l-article__oembed embed-twitter\">\n<blockquote class=\"twitter-tweet\" data-width=\"500\" data-dnt=\"true\">\n<p lang=\"ca\" dir=\"ltr\">Ahir va ser un dia molt intens. Ne\u012fmanoma reaguoti \u012f individualum\u0105. Vull donar les gracies a tothom per haver compartit amb mi l&#8217;alegria dels 115 anys. Al cap ia la fi, la vida al costat de gent meravellosa \u00e9s el regal m\u00e9s svarbu. El que ens fa ser feli\u00e7os \u00e9s estar agra\u00efts. <a href=\"https:\/\/t.co\/SjdjvMRzKo\">pic.twitter.com\/SjdjvMRzKo<\/a><\/p>\n<p>\u2013 Super \u00c0via Catalana (@MariaBranyas112) <a href=\"https:\/\/twitter.com\/MariaBranyas112\/status\/1500084429573742592?ref_src=twsrc%5Etfw\">2022 m. kovo 5 d<\/a><\/p>\n<\/blockquote>\n<\/div>\n<div class=\"c-ad c-ad--bigbox l-article__ad\">\n<p>Istorija t\u0119siasi po skelbimu<\/p>\n<\/p><\/div>\n<\/p>\n<div class=\"c-inlineSignup\" data-newsletter-inline=\"\">\n<div class=\"c-inlineSignup__image\">\n\t\t\t\t\t<img decoding=\"async\" width=\"170\" height=\"225\" loading=\"lazy\" src=\"https:\/\/globalnews.ca\/wp-content\/themes\/shaw-globalnews\/images\/skyline\/national.jpg\" alt=\"Kart\u0105 per dien\u0105 gaukite svarbiausi\u0173 dienos naujien\u0173, politini\u0173, ekonomini\u0173 ir aktualij\u0173 antra\u0161tes.\"\/>\n\t\t\t\t<\/div>\n<div class=\"c-inlineSignup__content\">\n<h3>Gaukite kasdienes nacionalines naujienas<\/h3>\n<p>Kart\u0105 per dien\u0105 gaukite svarbiausi\u0173 dienos naujien\u0173, politini\u0173, ekonomini\u0173 ir aktualij\u0173 antra\u0161tes.<\/p>\n<\/p><\/div>\n<\/p><\/div>\n<p>Jos \u0161eima antradien\u012f pasidalijo, kad matriarcha nujaut\u0117, kad jos mirtis jau arti, likus kelioms dienoms iki jos mirties, pasak\u0117: \u201eNe\u017einau kada, bet labai greitai \u0161i ilga kelion\u0117 baigsis\u201c.<\/p>\n<p>\u201eMirtis mane nuvargins nuo to, kad tiek daug i\u0161gyvenau, bet noriu j\u0105 sutikti su \u0161ypsena, jau\u010diuosi laisva ir patenkinta.<\/p>\n<section id=\"sophi_article_widget\" class=\"l-inlineStories l-inlineStories--text l-inlineStories--sophi\" aria-label=\"More on World\" data-sophi-feature=\"article-world\">\n<\/section>\n<p>Branyas gim\u0117 1907 m. kovo 4 d. San Franciske. Kelerius metus gyvenusi Naujajame Orleane, kur jos t\u0117vas \u012fk\u016br\u0117 \u017eurnal\u0105, jos \u0161eima gr\u012f\u017eo \u012f Ispanij\u0105, kai ji buvo jauna. Branyas pasakojo, kad jai buvo prisiminim\u0173 apie perplaukim\u0105 per Atlanto vandenyn\u0105 Pirmojo pasaulinio karo metais.<\/p>\n<p>B\u016bdamas 113 met\u0173, Branyas COVID-19 testas buvo teigiamas per pasaulin\u0119 pandemij\u0105, ta\u010diau i\u0161veng\u0117 sunki\u0173 simptom\u0173, kurie pareikalavo de\u0161im\u010di\u0173 t\u016bkstan\u010di\u0173 vyresnio am\u017eiaus ispan\u0173.<\/p>\n<p>Branyas ai\u0161kiai tur\u0117jo humoro jausm\u0105. Jos X paskyroje, pavadintoje \u201eSuper katalon\u0173 mo\u010diut\u0117\u201c, apra\u0161yme yra: \u201eA\u0161 sena, labai sena, bet ne idiotas\u201c.<\/p>\n<section id=\"content-dynamic-trending-stories\" class=\"l-inlineStories l-inlineStories--tile u-hide-tablet-landscape\" aria-label=\"Dynamic trending stories section\">\n<p>\n\t\t<span class=\"l-inlineStories__title c-heading c-heading--strikethrough\">Dabar populiaru<\/span>\n\t<\/p>\n<ul class=\"l-inlineStories__posts c-posts c-posts--inline \">\n<li class=\"c-posts__item\">\n\t\t\t<a href=\"https:\/\/globalnews.ca\/news\/10707002\/cbsa-airport-system-outage\/\" class=\"c-posts__inner\"><\/p>\n<div class=\"c-posts__media \">\n\t\t\t\t\t\t<img class=\"c-posts__thumbnail\" data-src=\"https:\/\/globalnews.ca\/wp-content\/uploads\/2024\/07\/20240719080720-02eec5f85f2b58900f1e886b9738f6c493c6ed9bae43b67954b92ee82f55a52d.jpg?quality=85&amp;strip=all&amp;w=336&amp;h=224&amp;crop=1\" loading=\"lazy\" width=\"336\" height=\"224\" alt=\"\"\/>\n\t\t\t\t\t\t\t\t\t\t\t\t\t<\/div>\n<div class=\"c-posts__details\">\n<p>\n\t\t\t\t<span class=\"c-posts__headlineText\" title=\"CBSA says \u2018partial systems outage\u2019 affecting airport services\" data-title=\"\">CBSA teigia, kad \u201edalinis sistem\u0173 gedimas\u201c, turintis \u012ftakos oro uosto paslaugoms<\/span>\n\t<\/p>\n<\/p><\/div>\n<p>\t\t\t<\/a>\n\t\t<\/li>\n<li class=\"c-posts__item\">\n\t\t\t<a href=\"https:\/\/globalnews.ca\/news\/10705271\/michael-oher-blind-side-lawsuit-sean-leigh-anne-tuohy\/\" class=\"c-posts__inner\"><\/p>\n<div class=\"c-posts__media \">\n\t\t\t\t\t\t<img class=\"c-posts__thumbnail\" data-src=\"https:\/\/globalnews.ca\/wp-content\/uploads\/2024\/08\/img-2024-08-19T153251.074.jpg?quality=85&amp;strip=all&amp;w=336&amp;h=224&amp;crop=1\" loading=\"lazy\" width=\"336\" height=\"224\" alt=\"\"\/>\n\t\t\t\t\t\t\t\t\t\t\t\t\t<\/div>\n<div class=\"c-posts__details\">\n<p>\n\t\t\t\t<span class=\"c-posts__headlineText\" title=\"Michael Oher of \u2018The Blind Side\u2019 speaks out for 1st time since suing Tuohys\" data-title=\"\">Michaelas Oheris i\u0161 \u201eAklosios pus\u0117s\u201c pasisako pirm\u0105 kart\u0105 nuo Tuohyso padavimo \u012f teism\u0105<\/span>\n\t<\/p>\n<\/p><\/div>\n<p>\t\t\t<\/a>\n\t\t<\/li>\n<\/ul>\n<\/section>\n<p>X ji skelbdavo gyvenimo patarimus kitiems, klausdama, kokia jos paslaptis, savo ilgaam\u017ei\u0161kum\u0105 priskirdama \u201etvarkai, ramybei, geram ry\u0161iui su \u0161eima ir draugais, ry\u0161iu su gamta, emociniu stabilumu, be r\u016bpes\u010di\u0173, nesigail\u0117jimo, daug pozityvumo ir laikytis atokiau nuo toksi\u0161k\u0173 \u017emoni\u0173\u201c.<\/p>\n<p>Esteller sak\u0117, kad jos \u0161eima taip pat gali pasi\u016blyti kelet\u0105 u\u017euomin\u0173.<\/p>\n<div class=\"c-ad c-ad--bigbox l-article__ad\">\n<p>Istorija t\u0119siasi po skelbimu<\/p>\n<\/p><\/div>\n<p>\u201eAkivaizdu, kad yra genetinis komponentas, nes keli jos \u0161eimos nariai yra vyresni nei 90 met\u0173\u201c, \u2013 sak\u0117 jis.<\/p>\n<p>The <a href=\"https:\/\/grg.org\/WSRL\/TableE.aspx\" target=\"_blank\" rel=\"noopener\">Gerontologijos tyrim\u0173 grup\u0117<\/a>kuriame sekama informacija apie \u017emones, kurie, kaip manoma, yra 110 met\u0173 ar vyresni, Branyas buvo \u012ftrauktas \u012f seniausi\u0105 \u017einom\u0105 \u017emog\u0173 pasaulyje po to, kai mir\u0117 <a href=\"https:\/\/globalnews.ca\/news\/9419105\/worlds-oldest-person-sister-andre-dead-118\/\" target=\"_blank\" rel=\"noopener\">Pranc\u016bz\u0173 vienuol\u0117 Lucile Randon<\/a> pernai.<\/p>\n<div class=\"l-article__oembed embed-twitter\">\n<blockquote class=\"twitter-tweet\" data-width=\"500\" data-dnt=\"true\">\n<p lang=\"en\" dir=\"ltr\">Gerontologijos tyrim\u0173 grup\u0117 (GRG) su li\u016bdesiu prane\u0161a apie Maria Branyas Morera (1907\u20132024), seniausio pasaulio \u017emogaus, mirt\u012f, b\u016bdama 117 met\u0173 ir 169 dien\u0173 am\u017eiaus. Jos am\u017ei\u0173 ir status\u0105 moksli\u0161kai patvirtino GRG ir GWR. Tegul ji ilsisi ramyb\u0117je.<a href=\"https:\/\/t.co\/rtHzuKoMMD\">https:\/\/t.co\/rtHzuKoMMD<\/a> <a href=\"https:\/\/t.co\/7dK5YIzOJV\">pic.twitter.com\/7dK5YIzOJV<\/a><\/p>\n<p>\u2014 Gerontologijos tyrim\u0173 grup\u0117 (GRG) (@GerontologyGrg) <a href=\"https:\/\/twitter.com\/GerontologyGrg\/status\/1825832304964432065?ref_src=twsrc%5Etfw\">2024 m. rugpj\u016b\u010dio 20 d<\/a><\/p>\n<\/blockquote>\n<\/div>\n<p>Kitas pagal am\u017ei\u0173 grup\u0117s s\u0105ra\u0161e esantis asmuo dabar yra japon\u0117 Tomiko Itooka, kuriai 116 met\u0173.<\/p>\n<div class=\"l-article__part\" data-shortcode=\"tp_video_miniplayer\">\n<section id=\"miniplayer_66c558ad438d4-carousel\" class=\"l-videoCarousel l-videoCarousel--embed c-carousel\" data-video-carousel-play-inline=\"true\" data-video-carousel-init=\"false\" aria-label=\"Video carousel contains 6 videos.\">\n<div class=\"l-videoCarousel__inner\">\n<div class=\"l-videoCarousel__featured\">\n<div class=\"c-video c-videoPlay \" data-iframe-receiver=\"\" data-autoplay=\"\" data-displayinline-featured=\"true\" data-displayinline-type=\"video\" data-displayinline-player-id=\"miniplayer_66c558ad438d4\" data-displayinline-video-id=\"8518042\" data-displayinline-ratio=\"16:9\" data-displayinline=\"https:\/\/globalnews.ca\/video\/embed\/playlist\/8518042,7923451,6304741,6242120,5882901,5039123\/?poster=https%3A%2F%2Fi2.wp.com%2Fmedia.globalnews.ca%2Fvideostatic%2Fnews%2Fu0a6yt8lpw-kk3rjn2j6r%2Fweb_OLDEST_PERSON_DIES__OMALLEY_.jpg%3Fw%3D1200%26%23038%3Bquality%3D70%26%23038%3Bstrip%3Dall#autoplay&amp;stickyiframe=miniplayer_66c558ad438d4\" data-displayinline-playlist=\"8518042,7923451,6304741,6242120,5882901,5039123\" data-displayinline-sticky=\"true\">\n<div class=\"c-video__inner\">\n\t\t\t\t\t<span class=\"c-video__placeholder\"><br \/>\n\t\t\t\t\t\t<img class=\"c-video__image\" alt=\"Spustel\u0117kite, jei norite paleisti vaizdo \u012fra\u0161\u0105: \u201eMonrealyje mir\u0117 seniausias Kanados \u017emogus, prisimenamas kaip optimistas\u201c\" width=\"640\" height=\"360\" data-src=\"https:\/\/i2.wp.com\/media.globalnews.ca\/videostatic\/news\/u0a6yt8lpw-kk3rjn2j6r\/web_OLDEST_PERSON_DIES__OMALLEY_.jpg?w=1200&amp;quality=70&amp;strip=all\" loading=\"lazy\" srcset=\"\" sizes=\"auto, \" data-srcset=\"https:\/\/i2.wp.com\/media.globalnews.ca\/videostatic\/news\/u0a6yt8lpw-kk3rjn2j6r\/web_OLDEST_PERSON_DIES__OMALLEY_.jpg?w=450#038;quality=70&amp;strip=all 450w,https:\/\/i2.wp.com\/media.globalnews.ca\/videostatic\/news\/u0a6yt8lpw-kk3rjn2j6r\/web_OLDEST_PERSON_DIES__OMALLEY_.jpg?w=720#038;quality=70&amp;strip=all 720w,https:\/\/i2.wp.com\/media.globalnews.ca\/videostatic\/news\/u0a6yt8lpw-kk3rjn2j6r\/web_OLDEST_PERSON_DIES__OMALLEY_.jpg?w=1040#038;quality=70&amp;strip=all 1040w,\" data-sizes=\"(min-width: 1040px) 1040px,(min-width: 720px) 720px,450px\"\/><br \/>\n\t\t\t\t\t\t\t\t\t\t\t\t<span class=\"c-video__overlay\"><\/p>\n<p>\n\t\t\t\t\t\t\t\t\t\t\t\t\t\t\t\t\t<time class=\"c-video__duration\">1:51<\/time><br \/>\n\t\t\t\t\t\t\t\t\t\t\t\t\t\t\t\t\t\t\t\t\t\t\t\t\t<span class=\"c-video__title\">Seniausias Kanados \u017emogus mir\u0117 Monrealyje, prisimenamas kaip optimistas<\/span>\n\t\t\t\t\t\t\t\t\t\t\t\t\t\t\t<\/p>\n<p>\t\t\t\t\t\t<\/span><br \/>\n\t\t\t\t\t\t\t\t\t\t\t<\/span>\n\t\t\t\t<\/div>\n<\/p><\/div>\n<\/p><\/div>\n<div class=\"l-videoCarousel__glide glide \">\n<div class=\"glide__arrows c-carousel__buttons l-videoCarousel__buttons\" data-glide-el=\"controls\">\n\t<button class=\"glide__arrow glide__arrow--left c-carousel__button c-carousel__prev l-videoCarousel__button l-videoCarousel__prev c-longform-gallery__prev\" data-glide-dir=\"&lt;\"><\/p>\n<p>\t\t<span class=\"sr-only\">Ankstesnis Video<\/span><br \/>\n\t<\/button><br \/>\n\t<button class=\"glide__arrow glide__arrow--right c-carousel__button c-carousel__next l-videoCarousel__button l-videoCarousel__next c-longform-gallery__next\" data-glide-dir=\"&gt;\"><\/p>\n<p>\t\t<span class=\"sr-only\">Kitas vaizdo \u012fra\u0161as<\/span><br \/>\n\t<\/button><br \/>\n\t\t<button class=\"c-carousel__goto\" data-glide-dir=\"=0\" aria-hidden=\"true\" tabindex=\"-1\"\/>\n\t<\/div>\n<\/p><\/div>\n<\/p><\/div>\n<p>\t\t<!-- video stream item --><\/p>\n<\/section><\/div>\n<div class=\"c-ad c-ad--bigbox l-article__ad\">\n<p>Istorija t\u0119siasi po skelbimu<\/p>\n<\/p><\/div>\n<p>\u2014 <em>Su failu i\u0161 \u201eThe Associated Press\u201c.<\/em><\/p>\n<\/p><\/div>\n<div>\n<p>\t\t&#038;copy 2024 Global News, Corus Entertainment Inc. padalinys.\t<\/p>\n<\/div>\n<p><script async src=\"\/\/platform.twitter.com\/widgets.js\" charset=\"utf-8\"><\/script><script defer src=\"https:\/\/connect.facebook.net\/en_US\/sdk.js#xfbml=1&#038;appId=318812448281278&#038;version=v3.3\"><\/script><br \/>\n<br \/><br \/>\n<br \/><a href=\"https:\/\/globalnews.ca\/news\/10706985\/worlds-oldest-person-maria-branyas-dead\/\">Source link <\/a><\/p>\n","protected":false},"excerpt":{"rendered":"<p>The seniausias pasaulyje \u017einomas \u017emogus117 met\u0173 am\u017eiaus mir\u0117 ispan\u0117 Maria Branyas Morera, antradien\u012f patvirtino jos&#8230;<\/p>\n","protected":false},"author":1,"featured_media":2773,"comment_status":"open","ping_status":"open","sticky":false,"template":"","format":"standard","meta":{"_monsterinsights_skip_tracking":false,"_monsterinsights_sitenote_active":false,"_monsterinsights_sitenote_note":"","_monsterinsights_sitenote_category":0,"footnotes":""},"categories":[7],"tags":[],"class_list":["post-2772","post","type-post","status-publish","format-standard","has-post-thumbnail","hentry","category-pasaulio-naujienos"],"aioseo_notices":[],"_links":{"self":[{"href":"https:\/\/naujienulaikas.lt\/index.php\/wp-json\/wp\/v2\/posts\/2772","targetHints":{"allow":["GET"]}}],"collection":[{"href":"https:\/\/naujienulaikas.lt\/index.php\/wp-json\/wp\/v2\/posts"}],"about":[{"href":"https:\/\/naujienulaikas.lt\/index.php\/wp-json\/wp\/v2\/types\/post"}],"author":[{"embeddable":true,"href":"https:\/\/naujienulaikas.lt\/index.php\/wp-json\/wp\/v2\/users\/1"}],"replies":[{"embeddable":true,"href":"https:\/\/naujienulaikas.lt\/index.php\/wp-json\/wp\/v2\/comments?post=2772"}],"version-history":[{"count":0,"href":"https:\/\/naujienulaikas.lt\/index.php\/wp-json\/wp\/v2\/posts\/2772\/revisions"}],"wp:featuredmedia":[{"embeddable":true,"href":"https:\/\/naujienulaikas.lt\/index.php\/wp-json\/wp\/v2\/media\/2773"}],"wp:attachment":[{"href":"https:\/\/naujienulaikas.lt\/index.php\/wp-json\/wp\/v2\/media?parent=2772"}],"wp:term":[{"taxonomy":"category","embeddable":true,"href":"https:\/\/naujienulaikas.lt\/index.php\/wp-json\/wp\/v2\/categories?post=2772"},{"taxonomy":"post_tag","embeddable":true,"href":"https:\/\/naujienulaikas.lt\/index.php\/wp-json\/wp\/v2\/tags?post=2772"}],"curies":[{"name":"wp","href":"https:\/\/api.w.org\/{rel}","templated":true}]}}