{"id":2850,"date":"2024-09-02T09:36:17","date_gmt":"2024-09-02T09:36:17","guid":{"rendered":"https:\/\/naujienulaikas.lt\/index.php\/2024\/09\/02\/palestinos-kovotojai-vakaru-krante-nukove-3-izraelio-policininkus\/"},"modified":"2024-09-02T09:36:17","modified_gmt":"2024-09-02T09:36:17","slug":"palestinos-kovotojai-vakaru-krante-nukove-3-izraelio-policininkus","status":"publish","type":"post","link":"https:\/\/naujienulaikas.lt\/index.php\/2024\/09\/02\/palestinos-kovotojai-vakaru-krante-nukove-3-izraelio-policininkus\/","title":{"rendered":"Palestinos kovotojai Vakar\u0173 Krante nukov\u0117 3 Izraelio policininkus"},"content":{"rendered":"<p> <br \/>\n<\/p>\n<div id=\"\">\n<p>Palestinos kovotojai sekmadien\u012f nu\u017eud\u0117 tris Izraelio policijos pareig\u016bnus, atideng\u0119 ugn\u012f \u012f automobil\u012f okupuotame Vakar\u0173 Krante, kur pastarosiomis dienomis Izraelis sureng\u0117 didelio masto reidus.<\/p>\n<p><\/p>\n<p>I\u0161puolis buvo \u012fvykdytas prie kelio pietiniame Vakar\u0173 Krante. Reidai daugiausia buvo nukreipti \u012f miest\u0173 pab\u0117g\u0117li\u0173 stovyklas \u0161iaurin\u0117je teritorijos dalyje, kur nuo karo Gazoje prad\u017eios Izraelio paj\u0117gos beveik kasdien apsikeisdavo ugnimi su kovotojais.<\/p>\n<p>Policija patvirtino, kad visi trys \u017euvusieji buvo pareig\u016bnai ir nurod\u0117, kad u\u017epuolikai paslydo.<\/p>\n<p>Vienas i\u0161 \u017euvusi\u0173 pareig\u016bn\u0173 buvo 61 met\u0173 Ronis Shakuri i\u0161 pietinio Sderoto miesto netoli Gazos sienos, prane\u0161\u0117 policija. Jo dukra Mor, kuri taip pat buvo policijos pareig\u016bn\u0117, \u017euvo m\u016b\u0161yje su \u201eHamas\u201c kovotojais, kai jie band\u0117 u\u017evaldyti Sderoto policijos nuovad\u0105 per spalio 7 d. i\u0161puol\u012f.<\/p>\n<div class=\"c-ad c-ad--bigbox l-article__ad\">\n<p>Istorija t\u0119siasi po skelbimu<\/p>\n<\/p><\/div>\n<p>Sekmadien\u012f atsakomyb\u0119 u\u017e \u0161audym\u0105 prisi\u0117m\u0117 ma\u017eai \u017einoma kovotoj\u0173 grupuot\u0117, pasivadinusi Khalil al Rahmano brigada. \u201eHamas\u201c gyr\u0117 i\u0161puol\u012f kaip \u201enat\u016bral\u0173 atsak\u0105\u201c \u012f kar\u0105 Gazoje ir paragino daugiau.<\/p>\n<div class=\"c-inlineSignup\" data-newsletter-inline=\"\">\n<div class=\"c-inlineSignup__image\">\n\t\t\t\t\t<img decoding=\"async\" width=\"170\" height=\"225\" loading=\"lazy\" src=\"https:\/\/globalnews.ca\/wp-content\/themes\/shaw-globalnews\/images\/skyline\/national.jpg\" alt=\"Jei norite gauti naujien\u0173, turin\u010di\u0173 \u012ftakos Kanadai ir visam pasauliui, prisiregistruokite gauti naujausi\u0173 naujien\u0173 \u012fsp\u0117jimus, kurie jums bus pristatyti jiems \u012fvykus.\"\/>\n\t\t\t\t<\/div>\n<div class=\"c-inlineSignup__content\">\n<h3>Gaukite naujausias nacionalines naujienas<\/h3>\n<p>Jei norite gauti naujien\u0173, turin\u010di\u0173 \u012ftakos Kanadai ir visam pasauliui, prisiregistruokite gauti naujausi\u0173 naujien\u0173 \u012fsp\u0117jimus, kurie jums bus pristatyti jiems \u012fvykus.<\/p>\n<\/p><\/div>\n<\/p><\/div>\n<p>V\u0117liau sekmadien\u012f Izraelio paj\u0117gos apsupo nam\u0105 netoliese esan\u010diame Hebrono mieste, kur, pasak kariuomen\u0117s, \u012ftariamas u\u017epuolikas, kaip manoma, slapstosi. Ma\u017eiausiai \u0161e\u0161i kariai \u012fsitrauk\u0117 \u012f konstrukcij\u0105, ne kart\u0105 atidengdami ugn\u012f ir \u012fmesdami \u012f vid\u0173 granat\u0105. V\u0117liau kareiviai i\u0161 vidaus ne\u0161tuvais i\u0161ne\u0161\u0117 vyro k\u016bn\u0105, vienu metu atsigr\u0119\u017e\u0119 \u012f palestinie\u010di\u0173 \u017eurnalistus ir paleid\u0119 kelis \u0161ovinius \u012f juos.<\/p>\n<div class=\"c-tabs\" data-gnca-ab-test=\"related-tabs\" data-gnca-ab-variation=\"test\">\n<p>\n\t\t\t<button class=\"c-tabs__tab c-tabs__tab--active\" type=\"button\">Daugiau apie Pasaul\u012f<\/button><br \/>\n\t\t\t<button class=\"c-tabs__tab\" type=\"button\">Susij\u0119 vaizdo \u012fra\u0161ai<\/button>\n\t\t<\/p>\n<\/p><\/div>\n<p>V\u0117liau kariuomen\u0117 prane\u0161\u0117, kad \u017euv\u0119s vyras buvo u\u017epuolikas nuo rytinio i\u0161puolio ir kad pas j\u012f buvo rastas automatinis \u0161autuvas M-16. Jame teigiama, kad vyras anks\u010diau tarnavo Palestinos vald\u017eios saugumo paj\u0117gose.<\/p>\n<section id=\"content-dynamic-trending-stories\" class=\"l-inlineStories l-inlineStories--tile u-hide-tablet-landscape\" aria-label=\"Dynamic trending stories section\">\n<p>\n\t\t<span class=\"l-inlineStories__title c-heading c-heading--strikethrough\">Dabar populiaru<\/span>\n\t<\/p>\n<ul class=\"l-inlineStories__posts c-posts c-posts--inline \">\n<li class=\"c-posts__item\">\n<div class=\"c-posts__media \">\n\t\t\t\t\t\t<img decoding=\"async\" class=\"c-posts__thumbnail\" src=\"https:\/\/globalnews.ca\/wp-content\/uploads\/2024\/09\/CP173004673.jpg?quality=85&amp;strip=all&amp;w=336&amp;h=224&amp;crop=1\" loading=\"lazy\" width=\"336\" height=\"224\" alt=\"\"\/>\n\t\t\t\t\t\t\t\t\t\t\t\t\t<\/div>\n<div class=\"c-posts__details\">\n<p>\n\t\t\t\t<span class=\"c-posts__headlineText\" title=\"Israelis erupt in protest to demand a cease-fire after 6 more hostages die in Gaza\" data-title=\"\">Gazos Ruo\u017ee \u017euvus dar 6 \u012fkaitams, izraelie\u010diai protestuoja reikalaudami nutraukti ugn\u012f<\/span>\n\t<\/p>\n<\/p><\/div>\n<\/li>\n<li class=\"c-posts__item\">\n<div class=\"c-posts__media \">\n\t\t\t\t\t\t<img decoding=\"async\" class=\"c-posts__thumbnail\" src=\"https:\/\/globalnews.ca\/wp-content\/uploads\/2024\/08\/2024083109088-66d31661e09561617a6efb68jpeg_389e70.jpg?quality=85&amp;strip=all&amp;w=336&amp;h=224&amp;crop=1\" loading=\"lazy\" width=\"336\" height=\"224\" alt=\"\"\/>\n\t\t\t\t\t\t\t\t\t\t\t\t\t<\/div>\n<div class=\"c-posts__details\">\n<p>\n\t\t\t\t<span class=\"c-posts__headlineText\" title=\"Johnny Gaudreau\u2019s wife posts on social media for first time since his death\" data-title=\"\">Johnny Gaudreau \u017emona pirm\u0105 kart\u0105 po jo mirties paskelbia \u012fra\u0161us socialin\u0117je \u017einiasklaidoje<\/span>\n\t<\/p>\n<\/p><\/div>\n<\/li>\n<\/ul>\n<\/section>\n<p>Vakar\u0173 Krante smurtas i\u0161augo nuo tada, kai spalio 7 d. Hamas ataka i\u0161 Gazos \u012f\u017eieb\u0117 kar\u0105.<\/p>\n<p>Daugiau nei 650 palestinie\u010di\u0173 \u017euvo Vakar\u0173 Krante, daugiausia per Izraelio karini\u0173 are\u0161t\u0173 reidus. Atrodo, kad dauguma j\u0173 buvo kovotojai, dalyvaujantys susi\u0161audymuose su Izraelio paj\u0117gomis, ta\u010diau \u017euvo ir civiliai steb\u0117tojai bei akmenis m\u0117tantys protestuotojai.<\/p>\n<p>Per pastaruosius 10 m\u0117nesi\u0173 taip pat padaug\u0117jo naujakuri\u0173 smurto, nukreipto prie\u0161 palestinie\u010dius, ir palestinie\u010di\u0173 atak\u0173 prie\u0161 izraelie\u010dius.<\/p>\n<div class=\"c-ad c-ad--bigbox l-article__ad\">\n<p>Istorija t\u0119siasi po skelbimu<\/p>\n<\/p><\/div>\n<p>Per 1967 m. Artim\u0173j\u0173 Ryt\u0173 kar\u0105 Izraelis u\u017e\u0117m\u0117 Vakar\u0173 Krant\u0105, Gazos ruo\u017e\u0105 ir Ryt\u0173 Jeruzal\u0119. Palestinie\u010diai savo b\u016bsimai valstybei nori vis\u0173 trij\u0173 teritorij\u0173, ta\u010diau paskutin\u0117s rimtos taikos derybos \u017elugo prie\u0161 daugiau nei 15 met\u0173.<\/p>\n<p>Izraelis Vakar\u0173 Krante pastat\u0117 daugiau nei 100 gyvenvie\u010di\u0173, kai kurios i\u0161 j\u0173 primena priemies\u010dius ir ma\u017eus miestelius. Daugiau nei 500 000 Izraelio pilietyb\u0119 turin\u010di\u0173 naujakuri\u0173 gyvena gyvenviet\u0117se, kurias dauguma tarptautin\u0117s bendruomen\u0117s laiko nelegaliomis.<\/p>\n<p>3 milijonai palestinie\u010di\u0173 Vakar\u0173 Krante gyvena i\u0161 pa\u017ei\u016bros neriboto Izraelio karinio valdymo, o Vakar\u0173 remiama Palestinos vald\u017eia gyventoj\u0173 centruose naudojasi ribota autonomija.<\/p>\n<\/p><\/div>\n<div>\n<p>\t\t&#038;kopija 2024 The Canadian Press\t<\/p>\n<\/div>\n<p><script defer src=\"https:\/\/connect.facebook.net\/en_US\/sdk.js#xfbml=1&#038;appId=318812448281278&#038;version=v3.3\"><\/script><br \/>\n<br \/><br \/>\n<br \/><a href=\"https:\/\/globalnews.ca\/news\/10728914\/palestinian-militants-kill-israeli-police-west-bank\/\">Source link <\/a><\/p>\n","protected":false},"excerpt":{"rendered":"<p>Palestinos kovotojai sekmadien\u012f nu\u017eud\u0117 tris Izraelio policijos pareig\u016bnus, atideng\u0119 ugn\u012f \u012f automobil\u012f okupuotame Vakar\u0173 Krante,&#8230;<\/p>\n","protected":false},"author":1,"featured_media":2851,"comment_status":"open","ping_status":"open","sticky":false,"template":"","format":"standard","meta":{"_monsterinsights_skip_tracking":false,"_monsterinsights_sitenote_active":false,"_monsterinsights_sitenote_note":"","_monsterinsights_sitenote_category":0,"footnotes":""},"categories":[7],"tags":[71,67,69,70,66,72,68],"class_list":["post-2850","post","type-post","status-publish","format-standard","has-post-thumbnail","hentry","category-pasaulio-naujienos","tag-izraelio","tag-kovotojai","tag-krante","tag-nukove","tag-palestinos","tag-policininkus","tag-vakaru"],"aioseo_notices":[],"_links":{"self":[{"href":"https:\/\/naujienulaikas.lt\/index.php\/wp-json\/wp\/v2\/posts\/2850","targetHints":{"allow":["GET"]}}],"collection":[{"href":"https:\/\/naujienulaikas.lt\/index.php\/wp-json\/wp\/v2\/posts"}],"about":[{"href":"https:\/\/naujienulaikas.lt\/index.php\/wp-json\/wp\/v2\/types\/post"}],"author":[{"embeddable":true,"href":"https:\/\/naujienulaikas.lt\/index.php\/wp-json\/wp\/v2\/users\/1"}],"replies":[{"embeddable":true,"href":"https:\/\/naujienulaikas.lt\/index.php\/wp-json\/wp\/v2\/comments?post=2850"}],"version-history":[{"count":0,"href":"https:\/\/naujienulaikas.lt\/index.php\/wp-json\/wp\/v2\/posts\/2850\/revisions"}],"wp:featuredmedia":[{"embeddable":true,"href":"https:\/\/naujienulaikas.lt\/index.php\/wp-json\/wp\/v2\/media\/2851"}],"wp:attachment":[{"href":"https:\/\/naujienulaikas.lt\/index.php\/wp-json\/wp\/v2\/media?parent=2850"}],"wp:term":[{"taxonomy":"category","embeddable":true,"href":"https:\/\/naujienulaikas.lt\/index.php\/wp-json\/wp\/v2\/categories?post=2850"},{"taxonomy":"post_tag","embeddable":true,"href":"https:\/\/naujienulaikas.lt\/index.php\/wp-json\/wp\/v2\/tags?post=2850"}],"curies":[{"name":"wp","href":"https:\/\/api.w.org\/{rel}","templated":true}]}}