{"id":2928,"date":"2024-09-15T11:47:31","date_gmt":"2024-09-15T11:47:31","guid":{"rendered":"https:\/\/naujienulaikas.lt\/index.php\/2024\/09\/15\/ukraina-dar-karta-ragina-sajungininkus-pritarti-tolimiems-smugiams-rusijos-teritorijoje-nacionalinis\/"},"modified":"2024-09-15T11:47:31","modified_gmt":"2024-09-15T11:47:31","slug":"ukraina-dar-karta-ragina-sajungininkus-pritarti-tolimiems-smugiams-rusijos-teritorijoje-nacionalinis","status":"publish","type":"post","link":"https:\/\/naujienulaikas.lt\/index.php\/2024\/09\/15\/ukraina-dar-karta-ragina-sajungininkus-pritarti-tolimiems-smugiams-rusijos-teritorijoje-nacionalinis\/","title":{"rendered":"Ukraina dar kart\u0105 ragina s\u0105jungininkus pritarti tolimiems sm\u016bgiams Rusijos teritorijoje \u2013 Nacionalinis"},"content":{"rendered":"<p> <br \/>\n<\/p>\n<div id=\"\">\n<p>Ukraina \u0161e\u0161tadien\u012f v\u0117l paragino Vakarus leisti jai smogti giliau \u012f Rusij\u0105 po to, kai dien\u0105 anks\u010diau \u012fvyk\u0119s JAV ir Did\u017eiosios Britanijos lyderi\u0173 susitikimas nepateik\u0117 joki\u0173 matom\u0173 poslinki\u0173 j\u0173 politikoje d\u0117l tolimojo nuotolio ginkl\u0173 naudojimo.<\/p>\n<p><\/p>\n<p>Atnaujintas kreipimasis buvo pateiktas Kijevui prane\u0161us, kad Rusija per nakt\u012f sureng\u0117 daugiau bepilo\u010di\u0173 orlaivi\u0173 ir artilerijos atak\u0173 \u012f Ukrain\u0105.<\/p>\n<p>\u201eRusijos teroras prasideda ginkl\u0173 sand\u0117liuose, aerodromuose ir karin\u0117se baz\u0117se Rusijos Federacijoje\u201c, \u2013 \u0161e\u0161tadien\u012f sak\u0117 Ukrainos prezidento patar\u0117jas Andrijus Jermakas. \u201eLeidimas smogti giliai \u012f Rusij\u0105 paspartins sprendim\u0105\u201c.<\/p>\n<p>Ukrainos pareig\u016bnai ne kart\u0105 ragino s\u0105jungininkus leisti naudoti Vakar\u0173 tiekiamus tolimojo nuotolio ginklus smogti taikiniams giliai Rusijos teritorijoje. Kol kas JAV leido Kijevui naudoti amerikie\u010di\u0173 apr\u016bpintus ginklus tik ribotoje Rusijos ir Ukrainos sienos teritorijoje.<\/p>\n<p>Manoma, kad penktadien\u012f Va\u0161ingtone susitiko JAV prezidentas Joe Bidenas ir Did\u017eiosios Britanijos ministras pirmininkas Keiras Starmeris, ta\u010diau apie tai, kad sprendimas nebuvo paskelbtas i\u0161 karto, buvo svarstoma d\u0117l tolim\u0173j\u0173 sm\u016bgi\u0173 leidimo.<\/p>\n<div class=\"c-ad c-ad--bigbox l-article__ad\">\n<p>Istorija t\u0119siasi po skelbimu<\/p>\n<\/p><\/div>\n<p>Ukrainos prezidentas Volodymyras Zelenskis spaud\u0117 JAV ir kitus s\u0105jungininkus leisti jo paj\u0117goms panaudoti Vakar\u0173 ginklus nukreipti \u012f aviacijos bazes ir paleidimo vietas toliau, nes Rusija prie\u0161 \u017eiem\u0105 suaktyvino Ukrainos elektros tinkl\u0173 ir komunalini\u0173 paslaug\u0173 puolim\u0105.<\/p>\n<p>Jis \u0161e\u0161tadienio ryt\u0105 vykusio susitikimo tiesiogiai nekomentavo, ta\u010diau teig\u0117, kad per nakt\u012f \u012f Ukrain\u0105 buvo paleista daugiau nei 70 Rusijos bepilo\u010di\u0173 orlaivi\u0173. Ukrainos oro paj\u0117gos v\u0117liau prane\u0161\u0117, kad buvo pasteb\u0117ti 76 Rusijos dronai, i\u0161 kuri\u0173 72 buvo numu\u0161ti.<\/p>\n<p>\u201eTurime sustiprinti savo oro gynyb\u0105 ir tolimojo nuotolio paj\u0117gumus, kad apsaugotume savo \u017emones\u201c, \u2013 socialin\u0117je \u017einiasklaidoje ra\u0161\u0117 Zelenskis. \u201eDirbame \u0161iuo klausimu su visais Ukrainos partneriais.<\/p>\n<div class=\"l-article__part\" data-shortcode=\"tp_video\">\n<div class=\"c-video c-videoPlay \" data-iframe-receiver=\"\" data-autoplay=\"\" data-displayinline-featured=\"false\" data-displayinline-type=\"video\" data-displayinline-player-id=\"miniplayer_10755652_66e67eee6c844\" data-displayinline-video-id=\"10755652\" data-displayinline-ratio=\"16:9\" data-displayinline=\"https:\/\/globalnews.ca\/video\/embed\/10755652\/#autoplay&amp;stickyiframe=miniplayer_10755652_66e67eee6c844\" data-displayinline-sticky=\"true\">\n<div class=\"c-video__inner\">\n\t\t\t\t\t<span class=\"c-video__placeholder\"><br \/>\n\t\t\t\t\t\t<img class=\"c-video__image\" alt=\"Spustel\u0117kite, jei norite paleisti vaizdo \u012fra\u0161\u0105: \u201ePutinas \u012fsp\u0117ja apie kar\u0105 su NATO, jei Ukraina smogs Rusijai tolimojo nuotolio raketomis\u201c\" width=\"640\" height=\"360\" data-src=\"https:\/\/i2.wp.com\/media.globalnews.ca\/videostatic\/news\/kx7em4sgd2-hih4z7x0y9\/FR_GN_RUSSIA_VMS.jpg?w=1040&amp;quality=70&amp;strip=all\" loading=\"lazy\" srcset=\"\" sizes=\"auto, \" data-srcset=\"https:\/\/i2.wp.com\/media.globalnews.ca\/videostatic\/news\/kx7em4sgd2-hih4z7x0y9\/FR_GN_RUSSIA_VMS.jpg?w=450#038;quality=70&amp;strip=all 450w,https:\/\/i2.wp.com\/media.globalnews.ca\/videostatic\/news\/kx7em4sgd2-hih4z7x0y9\/FR_GN_RUSSIA_VMS.jpg?w=720#038;quality=70&amp;strip=all 720w,https:\/\/i2.wp.com\/media.globalnews.ca\/videostatic\/news\/kx7em4sgd2-hih4z7x0y9\/FR_GN_RUSSIA_VMS.jpg?w=1040#038;quality=70&amp;strip=all 1040w,\" data-sizes=\"(min-width: 1040px) 1040px,(min-width: 720px) 720px,450px\"\/><br \/>\n\t\t\t\t\t\t\t\t\t\t\t\t<span class=\"c-video__overlay\"><\/p>\n<p>\n\t\t\t\t\t\t\t\t\t\t\t\t\t\t\t\t\t<time class=\"c-video__duration\">2:03<\/time><br \/>\n\t\t\t\t\t\t\t\t\t\t\t\t\t\t\t\t\t\t\t\t\t\t\t\t\t<span class=\"c-video__title\">Putinas persp\u0117ja kar\u0105 su NATO, jei Ukraina smogs Rusijai tolimojo nuotolio raketomis<\/span>\n\t\t\t\t\t\t\t\t\t\t\t\t\t\t\t<\/p>\n<p>\t\t\t\t\t\t<\/span><br \/>\n\t\t\t\t\t\t\t\t\t\t\t<\/span>\n\t\t\t\t<\/div>\n<\/p><\/div>\n<\/p><\/div>\n<p>Kit\u0173 nakties i\u0161puoli\u0173 metu vienas \u017emogus \u017euvo per Rusijos artilerijos ap\u0161audym\u0105, kai Ukrainos Sum\u0173 regione buvo nusitaikyta \u012f energetikos infrastrukt\u016br\u0105. Ukrainos energetikos ministerija prane\u0161\u0117, kad \u017euvo 54 met\u0173 vairuotojas, o dar septyni \u017emon\u0117s buvo paguldyti \u012f ligonin\u0119.<\/p>\n<div class=\"c-ad c-ad--bigbox l-article__ad\">\n<p>Istorija t\u0119siasi po skelbimu<\/p>\n<\/p><\/div>\n<p>Dar trys \u017emon\u0117s \u017euvo \u0161e\u0161tadien\u012f per Rusijos sm\u016bg\u012f \u017eem\u0117s \u016bkio \u012fmonei prie\u0161akiniame Huliaipol\u0117s mieste Zaporo\u017e\u0117s regione, prane\u0161\u0117 gubernatorius Ivanas Fiodorovas.<\/p>\n<div class=\"c-inlineSignup\" data-newsletter-inline=\"\">\n<div class=\"c-inlineSignup__image\">\n\t\t\t\t\t<img decoding=\"async\" width=\"170\" height=\"225\" loading=\"lazy\" src=\"https:\/\/globalnews.ca\/wp-content\/themes\/shaw-globalnews\/images\/skyline\/national.jpg\" alt=\"Kart\u0105 per dien\u0105 gaukite svarbiausi\u0173 dienos naujien\u0173, politini\u0173, ekonomini\u0173 ir aktualij\u0173 antra\u0161tes.\"\/>\n\t\t\t\t<\/div>\n<div class=\"c-inlineSignup__content\">\n<div id=\"ez-toc-container\" class=\"ez-toc-v2_0_82_2 counter-hierarchy ez-toc-counter ez-toc-grey ez-toc-container-direction\">\n<div class=\"ez-toc-title-container\">\n<p class=\"ez-toc-title\" style=\"cursor:inherit\">Turinys:<\/p>\n<span class=\"ez-toc-title-toggle\"><a href=\"#\" class=\"ez-toc-pull-right ez-toc-btn ez-toc-btn-xs ez-toc-btn-default ez-toc-toggle\" aria-label=\"Toggle Table of Content\"><span class=\"ez-toc-js-icon-con\"><span class=\"\"><span class=\"eztoc-hide\" style=\"display:none;\">Toggle<\/span><span class=\"ez-toc-icon-toggle-span\"><svg style=\"fill: #999;color:#999\" xmlns=\"http:\/\/www.w3.org\/2000\/svg\" class=\"list-377408\" width=\"20px\" height=\"20px\" viewBox=\"0 0 24 24\" fill=\"none\"><path d=\"M6 6H4v2h2V6zm14 0H8v2h12V6zM4 11h2v2H4v-2zm16 0H8v2h12v-2zM4 16h2v2H4v-2zm16 0H8v2h12v-2z\" fill=\"currentColor\"><\/path><\/svg><svg style=\"fill: #999;color:#999\" class=\"arrow-unsorted-368013\" xmlns=\"http:\/\/www.w3.org\/2000\/svg\" width=\"10px\" height=\"10px\" viewBox=\"0 0 24 24\" version=\"1.2\" baseProfile=\"tiny\"><path d=\"M18.2 9.3l-6.2-6.3-6.2 6.3c-.2.2-.3.4-.3.7s.1.5.3.7c.2.2.4.3.7.3h11c.3 0 .5-.1.7-.3.2-.2.3-.5.3-.7s-.1-.5-.3-.7zM5.8 14.7l6.2 6.3 6.2-6.3c.2-.2.3-.5.3-.7s-.1-.5-.3-.7c-.2-.2-.4-.3-.7-.3h-11c-.3 0-.5.1-.7.3-.2.2-.3.5-.3.7s.1.5.3.7z\"\/><\/svg><\/span><\/span><\/span><\/a><\/span><\/div>\n<nav><ul class='ez-toc-list ez-toc-list-level-1 ' ><ul class='ez-toc-list-level-3' ><li class='ez-toc-heading-level-3'><a class=\"ez-toc-link ez-toc-heading-1\" href=\"https:\/\/naujienulaikas.lt\/index.php\/2024\/09\/15\/ukraina-dar-karta-ragina-sajungininkus-pritarti-tolimiems-smugiams-rusijos-teritorijoje-nacionalinis\/#Gaukite_kasdienes_nacionalines_naujienas\" >Gaukite kasdienes nacionalines naujienas<\/a><\/li><\/ul><\/li><li class='ez-toc-page-1 ez-toc-heading-level-2'><a class=\"ez-toc-link ez-toc-heading-2\" href=\"https:\/\/naujienulaikas.lt\/index.php\/2024\/09\/15\/ukraina-dar-karta-ragina-sajungininkus-pritarti-tolimiems-smugiams-rusijos-teritorijoje-nacionalinis\/#Maskva_perspeja_Vakaru_salis\" >Maskva persp\u0117ja Vakar\u0173 \u0161alis<\/a><\/li><li class='ez-toc-page-1 ez-toc-heading-level-2'><a class=\"ez-toc-link ez-toc-heading-3\" href=\"https:\/\/naujienulaikas.lt\/index.php\/2024\/09\/15\/ukraina-dar-karta-ragina-sajungininkus-pritarti-tolimiems-smugiams-rusijos-teritorijoje-nacionalinis\/#Pasikeisti_karo_belaisviais\" >Pasikeisti karo belaisviais<\/a><\/li><\/ul><\/nav><\/div>\n<h3><span class=\"ez-toc-section\" id=\"Gaukite_kasdienes_nacionalines_naujienas\"><\/span>Gaukite kasdienes nacionalines naujienas<span class=\"ez-toc-section-end\"><\/span><\/h3>\n<p>Kart\u0105 per dien\u0105 gaukite svarbiausi\u0173 dienos naujien\u0173, politini\u0173, ekonomini\u0173 ir aktualij\u0173 antra\u0161tes.<\/p>\n<\/p><\/div>\n<\/p><\/div>\n<h2><span class=\"ez-toc-section\" id=\"Maskva_perspeja_Vakaru_salis\"><\/span>Maskva persp\u0117ja Vakar\u0173 \u0161alis<span class=\"ez-toc-section-end\"><\/span><\/h2>\n<p>Tuo tarpu pareig\u016bnai Maskvoje ir toliau skelb\u0117 vie\u0161us parei\u0161kimus, persp\u0117dami, kad ilgo nuotolio sm\u016bgiai i\u0161provokuos tolesn\u012f eskalavim\u0105 tarp Rusijos ir Vakar\u0173. \u0160ios pastabos atitinka pasakojim\u0105, kur\u012f Kremlius propagavo nuo pat karo prad\u017eios, kaltindamas NATO \u0161alis de facto dalyvavimu konflikte ir grasinimu atsakyti.<\/p>\n<p>Rusijos u\u017esienio reikal\u0173 viceministras Sergejus Riabkovas \u0161e\u0161tadien\u012f valstybinei naujien\u0173 agent\u016brai \u201eTass\u201c sak\u0117, kad JAV ir Did\u017eiosios Britanijos vyriausyb\u0117s past\u016bm\u0117jo konflikt\u0105, prasid\u0117jus\u012f 2022 m. vasario m\u0117n. Rusijai \u012fvykus plataus masto invazijai \u012f Ukrain\u0105, link \u201eblogai kontroliuojamo eskalavimo\u201c.<\/p>\n<p>Bidenas penktadien\u012f atmet\u0117 pana\u0161ius Rusijos prezidento Vladimiro Putino komentarus, ketvirtadien\u012f pareik\u0161damas, kad leidimas vykdyti tolimus sm\u016bgius \u201ereik\u0161t\u0173, kad NATO \u0161alys, JAV ir Europos \u0161alys kariauja su Rusija\u201c.<\/p>\n<section id=\"content-dynamic-trending-stories\" class=\"l-inlineStories l-inlineStories--tile u-hide-tablet-landscape\" aria-label=\"Dynamic trending stories section\">\n<p>\n\t\t<span class=\"l-inlineStories__title c-heading c-heading--strikethrough\">Dabar populiaru<\/span>\n\t<\/p>\n<ul class=\"l-inlineStories__posts c-posts c-posts--inline \">\n<li class=\"c-posts__item\">\n<div class=\"c-posts__media \">\n\t\t\t\t\t\t<img class=\"c-posts__thumbnail\" data-src=\"https:\/\/globalnews.ca\/wp-content\/uploads\/2024\/09\/Untitled-design-48.png?w=336&amp;h=224&amp;crop=1\" loading=\"lazy\" width=\"336\" height=\"224\" alt=\"\"\/>\n\t\t\t\t\t\t\t\t\t\t\t\t\t<\/div>\n<div class=\"c-posts__details\">\n<p>\n\t\t\t\t<span class=\"c-posts__headlineText\" title=\"Springfield, Ohio faces 2nd day of bomb threats after Trump \u2018eating pets\u2019 rant\" data-title=\"\">Springfilde, Ohajo valstijoje, antr\u0105 dien\u0105 grasinama sprogdinti po Trumpo \u201e\u0117dan\u010di\u0173 naminius gyv\u016bnus\u201c.<\/span>\n\t<\/p>\n<\/p><\/div>\n<\/li>\n<li class=\"c-posts__item\">\n<div class=\"c-posts__media \">\n\t\t\t\t\t\t<img class=\"c-posts__thumbnail\" data-src=\"https:\/\/globalnews.ca\/wp-content\/uploads\/2024\/09\/Bank-of-Canada-yellow-light.jpg?quality=85&amp;strip=all&amp;w=336&amp;h=224&amp;crop=1\" loading=\"lazy\" width=\"336\" height=\"224\" alt=\"\"\/>\n\t\t\t\t\t\t\t\t\t\t\t\t\t<\/div>\n<div class=\"c-posts__details\">\n<p>\n\t\t\t\t<span class=\"c-posts__headlineText\" title=\"Where should you put your money now that interest rates are falling?\" data-title=\"\">Kur d\u0117ti pinigus dabar, kai pal\u016bkan\u0173 normos krenta?<\/span>\n\t<\/p>\n<\/p><\/div>\n<\/li>\n<\/ul>\n<\/section>\n<div class=\"l-article__part\" data-shortcode=\"tp_video\">\n<div class=\"c-video c-videoPlay \" data-iframe-receiver=\"\" data-autoplay=\"\" data-displayinline-featured=\"false\" data-displayinline-type=\"video\" data-displayinline-player-id=\"miniplayer_10751352_66e67eee6e123\" data-displayinline-video-id=\"10751352\" data-displayinline-ratio=\"16:9\" data-displayinline=\"https:\/\/globalnews.ca\/video\/embed\/10751352\/#autoplay&amp;stickyiframe=miniplayer_10751352_66e67eee6e123\" data-displayinline-sticky=\"true\">\n<div class=\"c-video__inner\">\n\t\t\t\t\t<span class=\"c-video__placeholder\"><br \/>\n\t\t\t\t\t\t<img class=\"c-video__image\" alt=\"Spustel\u0117kite nor\u0117dami paleisti vaizdo \u012fra\u0161\u0105: \u201eRusija-Ukraina: JAV\u201c, \u201eBlinken\u201c, JK \u201eLammy\u201c lankosi Kijeve\u201c\" width=\"640\" height=\"360\" data-src=\"https:\/\/i2.wp.com\/media.globalnews.ca\/videostatic\/news\/tk8gparahr-vdjp20puql\/240911-REDMOND.jpg?w=1040&amp;quality=70&amp;strip=all\" loading=\"lazy\" srcset=\"\" sizes=\"auto, \" data-srcset=\"https:\/\/i2.wp.com\/media.globalnews.ca\/videostatic\/news\/tk8gparahr-vdjp20puql\/240911-REDMOND.jpg?w=450#038;quality=70&amp;strip=all 450w,https:\/\/i2.wp.com\/media.globalnews.ca\/videostatic\/news\/tk8gparahr-vdjp20puql\/240911-REDMOND.jpg?w=720#038;quality=70&amp;strip=all 720w,https:\/\/i2.wp.com\/media.globalnews.ca\/videostatic\/news\/tk8gparahr-vdjp20puql\/240911-REDMOND.jpg?w=1040#038;quality=70&amp;strip=all 1040w,\" data-sizes=\"(min-width: 1040px) 1040px,(min-width: 720px) 720px,450px\"\/><br \/>\n\t\t\t\t\t\t\t\t\t\t\t\t<span class=\"c-video__overlay\"><\/p>\n<p>\n\t\t\t\t\t\t\t\t\t\t\t\t\t\t\t\t\t<time class=\"c-video__duration\">2:00<\/time><br \/>\n\t\t\t\t\t\t\t\t\t\t\t\t\t\t\t\t\t\t\t\t\t\t\t\t\t<span class=\"c-video__title\">Rusija ir Ukraina: JAV \u201eBlinken\u201c, JK \u201eLammy\u201c lankosi Kijeve<\/span>\n\t\t\t\t\t\t\t\t\t\t\t\t\t\t\t<\/p>\n<p>\t\t\t\t\t\t<\/span><br \/>\n\t\t\t\t\t\t\t\t\t\t\t<\/span>\n\t\t\t\t<\/div>\n<\/p><\/div>\n<\/p><\/div>\n<p>Paklaustas, k\u0105 mano apie Putino grasinim\u0105, Bidenas atsak\u0117: \u201eA\u0161 nelabai galvoju apie Vladimir\u0105 Putin\u0105\u201c.<\/p>\n<div class=\"c-ad c-ad--bigbox l-article__ad\">\n<p>Istorija t\u0119siasi po skelbimu<\/p>\n<\/p><\/div>\n<h2><span class=\"ez-toc-section\" id=\"Pasikeisti_karo_belaisviais\"><\/span>Pasikeisti karo belaisviais<span class=\"ez-toc-section-end\"><\/span><\/h2>\n<p>Rusijos ir Ukrainos pareig\u016bnai \u0161e\u0161tadien\u012f taip pat paskelb\u0117 apie apsikeitim\u0105 kaliniais, tarpininkaujant Jungtiniams Arab\u0173 Emyratams. Jame buvo 206 kaliniai i\u0161 abiej\u0173 pusi\u0173, \u012fskaitant rusus, paimtus \u012f nelaisv\u0119 Ukrainos \u012fsiver\u017eimo \u012f Kursko srit\u012f metu.<\/p>\n<p>Apsikeitimas yra a\u0161tuntasis tokio pob\u016bd\u017eio sandoris nuo 2024 m. prad\u017eios, o bendras apsikeitim\u0173 karo belaisviais skai\u010dius siekia 1 994. Ankstesniuose mainuose taip pat tarpininkavo JAE.<\/p>\n<p>Abi pus\u0117s pavie\u0161ino kari\u0173, keliaujan\u010di\u0173 susitikti su draugais ir \u0161eima, nuotraukas, o Zelenskis komentavo: \u201eM\u016bs\u0173 \u017emon\u0117s yra namuose\u201c.<\/p>\n<p>Kitur Rusijos gynybos ministerija prane\u0161\u0117, kad vir\u0161 \u0161alies Kursko ir Belgorodo region\u0173 buvo numu\u0161ta 19 Ukrainos bepilo\u010di\u0173 orlaivi\u0173.<\/p>\n<p>Moteris taip pat \u017euvo \u0161e\u0161tadien\u012f, kai Ukrainos sviedinys pataik\u0117 \u012f jos namus pasienio kaime Bezliudovkoje, prane\u0161\u0117 Belgorodo srities gubernatorius Via\u010deslavas Gladkovas.<\/p>\n<div class=\"l-article__part\" data-shortcode=\"tp_video\">\n<div class=\"c-video c-videoPlay \" data-iframe-receiver=\"\" data-autoplay=\"\" data-displayinline-featured=\"false\" data-displayinline-type=\"video\" data-displayinline-player-id=\"miniplayer_10744998_66e67eee6e823\" data-displayinline-video-id=\"10744998\" data-displayinline-ratio=\"16:9\" data-displayinline=\"https:\/\/globalnews.ca\/video\/embed\/10744998\/#autoplay&amp;stickyiframe=miniplayer_10744998_66e67eee6e823\" data-displayinline-sticky=\"true\">\n<div class=\"c-video__inner\">\n\t\t\t\t\t<span class=\"c-video__placeholder\"><br \/>\n\t\t\t\t\t\t<img class=\"c-video__image\" alt=\"Spustel\u0117kite, jei norite paleisti vaizdo \u012fra\u0161\u0105: \u201eUkraina smog\u0117 Maskvai did\u017eiausiai iki \u0161iol dron\u0173 atakai\u201c\" width=\"640\" height=\"360\" data-src=\"https:\/\/i2.wp.com\/media.globalnews.ca\/videostatic\/news\/wp5eh1qvsr-aqbq30ka14\/Ukraine_drone_attack_Moscow.jpg?w=1040&amp;quality=70&amp;strip=all\" loading=\"lazy\" srcset=\"\" sizes=\"auto, \" data-srcset=\"https:\/\/i2.wp.com\/media.globalnews.ca\/videostatic\/news\/wp5eh1qvsr-aqbq30ka14\/Ukraine_drone_attack_Moscow.jpg?w=450#038;quality=70&amp;strip=all 450w,https:\/\/i2.wp.com\/media.globalnews.ca\/videostatic\/news\/wp5eh1qvsr-aqbq30ka14\/Ukraine_drone_attack_Moscow.jpg?w=720#038;quality=70&amp;strip=all 720w,https:\/\/i2.wp.com\/media.globalnews.ca\/videostatic\/news\/wp5eh1qvsr-aqbq30ka14\/Ukraine_drone_attack_Moscow.jpg?w=1040#038;quality=70&amp;strip=all 1040w,\" data-sizes=\"(min-width: 1040px) 1040px,(min-width: 720px) 720px,450px\"\/><br \/>\n\t\t\t\t\t\t\t\t\t\t\t\t<span class=\"c-video__overlay\"><\/p>\n<p>\n\t\t\t\t\t\t\t\t\t\t\t\t\t\t\t\t\t<time class=\"c-video__duration\">3:39<\/time><br \/>\n\t\t\t\t\t\t\t\t\t\t\t\t\t\t\t\t\t\t\t\t\t\t\t\t\t<span class=\"c-video__title\">Ukraina sureng\u0117 did\u017eiausi\u0105 iki \u0161iol bepilo\u010dio l\u0117ktuvo atak\u0105 Maskvai<\/span>\n\t\t\t\t\t\t\t\t\t\t\t\t\t\t\t<\/p>\n<p>\t\t\t\t\t\t<\/span><br \/>\n\t\t\t\t\t\t\t\t\t\t\t<\/span>\n\t\t\t\t<\/div>\n<\/p><\/div>\n<\/p><\/div>\n<\/p><\/div>\n<div>\n<p>\t\t&#038;kopija 2024 The Associated Press\t<\/p>\n<\/div>\n<p><script defer src=\"https:\/\/connect.facebook.net\/en_US\/sdk.js#xfbml=1&#038;appId=318812448281278&#038;version=v3.3\"><\/script><br \/>\n<br \/><br \/>\n<br \/><a href=\"https:\/\/globalnews.ca\/news\/10756005\/ukraine-renews-call-long-range-strikes-russia\/\">Source link <\/a><\/p>\n","protected":false},"excerpt":{"rendered":"<p>Ukraina \u0161e\u0161tadien\u012f v\u0117l paragino Vakarus leisti jai smogti giliau \u012f Rusij\u0105 po to, kai dien\u0105&#8230;<\/p>\n","protected":false},"author":1,"featured_media":2929,"comment_status":"open","ping_status":"open","sticky":false,"template":"","format":"standard","meta":{"_monsterinsights_skip_tracking":false,"_monsterinsights_sitenote_active":false,"_monsterinsights_sitenote_note":"","_monsterinsights_sitenote_category":0,"footnotes":""},"categories":[7],"tags":[62,364,99,367,365,140,366,369,370,368,217],"class_list":["post-2928","post","type-post","status-publish","format-standard","has-post-thumbnail","hentry","category-pasaulio-naujienos","tag-dar","tag-karta","tag-nacionalinis","tag-pritarti","tag-ragina","tag-rusijos","tag-sajungininkus","tag-smugiams","tag-teritorijoje","tag-tolimiems","tag-ukraina"],"aioseo_notices":[],"_links":{"self":[{"href":"https:\/\/naujienulaikas.lt\/index.php\/wp-json\/wp\/v2\/posts\/2928","targetHints":{"allow":["GET"]}}],"collection":[{"href":"https:\/\/naujienulaikas.lt\/index.php\/wp-json\/wp\/v2\/posts"}],"about":[{"href":"https:\/\/naujienulaikas.lt\/index.php\/wp-json\/wp\/v2\/types\/post"}],"author":[{"embeddable":true,"href":"https:\/\/naujienulaikas.lt\/index.php\/wp-json\/wp\/v2\/users\/1"}],"replies":[{"embeddable":true,"href":"https:\/\/naujienulaikas.lt\/index.php\/wp-json\/wp\/v2\/comments?post=2928"}],"version-history":[{"count":0,"href":"https:\/\/naujienulaikas.lt\/index.php\/wp-json\/wp\/v2\/posts\/2928\/revisions"}],"wp:featuredmedia":[{"embeddable":true,"href":"https:\/\/naujienulaikas.lt\/index.php\/wp-json\/wp\/v2\/media\/2929"}],"wp:attachment":[{"href":"https:\/\/naujienulaikas.lt\/index.php\/wp-json\/wp\/v2\/media?parent=2928"}],"wp:term":[{"taxonomy":"category","embeddable":true,"href":"https:\/\/naujienulaikas.lt\/index.php\/wp-json\/wp\/v2\/categories?post=2928"},{"taxonomy":"post_tag","embeddable":true,"href":"https:\/\/naujienulaikas.lt\/index.php\/wp-json\/wp\/v2\/tags?post=2928"}],"curies":[{"name":"wp","href":"https:\/\/api.w.org\/{rel}","templated":true}]}}