{"id":2940,"date":"2024-09-17T11:54:53","date_gmt":"2024-09-17T11:54:53","guid":{"rendered":"https:\/\/naujienulaikas.lt\/index.php\/2024\/09\/17\/kvebeko-teismas-leidzia-laikinai-pareiksti-uzsienio-darbuotoju-grupes-ieskini-del-uzdaru-leidimu-monrealis\/"},"modified":"2024-09-17T11:54:53","modified_gmt":"2024-09-17T11:54:53","slug":"kvebeko-teismas-leidzia-laikinai-pareiksti-uzsienio-darbuotoju-grupes-ieskini-del-uzdaru-leidimu-monrealis","status":"publish","type":"post","link":"https:\/\/naujienulaikas.lt\/index.php\/2024\/09\/17\/kvebeko-teismas-leidzia-laikinai-pareiksti-uzsienio-darbuotoju-grupes-ieskini-del-uzdaru-leidimu-monrealis\/","title":{"rendered":"Kvebeko teismas leid\u017eia laikinai pareik\u0161ti u\u017esienio darbuotoj\u0173 grup\u0117s ie\u0161kin\u012f d\u0117l u\u017edar\u0173 leidim\u0173 \u2013 Monrealis"},"content":{"rendered":"<p> <br \/>\n<\/p>\n<div id=\"\">\n<p>Kvebeko auk\u0161tesnysis teismas leido i\u0161kelti kolektyvin\u012f ie\u0161kin\u012f, kuriame dalyvauja laikinieji u\u017esienie\u010diai darbuotojai, paduodantys federalinei vyriausybei ie\u0161kin\u012f d\u0117l darbo leidim\u0173, \u012fpareigojan\u010di\u0173 juos su darbdaviu.<\/p>\n<p><\/p>\n<p>2023 m. Monrealyje \u012fsik\u016brusios nam\u0173 \u016bkio ir \u016bkio darbuotoj\u0173 teisi\u0173 asociacijos prad\u0117tas ie\u0161kinys teigia, kad u\u017edari darbo leidimai pa\u017eeid\u017eia Chartijos teises, susijusias su gyvybe, laisve ir asmens saugumu bei lygybe.<\/p>\n<p>Penktadien\u012f Kvebeko auk\u0161tesnysis teismas Silvana Conte \u017ealiai nu\u0161viet\u0117 ie\u0161kin\u012f, kurio nariai yra bet kurie u\u017esienie\u010diai, kuriems Kanadoje buvo i\u0161duotas leidimas dirbti po 1982 m. baland\u017eio 17 d., kuris buvo susietas su konkre\u010diu darbdaviu.<\/p>\n<p>\u201eTeismas nustato, kad \u0161iuo preliminariu etapu, nors slenks\u010dio testas yra auk\u0161tas, yra gin\u010dytinas atvejis, kai darbdavio susiejimo priemon\u0117s yra \u201eakivaizd\u017eiai prie\u0161taraujan\u010dios Konstitucijai\u201c, tod\u0117l pagal Chartij\u0105 gali b\u016bti reikalaujama atlyginti \u017eal\u0105\u201c, \u2013 ra\u0161\u0117 Conte.<\/p>\n<p>Ie\u0161kiniu pra\u0161oma atlyginti nariams \u017eal\u0105 ir paskelbti, kad Imigracijos ir pab\u0117g\u0117li\u0173 apsaugos nuostat\u0173 skyriai prie\u0161tarauja Konstitucijai.<\/p>\n<div class=\"c-ad c-ad--bigbox l-article__ad\">\n<p>Istorija t\u0119siasi po skelbimu<\/p>\n<\/p><\/div>\n<p>Byronas Alfredo Acevedo Tobaras i\u0161 Gvatemalos, \u016bkio darbuotojas ir pagrindinis ie\u0161kovas byloje, teigia, kad 2014\u20132022 m. buvo piktnaud\u017eiaujama dirbant pagal u\u017edar\u0105 leidim\u0105 su trimis atskirais darbdaviais. Jis tvirtina, kad patyr\u0117 psichologin\u0119 prievart\u0105 ir priekabiavim\u0105, ir buvo pervarg\u0119s. . Jis taip pat sako, kad nebuvo tinkamai apmokytas, tr\u016bko \u012frangos ir buvo per ma\u017eai apmokamas.<\/p>\n<div class=\"c-inlineSignup\" data-newsletter-inline=\"\">\n<div class=\"c-inlineSignup__image\">\n\t\t\t\t\t<img decoding=\"async\" width=\"170\" height=\"225\" loading=\"lazy\" src=\"https:\/\/globalnews.ca\/wp-content\/themes\/shaw-globalnews\/images\/skyline\/national.jpg\" alt=\"Jei norite gauti naujien\u0173, turin\u010di\u0173 \u012ftakos Kanadai ir visam pasauliui, prisiregistruokite gauti naujausi\u0173 naujien\u0173 \u012fsp\u0117jimus, kurie jums bus pristatyti jiems \u012fvykus.\"\/>\n\t\t\t\t<\/div>\n<div class=\"c-inlineSignup__content\">\n<h3>Gaukite naujausias nacionalines naujienas<\/h3>\n<p>Jei norite gauti naujien\u0173, turin\u010di\u0173 \u012ftakos Kanadai ir visam pasauliui, prisiregistruokite gauti naujausi\u0173 naujien\u0173 \u012fsp\u0117jimus, kurie jums bus pristatyti jiems \u012fvykus.<\/p>\n<\/p><\/div>\n<\/p><\/div>\n<p>U\u017edarieji darbo leidimai paprastai i\u0161duodami \u017eemos kvalifikacijos reikalaujantiems darbuotojams migrantams, susiejantiems juos su konkre\u010diu darbdaviu arba darbdavi\u0173 grupe. Jei darbuotojai bus atleisti, jie gali b\u016bti deportuoti i\u0161 Kanados, o kritik\u0173 teigimu, \u0161i taisykl\u0117 skatina piktnaud\u017eiavim\u0105.<\/p>\n<div class=\"l-article__part\" data-shortcode=\"tp_video\">\n<div class=\"c-video c-videoPlay \" data-iframe-receiver=\"\" data-autoplay=\"\" data-displayinline-featured=\"false\" data-displayinline-type=\"video\" data-displayinline-player-id=\"miniplayer_10729394_66e933d713df6\" data-displayinline-video-id=\"10729394\" data-displayinline-ratio=\"16:9\" data-displayinline=\"https:\/\/globalnews.ca\/video\/embed\/10729394\/#autoplay&amp;stickyiframe=miniplayer_10729394_66e933d713df6\" data-displayinline-sticky=\"true\">\n<div class=\"c-video__inner\">\n\t\t\t\t\t<span class=\"c-video__placeholder\"><br \/>\n\t\t\t\t\t\t<img class=\"c-video__image\" alt=\"Spustel\u0117kite, jei norite paleisti vaizdo \u012fra\u0161\u0105: \u201eImigracijos teisininkas Otavos \u017eingsn\u012f apriboti laikin\u0173 u\u017esienio darbuotoj\u0173 skai\u010di\u0173 vadina politiniu\u201c\" width=\"640\" height=\"360\" data-src=\"https:\/\/i1.wp.com\/media.globalnews.ca\/videostatic\/news\/49w0e49t7h-9wpostd4hl\/ONLINE_STILL_TEMP_FOREIGN_WORKERS.jpg?w=1040&amp;quality=70&amp;strip=all\" loading=\"lazy\" srcset=\"\" sizes=\"auto, \" data-srcset=\"https:\/\/i1.wp.com\/media.globalnews.ca\/videostatic\/news\/49w0e49t7h-9wpostd4hl\/ONLINE_STILL_TEMP_FOREIGN_WORKERS.jpg?w=450#038;quality=70&amp;strip=all 450w,https:\/\/i1.wp.com\/media.globalnews.ca\/videostatic\/news\/49w0e49t7h-9wpostd4hl\/ONLINE_STILL_TEMP_FOREIGN_WORKERS.jpg?w=720#038;quality=70&amp;strip=all 720w,https:\/\/i1.wp.com\/media.globalnews.ca\/videostatic\/news\/49w0e49t7h-9wpostd4hl\/ONLINE_STILL_TEMP_FOREIGN_WORKERS.jpg?w=1040#038;quality=70&amp;strip=all 1040w,\" data-sizes=\"(min-width: 1040px) 1040px,(min-width: 720px) 720px,450px\"\/><br \/>\n\t\t\t\t\t\t\t\t\t\t\t\t<span class=\"c-video__overlay\"><\/p>\n<p>\n\t\t\t\t\t\t\t\t\t\t\t\t\t\t\t\t\t<time class=\"c-video__duration\">4:33<\/time><br \/>\n\t\t\t\t\t\t\t\t\t\t\t\t\t\t\t\t\t\t\t\t\t\t\t\t\t<span class=\"c-video__title\">Imigracijos teisininkas Otavos \u017eingsn\u012f apriboti laikinus darbuotojus i\u0161 u\u017esienio vadina \u201epoliti\u0161ku\u201c<\/span>\n\t\t\t\t\t\t\t\t\t\t\t\t\t\t\t<\/p>\n<p>\t\t\t\t\t\t<\/span><br \/>\n\t\t\t\t\t\t\t\t\t\t\t<\/span>\n\t\t\t\t<\/div>\n<\/p><\/div>\n<\/p><\/div>\n<p>Atsakydami \u012f ie\u0161kin\u012f, federalin\u0117s vyriausyb\u0117s teisininkai teig\u0117, kad Acevedo Tobaro patirtis yra ne\u012fprasta ir kad jis negal\u0117jo tinkamai atstovauti grup\u0117s ie\u0161kinio nariams. Jie taip pat siek\u0117 apriboti klas\u0119 tik \u017eem\u0117s \u016bkio ir slaugytoj\u0173 srityse.<\/p>\n<div class=\"c-ad c-ad--bigbox l-article__ad\">\n<p>Istorija t\u0119siasi po skelbimu<\/p>\n<\/p><\/div>\n<p>Vyriausyb\u0117s teisinink\u0173 komanda taip pat nor\u0117jo sutrumpinti b\u016bsim\u0173 klas\u0117s nari\u0173 tinkamumo laikotarp\u012f \u2013 iki darbuotoj\u0173, kurie gavo leidimus ne anks\u010diau kaip 2017 m. Ta\u010diau parei\u0161k\u0117jai nor\u0117jo, kad klas\u0117 b\u016bt\u0173 t\u0119siama iki 1982 m. \u2013 Kanados teisi\u0173 ir laisvi\u0173 chartijos \u012fsigaliojimo met\u0173. poveikis. Conte teig\u0117, kad galutinis langas, \u012f kur\u012f gali b\u016bti \u012ftraukti klas\u0117s nariai, bus nuspr\u0119sta v\u0117liau.<\/p>\n<section id=\"content-dynamic-trending-stories\" class=\"l-inlineStories l-inlineStories--tile u-hide-tablet-landscape\" aria-label=\"Dynamic trending stories section\">\n<p>\n\t\t<span class=\"l-inlineStories__title c-heading c-heading--strikethrough\">Dabar populiaru<\/span>\n\t<\/p>\n<ul class=\"l-inlineStories__posts c-posts c-posts--inline \">\n<li class=\"c-posts__item\">\n<div class=\"c-posts__media \">\n\t\t\t\t\t\t<img class=\"c-posts__thumbnail\" data-src=\"https:\/\/globalnews.ca\/wp-content\/uploads\/2024\/09\/chrystia-freeland.jpg?quality=85&amp;strip=all&amp;w=336&amp;h=224&amp;crop=1\" loading=\"lazy\" width=\"336\" height=\"224\" alt=\"\"\/>\n\t\t\t\t\t\t\t\t\t\t\t\t\t<\/div>\n<div class=\"c-posts__details\">\n<p>\n\t\t\t\t<span class=\"c-posts__headlineText\" title=\"Ottawa to expand 30-year amortizations, raise insured mortgage cap\" data-title=\"\">Otava prapl\u0117s 30 met\u0173 amortizacij\u0105, padidins apdraustos hipotekos vir\u0161utin\u0119 rib\u0105<\/span>\n\t<\/p>\n<\/p><\/div>\n<\/li>\n<li class=\"c-posts__item\">\n<div class=\"c-posts__media \">\n\t\t\t\t\t\t<img class=\"c-posts__thumbnail\" data-src=\"https:\/\/globalnews.ca\/wp-content\/uploads\/2024\/09\/terry-fox-statue-sparks.jpg?quality=85&amp;strip=all&amp;w=336&amp;h=224&amp;crop=1\" loading=\"lazy\" width=\"336\" height=\"224\" alt=\"\"\/>\n\t\t\t\t\t\t\t\t\t\t\t\t\t<\/div>\n<div class=\"c-posts__details\">\n<p>\n\t\t\t\t<span class=\"c-posts__headlineText\" title=\"Terry Fox\u2019s brother says statue\u2019s move from Parliament Hill has \u2018significance\u2019\" data-title=\"\">Terry Foxo brolis sako, kad statulos perk\u0117limas nuo Parlamento kalvos yra \u201ereik\u0161mingas\u201c<\/span>\n\t<\/p>\n<\/p><\/div>\n<\/li>\n<\/ul>\n<\/section>\n<p>Pra\u0117jus\u012f rugs\u0117j\u012f Jungtini\u0173 Taut\u0173 specialusis prane\u0161\u0117jas Kanados laikin\u0173j\u0173 u\u017esienio darbuotoj\u0173 program\u0105 apib\u016bdino kaip \u201e\u0161iuolaikini\u0173 vergijos form\u0173 auginimo dirv\u0105\u201c. Tomoya Obokata po 14 dien\u0173 vizito Kanadoje sak\u0117, kad u\u017edara darbo leidim\u0173 sistema daro u\u017esienie\u010di\u0173 darbuotojus pa\u017eeid\u017eiamus, \u201enes jie negali prane\u0161ti apie piktnaud\u017eiavim\u0105 nesibaimindami b\u016bti deportuoti\u201c.<\/p>\n<div class=\"c-tabs\">\n<p>\n\t\t\t<button role=\"tab\" class=\"c-tabs__tab c-tabs__tab--active\" type=\"button\">Daugiau apie Kanad\u0105<\/button><br \/>\n\t\t\t<button role=\"tab\" class=\"c-tabs__tab\" type=\"button\">Daugiau vaizdo \u012fra\u0161\u0173<\/button>\n\t\t<\/p>\n<\/p><\/div>\n<p>Obokata pakartojo \u0161ias pastabas galutin\u0117je ataskaitoje, paskelbtoje 2024 m. rugpj\u016b\u010dio m\u0117n. kaip specialusis prane\u0161\u0117jas, nurodydamas tokias problemas kaip atlyginimo vagyst\u0117, sunkumai gauti sveikatos prie\u017ei\u016bros paslaugas, ilgas darbo laikas su ribotomis pertraukomis ir nepakankamos asmenin\u0117s apsaugos priemon\u0117s. Ataskaitoje taip pat atkreipiamas d\u0117mesys \u012f kaltinimus d\u0117l seksualinio priekabiavimo ir i\u0161naudojimo bei fizinio, emocinio ir \u017eodinio prievartos.<\/p>\n<p>Leidim\u0173 pagal program\u0105 skai\u010dius nuo 2019 m. iki 2023 m. i\u0161augo 88 proc., nors Otava neseniai paskelb\u0117 planuojanti suma\u017einti toki\u0173 darbuotoj\u0173 skai\u010di\u0173 Kanadoje.<\/p>\n<p>Grupin\u012f ie\u0161kin\u012f palaik\u0117 tradicin\u0117s Kvebeko profesin\u0117s s\u0105jungos, tokios kaip Nacionalini\u0173 profesini\u0173 s\u0105jung\u0173 konfederacija (CSN) ir Kvebeko darbo federacija, kurios pripa\u017e\u012fsta, kad nors darbuotojai turi teises popieriuje, jie bijo represij\u0173 d\u0117l susidariusio galios disbalanso. pagal u\u017edarus leidimus.<\/p>\n<div class=\"c-ad c-ad--bigbox l-article__ad\">\n<p>Istorija t\u0119siasi po skelbimu<\/p>\n<\/p><\/div>\n<p>Imigracijos, pab\u0117g\u0117li\u0173 ir pilietyb\u0117s Kanada pirmadien\u012f parei\u0161k\u0117 negalinti komentuoti, nes byla nagrin\u0117jama teismuose. Generalin\u0117 prokurat\u016bra tur\u0117s 30 dien\u0173 nuspr\u0119sti, ar sk\u0173sti nutarim\u0105.<\/p>\n<\/p><\/div>\n<div>\n<p>\t\t&#038;kopija 2024 The Canadian Press\t<\/p>\n<\/div>\n<p><script defer src=\"https:\/\/connect.facebook.net\/en_US\/sdk.js#xfbml=1&#038;appId=318812448281278&#038;version=v3.3\"><\/script><br \/>\n<br \/><br \/>\n<br \/><a href=\"https:\/\/globalnews.ca\/news\/10758337\/quebec-temporary-foreign-workers-class-action\/\">Source link <\/a><\/p>\n","protected":false},"excerpt":{"rendered":"<p>Kvebeko auk\u0161tesnysis teismas leido i\u0161kelti kolektyvin\u012f ie\u0161kin\u012f, kuriame dalyvauja laikinieji u\u017esienie\u010diai darbuotojai, paduodantys federalinei vyriausybei&#8230;<\/p>\n","protected":false},"author":1,"featured_media":2941,"comment_status":"open","ping_status":"open","sticky":false,"template":"","format":"standard","meta":{"_monsterinsights_skip_tracking":false,"_monsterinsights_sitenote_active":false,"_monsterinsights_sitenote_note":"","_monsterinsights_sitenote_category":0,"footnotes":""},"categories":[7],"tags":[405,122,406,407,399,402,409,401,410,403,400,408,404],"class_list":["post-2940","post","type-post","status-publish","format-standard","has-post-thumbnail","hentry","category-pasaulio-naujienos","tag-darbuotoju","tag-del","tag-grupes","tag-ieskini","tag-kvebeko","tag-laikinai","tag-leidimu","tag-leidzia","tag-monrealis","tag-pareiksti","tag-teismas","tag-uzdaru","tag-uzsienio"],"aioseo_notices":[],"_links":{"self":[{"href":"https:\/\/naujienulaikas.lt\/index.php\/wp-json\/wp\/v2\/posts\/2940","targetHints":{"allow":["GET"]}}],"collection":[{"href":"https:\/\/naujienulaikas.lt\/index.php\/wp-json\/wp\/v2\/posts"}],"about":[{"href":"https:\/\/naujienulaikas.lt\/index.php\/wp-json\/wp\/v2\/types\/post"}],"author":[{"embeddable":true,"href":"https:\/\/naujienulaikas.lt\/index.php\/wp-json\/wp\/v2\/users\/1"}],"replies":[{"embeddable":true,"href":"https:\/\/naujienulaikas.lt\/index.php\/wp-json\/wp\/v2\/comments?post=2940"}],"version-history":[{"count":0,"href":"https:\/\/naujienulaikas.lt\/index.php\/wp-json\/wp\/v2\/posts\/2940\/revisions"}],"wp:featuredmedia":[{"embeddable":true,"href":"https:\/\/naujienulaikas.lt\/index.php\/wp-json\/wp\/v2\/media\/2941"}],"wp:attachment":[{"href":"https:\/\/naujienulaikas.lt\/index.php\/wp-json\/wp\/v2\/media?parent=2940"}],"wp:term":[{"taxonomy":"category","embeddable":true,"href":"https:\/\/naujienulaikas.lt\/index.php\/wp-json\/wp\/v2\/categories?post=2940"},{"taxonomy":"post_tag","embeddable":true,"href":"https:\/\/naujienulaikas.lt\/index.php\/wp-json\/wp\/v2\/tags?post=2940"}],"curies":[{"name":"wp","href":"https:\/\/api.w.org\/{rel}","templated":true}]}}