{"id":3088,"date":"2024-10-06T13:49:07","date_gmt":"2024-10-06T13:49:07","guid":{"rendered":"https:\/\/naujienulaikas.lt\/index.php\/2024\/10\/06\/izraelio-antskrydis-gazos-ruozo-mecetei-per-astrejanti-konflikta-zuvo-maziausiai-19-zmoniu\/"},"modified":"2024-10-06T13:49:07","modified_gmt":"2024-10-06T13:49:07","slug":"izraelio-antskrydis-gazos-ruozo-mecetei-per-astrejanti-konflikta-zuvo-maziausiai-19-zmoniu","status":"publish","type":"post","link":"https:\/\/naujienulaikas.lt\/index.php\/2024\/10\/06\/izraelio-antskrydis-gazos-ruozo-mecetei-per-astrejanti-konflikta-zuvo-maziausiai-19-zmoniu\/","title":{"rendered":"Izraelio antskrydis Gazos ruo\u017eo me\u010detei, per a\u0161tr\u0117jant\u012f konflikt\u0105 \u017euvo ma\u017eiausiai 19 \u017emoni\u0173"},"content":{"rendered":"<p> <br \/>\n<\/p>\n<div id=\"article-byline\">\n<div class=\"c-byline__text\">\n<p>\n\t\t\t\t<span>Pagal personal\u0105<\/span><br \/>\n\t\t\t\t<span class=\"c-byline__source c-byline__source--noName\"><\/p>\n<p>\t\t\t\t\t\t\t\t\t\tAssociated Press<br \/>\n\t\t\t\t<\/span>\n\t\t\t<\/p>\n<div class=\"c-byline__datesWrapper\">\n<div class=\"c-byline__dates\">\n<p>\n\t\t\t\t\t<span>Paskelbta 2024 m. spalio 6 d., 09:28<\/span>\n\t\t\t\t\t\t\t\t\t<\/p>\n<p>\n\t\t\t\t<strong>Skaityti 1 min<\/strong>\n\t\t\t<\/p>\n<\/p><\/div>\n<\/p><\/div>\n<\/p><\/div>\n<\/div>\n<div>\n<div class=\"l-article__details\" data-article-socialshare=\"true\">\n<div id=\"article-fontSizer\" class=\"c-fontSizer\">\n<p>\n\t\t<button class=\"c-fontSizer__button c-fontSizer__button--decrease c-button c-button--details c-button--mini\" data-trackable=\"true\" data-trackaction=\"Font Sizer Decrease Font\" data-tooltip-title=\"Decrease text size\"><br \/>\n\t\t\t<span class=\"sr-only\">Suma\u017einti straipsnio \u0161rifto dyd\u012f<\/span><br \/>\n\t\t\t\t<svg class=\"c-icon  c-fontSizer__icon\" focusable=\"false\">\n\t\t<use xlink:href=\"https:\/\/globalnews.ca\/wp-content\/themes\/shaw-globalnews\/assets\/dist\/icons\/out\/symbol\/svg\/sprite.symbol.svg?v=olt06aexp#font-decrease\"\/>\n\t<\/svg><br \/>\n\t\t\t<\/button>\n\t<\/p>\n<p>\n\t\t<button class=\"c-fontSizer__button c-fontSizer__button--increase c-button c-button--details c-button--mini\" data-trackable=\"true\" data-trackaction=\"Font Sizer Increase Font\" data-tooltip-title=\"Increase text size\"><br \/>\n\t\t\t<span class=\"sr-only\">Padidinti straipsnio \u0161rifto dyd\u012f<\/span><br \/>\n\t\t\t\t<svg class=\"c-icon  c-fontSizer__icon\" focusable=\"false\">\n\t\t<use xlink:href=\"https:\/\/globalnews.ca\/wp-content\/themes\/shaw-globalnews\/assets\/dist\/icons\/out\/symbol\/svg\/sprite.symbol.svg?v=olt06aexp#font-increase\"\/>\n\t<\/svg><br \/>\n\t\t\t<\/button>\n\t<\/p>\n<\/div>\n<\/div>\n<article class=\"l-article__text js-story-text\" aria-label=\"Article text\">\n<p>Anksti sekmadien\u012f per Izraelio sm\u016bg\u012f me\u010detei Gazos ruo\u017ee \u017euvo ma\u017eiausiai 19 \u017emoni\u0173, prane\u0161\u0117 palestinie\u010di\u0173 pareig\u016bnai, Izraeliui suintensyvinant \u0161iaurin\u0117s Gazos ruo\u017eo ir piet\u0173 Beiruto bombardavim\u0105 per vis stipr\u0117jant\u012f kar\u0105 su Irano s\u0105junginink\u0173 kovotoj\u0173 grup\u0117mis visame regione.<\/p>\n<p><\/p>\n<p>Izraelis vis dar kovoja su \u201eHamas\u201c pra\u0117jus metams po grup\u0117s atakos prie\u0161 Izrael\u012f, spalio 7 d., ir atidar\u0117 nauj\u0105 front\u0105 Libane prie\u0161 \u201eHezbollah\u201c, kuri nuo pat karo Gazoje prad\u017eios su Izraeliu pasienyje prekiauja ugnimi. Izraelis pa\u017ead\u0117jo smogti Iranui, pra\u0117jusi\u0105 savait\u0119 Teheranui surengus balistini\u0173 raket\u0173 atak\u0105 prie\u0161 Izrael\u012f.<\/p>\n<p>Did\u0117jantis konfliktas gali toliau traukti \u012f Jungtines Valstijas, kurios suteik\u0117 Izraeliui svarbi\u0105 karin\u0119 ir diplomatin\u0119 param\u0105. Irano s\u0105junginink\u0173 kovotoj\u0173 grup\u0117s Sirijoje, Irake ir Jemene jau prisijung\u0117 prie tolim\u0173j\u0173 atak\u0173 Izraeliui.<\/p>\n<div class=\"l-article__part\" data-shortcode=\"caption\">\n<figure class=\"c-figure c-figure--alignnone c-figure--expandable\">\n<div class=\"c-figure__inner\"><figcaption class=\"c-figure__caption c-caption\">\n\t\t\t\t\t\t\t<span class=\"c-caption__desc\"><\/p>\n<p>\t\t\t\t\t2024 m. spalio 6 d., sekmadien\u012f, palestinie\u010diai ap\u017ei\u016bri po Izraelio antskryd\u017eio Deir al Bala sugriaut\u0105 me\u010det\u0119.\t\t\t\t<\/span><br \/>\n\t\t\t\t\t\t\t\t\t\t<cite class=\"c-caption__cite\"><\/p>\n<p>\t\t\t\t\tAP nuotrauka \/ Abdel Kareem Hana\t\t\t\t<\/cite><br \/>\n\t\t\t\t\t<\/figcaption><\/div>\n<\/figure>\n<\/div>\n<section id=\"content-dynamic-trending-stories\" class=\"l-inlineStories l-inlineStories--tile u-hide-tablet-landscape\" aria-label=\"Dynamic trending stories section\">\n<p>\n\t\t<span class=\"l-inlineStories__title c-heading c-heading--strikethrough\">Dabar populiaru<\/span>\n\t<\/p>\n<ul class=\"l-inlineStories__posts c-posts c-posts--inline \">\n<li class=\"c-posts__item\">\n<div class=\"c-posts__media \">\n\t\t\t\t\t\t<img class=\"c-posts__thumbnail\" data-src=\"https:\/\/globalnews.ca\/wp-content\/uploads\/2024\/10\/gvfuqlfe.png?w=336&amp;h=224&amp;crop=1\" loading=\"lazy\" width=\"336\" height=\"224\" alt=\"\"\/>\n\t\t\t\t\t\t\t\t\t\t\t\t\t<\/div>\n<div class=\"c-posts__details\">\n<p>\n\t\t\t\t<span class=\"c-posts__headlineText\" title=\"Police call Toronto woman \u2018a serial killer,\u2019 charge her with 3 Ontario murders in 3 days\" data-title=\"\">Policija Toronto moter\u012f vadina \u201eserijine \u017eudike\u201c ir apkaltino j\u0105 3 \u017emog\u017eudyst\u0117mis Ontarijo mieste per 3 dienas<\/span>\n\t<\/p>\n<\/p><\/div>\n<\/li>\n<li class=\"c-posts__item\">\n<div class=\"c-posts__media \">\n\t\t\t\t\t\t<img class=\"c-posts__thumbnail\" data-src=\"https:\/\/globalnews.ca\/wp-content\/uploads\/2024\/10\/GettyImages-2043989782.jpg?quality=85&amp;strip=all&amp;w=336&amp;h=224&amp;crop=1\" loading=\"lazy\" width=\"336\" height=\"224\" alt=\"\"\/>\n\t\t\t\t\t\t\t\t\t\t\t\t\t<\/div>\n<div class=\"c-posts__details\">\n<p>\n\t\t\t\t<span class=\"c-posts__headlineText\" title=\"Couple seriously injured in Uber can\u2019t sue due to Uber Eats order, court rules\" data-title=\"\">Pora sunkiai su\u017ealota \u201eUber\u201c negali pareik\u0161ti ie\u0161kin\u012f d\u0117l \u201eUber Eats\u201c \u012fsakymo, nustato teismas<\/span>\n\t<\/p>\n<\/p><\/div>\n<\/li>\n<\/ul>\n<\/section>\n<p>Per peili\u0173 ir \u0161audymo i\u0161puol\u012f centrin\u0117je autobus\u0173 stotyje Izraelio pietiniame Beer\u0161ebos mieste \u017euvo vienas \u017emogus, o 10 buvo su\u017eeista, prane\u0161\u0117 pirmieji gelb\u0117tojai. Policija nenustat\u0117 u\u017epuoliko, ta\u010diau sak\u0117, kad tai traktuoja kaip teroro i\u0161puol\u012f.<\/p>\n<div class=\"c-ad c-ad--bigbox l-article__ad\">\n<p>Istorija t\u0119siasi po skelbimu<\/p>\n<\/p><\/div>\n<p>I\u0161puolis surengtas Izraeliui esant auk\u0161tam budrumui prie\u0161 atminimo renginius, pa\u017eymin\u010dius spalio 7 d. i\u0161puol\u012f, prad\u0117jus\u012f smurto eskalavimo visame regione metus.<\/p>\n<p>Izraelio kariuomen\u0117 paskelb\u0117 apie nauj\u0105 oro ir sausumos puolim\u0105 D\u017eabalijoje, \u0161iaurin\u0117je Gazos ruo\u017ee, kur yra tankiai apgyvendinta pab\u0117g\u0117li\u0173 stovykla, datuojama 1948 m. karo aplink Izraelio suk\u016brim\u0105. Jame buvo i\u0161platintos nuotraukos ir vaizdo \u012fra\u0161ai, kuriuose matyti tank\u0173 kolona, \u200b\u200bva\u017eiuojanti link rajono.<\/p>\n<div class=\"c-tabs\">\n<p>\n\t\t\t<button role=\"tab\" class=\"c-tabs__tab c-tabs__tab--active\" type=\"button\">Daugiau apie Pasaul\u012f<\/button><br \/>\n\t\t\t<button role=\"tab\" class=\"c-tabs__tab\" type=\"button\">Daugiau vaizdo \u012fra\u0161\u0173<\/button>\n\t\t<\/p>\n<\/p><\/div>\n<\/article>\n<div class=\"l-article__copyright\">\n<p>\t\t&#038;kopija 2024 The Canadian Press\t<\/p>\n<\/div><\/div>\n<p><script defer src=\"https:\/\/connect.facebook.net\/en_US\/sdk.js#xfbml=1&#038;appId=318812448281278&#038;version=v3.3\"><\/script><br \/>\n<br \/><br \/>\n<br \/><a href=\"https:\/\/globalnews.ca\/news\/10797014\/israeli-airstrike-gaza-mosque-escalating-conflict\/\">Source link <\/a><\/p>\n","protected":false},"excerpt":{"rendered":"<p>Pagal personal\u0105 Associated Press Paskelbta 2024 m. spalio 6 d., 09:28 Skaityti 1 min Suma\u017einti&#8230;<\/p>\n","protected":false},"author":1,"featured_media":3089,"comment_status":"open","ping_status":"open","sticky":false,"template":"","format":"standard","meta":{"_monsterinsights_skip_tracking":false,"_monsterinsights_sitenote_active":false,"_monsterinsights_sitenote_note":"","_monsterinsights_sitenote_category":0,"footnotes":""},"categories":[7],"tags":[771,775,772,71,581,776,774,773,537,536],"class_list":["post-3088","post","type-post","status-publish","format-standard","has-post-thumbnail","hentry","category-pasaulio-naujienos","tag-antskrydis","tag-astrejanti","tag-gazos","tag-izraelio","tag-konflikta","tag-maziausiai","tag-mecetei","tag-ruozo","tag-zmoniu","tag-zuvo"],"aioseo_notices":[],"_links":{"self":[{"href":"https:\/\/naujienulaikas.lt\/index.php\/wp-json\/wp\/v2\/posts\/3088","targetHints":{"allow":["GET"]}}],"collection":[{"href":"https:\/\/naujienulaikas.lt\/index.php\/wp-json\/wp\/v2\/posts"}],"about":[{"href":"https:\/\/naujienulaikas.lt\/index.php\/wp-json\/wp\/v2\/types\/post"}],"author":[{"embeddable":true,"href":"https:\/\/naujienulaikas.lt\/index.php\/wp-json\/wp\/v2\/users\/1"}],"replies":[{"embeddable":true,"href":"https:\/\/naujienulaikas.lt\/index.php\/wp-json\/wp\/v2\/comments?post=3088"}],"version-history":[{"count":0,"href":"https:\/\/naujienulaikas.lt\/index.php\/wp-json\/wp\/v2\/posts\/3088\/revisions"}],"wp:featuredmedia":[{"embeddable":true,"href":"https:\/\/naujienulaikas.lt\/index.php\/wp-json\/wp\/v2\/media\/3089"}],"wp:attachment":[{"href":"https:\/\/naujienulaikas.lt\/index.php\/wp-json\/wp\/v2\/media?parent=3088"}],"wp:term":[{"taxonomy":"category","embeddable":true,"href":"https:\/\/naujienulaikas.lt\/index.php\/wp-json\/wp\/v2\/categories?post=3088"},{"taxonomy":"post_tag","embeddable":true,"href":"https:\/\/naujienulaikas.lt\/index.php\/wp-json\/wp\/v2\/tags?post=3088"}],"curies":[{"name":"wp","href":"https:\/\/api.w.org\/{rel}","templated":true}]}}