{"id":3534,"date":"2024-11-25T17:39:21","date_gmt":"2024-11-25T17:39:21","guid":{"rendered":"https:\/\/naujienulaikas.lt\/index.php\/2024\/11\/25\/kanada-eina-aisku-keliu-kad-pasiektu-nato-2-tiksla-sako-trudeau\/"},"modified":"2024-11-25T17:39:21","modified_gmt":"2024-11-25T17:39:21","slug":"kanada-eina-aisku-keliu-kad-pasiektu-nato-2-tiksla-sako-trudeau","status":"publish","type":"post","link":"https:\/\/naujienulaikas.lt\/index.php\/2024\/11\/25\/kanada-eina-aisku-keliu-kad-pasiektu-nato-2-tiksla-sako-trudeau\/","title":{"rendered":"Kanada eina \u201eai\u0161ku keliu\u201c, kad pasiekt\u0173 NATO 2% tiksl\u0105, sako Trudeau"},"content":{"rendered":"<p> <br \/>\n<\/p>\n<div id=\"\">\n<p>Kanada eina \u201eai\u0161kiu keliu\u201c, kad per ateinan\u010dius metus pasiekt\u0173 NATO i\u0161laid\u0173 gynybai tiksl\u0105, sak\u0117 ministras pirmininkas Justinas Trudeau, spaudimui Otavai po rinkim\u0173 JAV.<\/p>\n<p><\/p>\n<p>Pirmadien\u012f Monrealyje kasmetin\u0117je NATO parlamentin\u0117je asambl\u0117joje Trudeau sak\u0117, kad Kanada iki \u0161iol u\u017etikrino, kad jos investicijos \u012f tikslines NATO i\u0161laidas \u201eyra kiek \u012fmanoma konkretesn\u0117s\u201c, ta\u010diau prid\u016br\u0117, kad reikia nuveikti daugiau.<\/p>\n<p>\u201eEsame tiesiame kelyje, kad ateinan\u010diais metais pasiektume du procentus, nes \u017einome, kad pasaulis kei\u010diasi ir Kanada kartu su m\u016bs\u0173 s\u0105junginink\u0117mis turi b\u016bti tam pasiruo\u0161usi\u201c, \u2013 sak\u0117 Trudeau.<\/p>\n<p>Kanada yra viena i\u0161 a\u0161tuoni\u0173 NATO nari\u0173, neatitinkan\u010di\u0173 Aljanso kriterijaus \u2013 skirti bent du procentus BVP gynybai, ta\u010diau \u012fsipareigojo iki 2032 m.<\/p>\n<div class=\"c-ad c-ad--bigbox l-article__ad\">\n<p>Istorija t\u0119siasi po skelbimu<\/p>\n<\/p><\/div>\n<div class=\"l-article__part\" data-shortcode=\"tp_video\">\n<div class=\"c-video c-videoPlay \" data-iframe-receiver=\"\" data-autoplay=\"\" data-displayinline-featured=\"false\" data-displayinline-type=\"video\" data-displayinline-player-id=\"miniplayer_10885950_6744af5ec0bd1\" data-displayinline-video-id=\"10885950\" data-displayinline-ratio=\"16:9\" data-displayinline=\"https:\/\/globalnews.ca\/video\/embed\/10885950\/#autoplay&amp;stickyiframe=miniplayer_10885950_6744af5ec0bd1\" data-displayinline-sticky=\"true\">\n<div class=\"c-video__inner\">\n\t\t\t\t\t<span class=\"c-video__placeholder\"><br \/>\n\t\t\t\t\t\t<img class=\"c-video__image\" alt=\"Spustel\u0117kite, jei norite paleisti vaizdo \u012fra\u0161\u0105: \u201eAmerikos saugumo gr\u0117sm\u0117s kyla i\u0161 Kanados \u0161iaur\u0117s, sako JAV senatorius\u201c\" width=\"640\" height=\"360\" data-src=\"https:\/\/i0.wp.com\/media.globalnews.ca\/videostatic\/news\/sxbj0c4oih-dze68mpf64\/TWB_VMS_2.jpg?w=1040&amp;quality=70&amp;strip=all\" loading=\"lazy\" srcset=\"\" sizes=\"auto, \" data-srcset=\"https:\/\/i0.wp.com\/media.globalnews.ca\/videostatic\/news\/sxbj0c4oih-dze68mpf64\/TWB_VMS_2.jpg?w=450#038;quality=70&amp;strip=all 450w,https:\/\/i0.wp.com\/media.globalnews.ca\/videostatic\/news\/sxbj0c4oih-dze68mpf64\/TWB_VMS_2.jpg?w=720#038;quality=70&amp;strip=all 720w,https:\/\/i0.wp.com\/media.globalnews.ca\/videostatic\/news\/sxbj0c4oih-dze68mpf64\/TWB_VMS_2.jpg?w=1040#038;quality=70&amp;strip=all 1040w,\" data-sizes=\"(min-width: 1040px) 1040px,(min-width: 720px) 720px,450px\"\/><br \/>\n\t\t\t\t\t\t\t\t\t\t\t\t<span class=\"c-video__overlay\"><\/p>\n<p>\n\t\t\t\t\t\t\t\t\t\t\t\t\t\t\t\t\t<time class=\"c-video__duration\">10:17<\/time><br \/>\n\t\t\t\t\t\t\t\t\t\t\t\t\t\t\t\t\t\t\t\t\t\t\t\t\t<span class=\"c-video__title\">JAV senatorius teigia, kad gr\u0117sm\u0117s saugumui kyla i\u0161 Kanados \u0161iaur\u0117s<\/span>\n\t\t\t\t\t\t\t\t\t\t\t\t\t\t\t<\/p>\n<p>\t\t\t\t\t\t<\/span><br \/>\n\t\t\t\t\t\t\t\t\t\t\t<\/span>\n\t\t\t\t<\/div>\n<\/p><\/div>\n<\/p><\/div>\n<p>Trudeau teig\u0117, kad Kanada prid\u0117jo 175 mlrd. USD tikslini\u0173 i\u0161laid\u0173. Remiantis atnaujintomis Kanados gynybos politikos prognoz\u0117mis, i\u0161laidos iki 2030 m. padid\u0117s nuo 1,37 procento BVP \u0161iuo metu iki 1,76 procento.<\/p>\n<p>Ta\u010diau parlamento biud\u017eeto pareig\u016bnas teig\u0117, kad Kanados planas pasiekti NATO gynybos i\u0161laid\u0173 tiksl\u0105 teb\u0117ra neai\u0161kus, o dabartin\u0117s karini\u0173 i\u0161laid\u0173 didinimo prognoz\u0117s yra pagr\u012fstos \u201eklaidingomis\u201c ekonomin\u0117mis prognoz\u0117mis.<\/p>\n<div class=\"c-inlineSignup\" data-newsletter-inline=\"\">\n<div class=\"c-inlineSignup__image\">\n\t\t\t\t\t<img decoding=\"async\" width=\"170\" height=\"225\" loading=\"lazy\" src=\"https:\/\/globalnews.ca\/wp-content\/themes\/shaw-globalnews\/images\/skyline\/national.jpg\" alt=\"Kart\u0105 per dien\u0105 gaukite svarbiausi\u0173 dienos naujien\u0173, politini\u0173, ekonomini\u0173 ir aktualij\u0173 antra\u0161tes.\"\/>\n\t\t\t\t<\/div>\n<div class=\"c-inlineSignup__content\">\n<h3>Gaukite kasdienes nacionalines naujienas<\/h3>\n<p>Kart\u0105 per dien\u0105 gaukite svarbiausi\u0173 dienos naujien\u0173, politini\u0173, ekonomini\u0173 ir aktualij\u0173 antra\u0161tes.<\/p>\n<\/p><\/div>\n<\/p><\/div>\n<p>\u201eVienas i\u0161 i\u0161\u0161\u016bki\u0173, su kuriais visada susid\u016br\u0117me su dviem procentais, yra tai, kad visai nesvarbu, kam i\u0161leisite, svarbu, kad j\u016bs tiesiog pasieksite t\u0105 rib\u0105, o Kanada niekada to nesijaut\u0117\u201c, \u2013 sak\u0117 Trudeau.<\/p>\n<p>\u201e\u012esitikinome, kad m\u016bs\u0173 investicijos b\u016bt\u0173 kiek \u012fmanoma konkretesn\u0117s ir prisid\u0117t\u0173 prie kanadie\u010di\u0173 geb\u0117jimo toliau vadovauti tiek daug skirting\u0173 NATO aspekt\u0173.<\/p>\n<div class=\"c-ad c-ad--bigbox l-article__ad\">\n<p>Istorija t\u0119siasi po skelbimu<\/p>\n<\/p><\/div>\n<p>\u201eTurime nuveikti daugiau ir darome daugiau, bet ypa\u010d stiprinti Arktyje ir \u012fveikti kai kuriuos svarbiausius i\u0161\u0161\u016bkius, su kuriais susiduriame, visos NATO \u0161alys gali ir toliau pasikliauti Kanada\u201c.<\/p>\n<div class=\"l-article__part\" data-shortcode=\"tp_video\">\n<div class=\"c-video c-videoPlay \" data-iframe-receiver=\"\" data-autoplay=\"\" data-displayinline-featured=\"false\" data-displayinline-type=\"video\" data-displayinline-player-id=\"miniplayer_10839993_6744af5ec12b0\" data-displayinline-video-id=\"10839993\" data-displayinline-ratio=\"16:9\" data-displayinline=\"https:\/\/globalnews.ca\/video\/embed\/10839993\/#autoplay&amp;stickyiframe=miniplayer_10839993_6744af5ec12b0\" data-displayinline-sticky=\"true\">\n<div class=\"c-video__inner\">\n\t\t\t\t\t<span class=\"c-video__placeholder\"><br \/>\n\t\t\t\t\t\t<img class=\"c-video__image\" alt=\"Spustel\u0117kite, jei norite paleisti vaizdo \u012fra\u0161\u0105: \u201eKanada turi padvigubinti gynybos i\u0161laidas, kad pasiekt\u0173 NATO tiksl\u0105, teigiama PBO prane\u0161ime\u201c\" width=\"640\" height=\"360\" data-src=\"https:\/\/i0.wp.com\/media.globalnews.ca\/videostatic\/news\/479ahgfgat-40080f6m8v\/ONLINE_STILL_NATO_SPENDING_TARGET.jpg?w=1040&amp;quality=70&amp;strip=all\" loading=\"lazy\" srcset=\"\" sizes=\"auto, \" data-srcset=\"https:\/\/i0.wp.com\/media.globalnews.ca\/videostatic\/news\/479ahgfgat-40080f6m8v\/ONLINE_STILL_NATO_SPENDING_TARGET.jpg?w=450#038;quality=70&amp;strip=all 450w,https:\/\/i0.wp.com\/media.globalnews.ca\/videostatic\/news\/479ahgfgat-40080f6m8v\/ONLINE_STILL_NATO_SPENDING_TARGET.jpg?w=720#038;quality=70&amp;strip=all 720w,https:\/\/i0.wp.com\/media.globalnews.ca\/videostatic\/news\/479ahgfgat-40080f6m8v\/ONLINE_STILL_NATO_SPENDING_TARGET.jpg?w=1040#038;quality=70&amp;strip=all 1040w,\" data-sizes=\"(min-width: 1040px) 1040px,(min-width: 720px) 720px,450px\"\/><br \/>\n\t\t\t\t\t\t\t\t\t\t\t\t<span class=\"c-video__overlay\"><\/p>\n<p>\n\t\t\t\t\t\t\t\t\t\t\t\t\t\t\t\t\t<time class=\"c-video__duration\">1:31<\/time><br \/>\n\t\t\t\t\t\t\t\t\t\t\t\t\t\t\t\t\t\t\t\t\t\t\t\t\t<span class=\"c-video__title\">Kanada turi padvigubinti i\u0161laidas gynybai, kad pasiekt\u0173 NATO tiksl\u0105, teigiama PBO prane\u0161ime<\/span>\n\t\t\t\t\t\t\t\t\t\t\t\t\t\t\t<\/p>\n<p>\t\t\t\t\t\t<\/span><br \/>\n\t\t\t\t\t\t\t\t\t\t\t<\/span>\n\t\t\t\t<\/div>\n<\/p><\/div>\n<\/p><\/div>\n<p>Po Donaldo Trumpo pergal\u0117s rinkimuose \u0161\u012f m\u0117nes\u012f did\u0117ja spaudimas Kanadai pasiekti NATO tiksl\u0105, nes i\u0161rinktasis respublikon\u0173 partijos prezidentas anks\u010diau persp\u0117jo, kad Jungtin\u0117s Valstijos negali ginti s\u0105junginink\u0173, kurie nesilaiko Aljanso sutart\u0173 dviej\u0173 procent\u0173. BVP gynybai.<\/p>\n<p>Pokalbis su Mercedes Stephenson i\u0161 Halifakso tarptautinio saugumo forumo interviu, kuris buvo parodytas sekmadien\u012f <em>Vakar\u0173 blokas<\/em>Respublikon\u0173 senatorius Jamesas Rischas i\u0161 Aidaho ir demokrat\u0173 senatorius Jeanne Shaheen i\u0161 Naujojo Hamp\u0161yro sumenkino susir\u016bpinim\u0105, kad D. Trumpas nubaus Kanad\u0105 u\u017e tokius dalykus kaip prekyba, jei ji nepadidins i\u0161laid\u0173 gynybai.<\/p>\n<section id=\"content-dynamic-trending-stories\" class=\"l-inlineStories l-inlineStories--tile u-hide-tablet-landscape\" aria-label=\"Dynamic trending stories section\">\n<p>\n\t\t<span class=\"l-inlineStories__title c-heading c-heading--strikethrough\">Dabar populiaru<\/span>\n\t<\/p>\n<ul class=\"l-inlineStories__posts c-posts c-posts--inline \">\n<li class=\"c-posts__item\">\n<div class=\"c-posts__media \">\n\t\t\t\t\t\t<img class=\"c-posts__thumbnail\" data-src=\"https:\/\/globalnews.ca\/wp-content\/uploads\/2024\/11\/CP156457323.jpg?quality=85&amp;strip=all&amp;w=336&amp;h=224&amp;crop=1\" loading=\"lazy\" width=\"336\" height=\"224\" alt=\"\"\/>\n\t\t\t\t\t\t\t\t\t\t\t\t\t<\/div>\n<div class=\"c-posts__details\">\n<p>\n\t\t\t\t<span class=\"c-posts__headlineText\" title=\"Ottawa apologizes, announces $45M compensation for Nunavik Inuit dog slaughter\" data-title=\"\">Otava atsipra\u0161o ir paskelb\u0117 45 milijon\u0173 doleri\u0173 kompensacij\u0105 u\u017e nunavik\u0173 inuit\u0173 \u0161un\u0173 skerdim\u0105<\/span>\n\t<\/p>\n<\/p><\/div>\n<\/li>\n<li class=\"c-posts__item\">\n<div class=\"c-posts__media \">\n\t\t\t\t\t\t<img class=\"c-posts__thumbnail\" data-src=\"https:\/\/globalnews.ca\/wp-content\/uploads\/2024\/11\/CP173524470.jpg?quality=85&amp;strip=all&amp;w=336&amp;h=224&amp;crop=1\" loading=\"lazy\" width=\"336\" height=\"224\" alt=\"\"\/>\n\t\t\t\t\t\t\t\t\t\t\t\t\t<\/div>\n<div class=\"c-posts__details\">\n<p>\n\t\t\t\t<span class=\"c-posts__headlineText\" title=\"Trudeau attends Taylor Swift concert in Toronto with family\" data-title=\"\">Trudeau su \u0161eima dalyvauja Taylor Swift koncerte Toronte<\/span>\n\t<\/p>\n<\/p><\/div>\n<\/li>\n<\/ul>\n<\/section>\n<div class=\"c-ad c-ad--bigbox l-article__ad\">\n<p>Istorija t\u0119siasi po skelbimu<\/p>\n<\/p><\/div>\n<p>Ta\u010diau Rischas u\u017esimin\u0117, kad Va\u0161ingtonas vis labiau nekantrauja d\u0117l Kanados pa\u017eangos siekiant NATO gair\u0117s \u2013 bent du procentus i\u0161leisti gynybai, kuri\u0105 Otava planuoja \u012fgyvendinti po a\u0161tuoneri\u0173 met\u0173.<\/p>\n<p>\u201eJei Donaldas Trumpas s\u0117d\u0117t\u0173 \u010dia pat, 2032 m. sulauktum\u0117te didelio jo pyk\u010dio, nes tai labai toli nuo to, su kuo \u0161iuo metu susiduriame pasaulyje\u201c, \u2013 sak\u0117 jis.<\/p>\n<p>\u201eMums tai yra am\u017einyb\u0117. Tai reikia padaryti dabar\u201c.<\/p>\n<div class=\"l-article__part\" data-shortcode=\"tp_video\">\n<div class=\"c-video c-videoPlay \" data-iframe-receiver=\"\" data-autoplay=\"\" data-displayinline-featured=\"false\" data-displayinline-type=\"video\" data-displayinline-player-id=\"miniplayer_10885605_6744af5ec21b1\" data-displayinline-video-id=\"10885605\" data-displayinline-ratio=\"16:9\" data-displayinline=\"https:\/\/globalnews.ca\/video\/embed\/10885605\/#autoplay&amp;stickyiframe=miniplayer_10885605_6744af5ec21b1\" data-displayinline-sticky=\"true\">\n<div class=\"c-video__inner\">\n\t\t\t\t\t<span class=\"c-video__placeholder\"><br \/>\n\t\t\t\t\t\t<img class=\"c-video__image\" alt=\"Spustel\u0117kite, jei norite paleisti vaizdo \u012fra\u0161\u0105: \u201ePolitikai smerkia \u201eanarchij\u0105\u201c prie\u0161 NATO ir Palestin\u0105 palaikan\u010diame proteste\u201c\" width=\"640\" height=\"360\" data-src=\"https:\/\/i2.wp.com\/media.globalnews.ca\/videostatic\/news\/ljsi69if6k-ggtnnmn3px\/DAN.jpg?w=1040&amp;quality=70&amp;strip=all\" loading=\"lazy\" srcset=\"\" sizes=\"auto, \" data-srcset=\"https:\/\/i2.wp.com\/media.globalnews.ca\/videostatic\/news\/ljsi69if6k-ggtnnmn3px\/DAN.jpg?w=450#038;quality=70&amp;strip=all 450w,https:\/\/i2.wp.com\/media.globalnews.ca\/videostatic\/news\/ljsi69if6k-ggtnnmn3px\/DAN.jpg?w=720#038;quality=70&amp;strip=all 720w,https:\/\/i2.wp.com\/media.globalnews.ca\/videostatic\/news\/ljsi69if6k-ggtnnmn3px\/DAN.jpg?w=1040#038;quality=70&amp;strip=all 1040w,\" data-sizes=\"(min-width: 1040px) 1040px,(min-width: 720px) 720px,450px\"\/><br \/>\n\t\t\t\t\t\t\t\t\t\t\t\t<span class=\"c-video__overlay\"><\/p>\n<p>\n\t\t\t\t\t\t\t\t\t\t\t\t\t\t\t\t\t<time class=\"c-video__duration\">2:09<\/time><br \/>\n\t\t\t\t\t\t\t\t\t\t\t\t\t\t\t\t\t\t\t\t\t\t\t\t\t<span class=\"c-video__title\">Politikai smerkia \u201eanarchij\u0105\u201c per protest\u0105 prie\u0161 NATO ir Palestin\u0105<\/span>\n\t\t\t\t\t\t\t\t\t\t\t\t\t\t\t<\/p>\n<p>\t\t\t\t\t\t<\/span><br \/>\n\t\t\t\t\t\t\t\t\t\t\t<\/span>\n\t\t\t\t<\/div>\n<\/p><\/div>\n<\/p><\/div>\n<p>Savaitgal\u012f Monrealyje susirinko prie\u0161 NATO ir Palestin\u0105 nusiteik\u0119 protestuotojai.<\/p>\n<p>Apie 80 \u017emoni\u0173 dalyvavo \u0161e\u0161tadienio proteste prie\u0161 NATO, reikalaudami Kanados pasitraukti i\u0161 aljanso miesto centre, kur\u012f organizavo Le Mouvement Qu\u00e9b\u00e9cois pour la Paix. Protestuotojai laik\u0117 i\u0161kabas su u\u017era\u0161u \u201eKanada i\u0161 NATO\u201c ir skandavo \u201esolidarumas su Palestina\u201c.<\/p>\n<div class=\"c-ad c-ad--bigbox l-article__ad\">\n<p>Istorija t\u0119siasi po skelbimu<\/p>\n<\/p><\/div>\n<p>Penktadien\u012f per \u012fvairi\u0173 grupuo\u010di\u0173 surengt\u0105 demonstracij\u0105 taip pat buvo sulaikyti asmenys, sudeginti automobiliai ir i\u0161dau\u017eyti langai.<\/p>\n<p>Trudeau kartu su Kanados ministrais ir politikais pasmerk\u0117 smurt\u0105, sakydamas, kad tai \u201evisi\u0161kai nepriimtina\u201c.<\/p>\n<p>\u201eKaip demokratijai, \u0161aliai, kuri visada gins \u017eod\u017eio laisv\u0119, svarbu, kad \u017emon\u0117s gal\u0117t\u0173 i\u0161eiti protestuoti ir laisvai bei patogiai i\u0161reik\u0161ti savo pykt\u012f, nesutarimus, ta\u010diau niekada n\u0117ra vietos prie\u0161i\u0161kumui. \u201eSemitizmas, u\u017e neapykant\u0105, u\u017e diskriminacij\u0105, u\u017e smurt\u0105\u201c, \u2013 pirmadien\u012f sak\u0117 jis.<\/p>\n<p>\u201eTikim\u0117s, kad visi atsakingi asmenys bus persekiojami ir nubausti visapusi\u0161kai \u012fstatym\u0173 nustatyta tvarka, o vald\u017eios institucijos atliks savo darb\u0105\u201c.<\/p>\n<p><em>&#8211; su failais i\u0161 \u201eGlobal News\u201c Seano Boyntono ir \u201eThe Canadian Press\u201c. <\/em><\/p>\n<div class=\"c-tabs\">\n<p>\n\t\t\t<button role=\"tab\" class=\"c-tabs__tab c-tabs__tab--active\" type=\"button\">Daugiau apie Kanad\u0105<\/button><br \/>\n\t\t\t<button role=\"tab\" class=\"c-tabs__tab\" type=\"button\">Daugiau vaizdo \u012fra\u0161\u0173<\/button>\n\t\t<\/p>\n<\/p><\/div>\n<\/p><\/div>\n<div>\n<p>\t\t&#038;copy 2024 Global News, Corus Entertainment Inc. padalinys.\t<\/p>\n<\/div>\n<p><script defer src=\"https:\/\/connect.facebook.net\/en_US\/sdk.js#xfbml=1&#038;appId=318812448281278&#038;version=v3.3\"><\/script><br \/>\n<br \/><br \/>\n<br \/><a href=\"https:\/\/globalnews.ca\/news\/10886609\/canada-nato-target-trudeau\/\">Source link <\/a><\/p>\n","protected":false},"excerpt":{"rendered":"<p>Kanada eina \u201eai\u0161kiu keliu\u201c, kad per ateinan\u010dius metus pasiekt\u0173 NATO i\u0161laid\u0173 gynybai tiksl\u0105, sak\u0117 ministras&#8230;<\/p>\n","protected":false},"author":1,"featured_media":3535,"comment_status":"","ping_status":"","sticky":false,"template":"","format":"standard","meta":{"_monsterinsights_skip_tracking":false,"_monsterinsights_sitenote_active":false,"_monsterinsights_sitenote_note":"","_monsterinsights_sitenote_category":0,"footnotes":""},"categories":[7],"tags":[1945,1944,94,915,296,1902,1946,1934,1947,554],"class_list":["post-3534","post","type-post","status-publish","format-standard","has-post-thumbnail","hentry","category-pasaulio-naujienos","tag-aisku","tag-eina","tag-kad","tag-kanada","tag-keliu","tag-nato","tag-pasiektu","tag-sako","tag-tiksla","tag-trudeau"],"aioseo_notices":[],"_links":{"self":[{"href":"https:\/\/naujienulaikas.lt\/index.php\/wp-json\/wp\/v2\/posts\/3534","targetHints":{"allow":["GET"]}}],"collection":[{"href":"https:\/\/naujienulaikas.lt\/index.php\/wp-json\/wp\/v2\/posts"}],"about":[{"href":"https:\/\/naujienulaikas.lt\/index.php\/wp-json\/wp\/v2\/types\/post"}],"author":[{"embeddable":true,"href":"https:\/\/naujienulaikas.lt\/index.php\/wp-json\/wp\/v2\/users\/1"}],"replies":[{"embeddable":true,"href":"https:\/\/naujienulaikas.lt\/index.php\/wp-json\/wp\/v2\/comments?post=3534"}],"version-history":[{"count":0,"href":"https:\/\/naujienulaikas.lt\/index.php\/wp-json\/wp\/v2\/posts\/3534\/revisions"}],"wp:featuredmedia":[{"embeddable":true,"href":"https:\/\/naujienulaikas.lt\/index.php\/wp-json\/wp\/v2\/media\/3535"}],"wp:attachment":[{"href":"https:\/\/naujienulaikas.lt\/index.php\/wp-json\/wp\/v2\/media?parent=3534"}],"wp:term":[{"taxonomy":"category","embeddable":true,"href":"https:\/\/naujienulaikas.lt\/index.php\/wp-json\/wp\/v2\/categories?post=3534"},{"taxonomy":"post_tag","embeddable":true,"href":"https:\/\/naujienulaikas.lt\/index.php\/wp-json\/wp\/v2\/tags?post=3534"}],"curies":[{"name":"wp","href":"https:\/\/api.w.org\/{rel}","templated":true}]}}