{"id":3693,"date":"2024-12-13T18:38:04","date_gmt":"2024-12-13T18:38:04","guid":{"rendered":"https:\/\/naujienulaikas.lt\/index.php\/2024\/12\/13\/kalifornijos-pora-buvo-nusauta-meksikoje-per-atostogas-nacionaline\/"},"modified":"2024-12-13T18:38:04","modified_gmt":"2024-12-13T18:38:04","slug":"kalifornijos-pora-buvo-nusauta-meksikoje-per-atostogas-nacionaline","status":"publish","type":"post","link":"https:\/\/naujienulaikas.lt\/index.php\/2024\/12\/13\/kalifornijos-pora-buvo-nusauta-meksikoje-per-atostogas-nacionaline\/","title":{"rendered":"Kalifornijos pora buvo nu\u0161auta Meksikoje per atostogas \u2013 Nacionalin\u0117"},"content":{"rendered":"<p> <br \/>\n<\/p>\n<div data-article-socialshare=\"true\">\n<div id=\"article-fontSizer\" class=\"c-fontSizer\">\n<p>\n\t\t<button class=\"c-fontSizer__button c-fontSizer__button--decrease c-button c-button--details c-button--mini\" data-trackable=\"true\" data-trackaction=\"Font Sizer Decrease Font\" data-tooltip-title=\"Decrease text size\"><br \/>\n\t\t\t<span class=\"sr-only\">Suma\u017einti straipsnio \u0161rifto dyd\u012f<\/span><br \/>\n\t\t\t\t<svg class=\"c-icon  c-fontSizer__icon\" focusable=\"false\">\n\t\t<use xlink:href=\"https:\/\/globalnews.ca\/wp-content\/themes\/shaw-globalnews\/assets\/dist\/icons\/out\/symbol\/svg\/sprite.symbol.svg?v=cv3j60zbx#font-decrease\"\/>\n\t<\/svg><br \/>\n\t\t\t<\/button>\n\t<\/p>\n<p>\n\t\t<button class=\"c-fontSizer__button c-fontSizer__button--increase c-button c-button--details c-button--mini\" data-trackable=\"true\" data-trackaction=\"Font Sizer Increase Font\" data-tooltip-title=\"Increase text size\"><br \/>\n\t\t\t<span class=\"sr-only\">Padidinti straipsnio \u0161rifto dyd\u012f<\/span><br \/>\n\t\t\t\t<svg class=\"c-icon  c-fontSizer__icon\" focusable=\"false\">\n\t\t<use xlink:href=\"https:\/\/globalnews.ca\/wp-content\/themes\/shaw-globalnews\/assets\/dist\/icons\/out\/symbol\/svg\/sprite.symbol.svg?v=cv3j60zbx#font-increase\"\/>\n\t<\/svg><br \/>\n\t\t\t<\/button>\n\t<\/p>\n<\/div>\n<\/div>\n<div id=\"\">\n<p>Kalifornijos pora buvo nu\u0161auta atostogaujant Meksikoje, patvirtino pareig\u016bnai.<\/p>\n<p><\/p>\n<p>Pora, kuri\u0105 Mi\u010doakano valstijos generalin\u0117 prokurat\u016bra nurod\u0117 tik kaip 50 met\u0173 Gloria A. ir 53 met\u0173 Rafael\u012f C., buvo nu\u0161auta vakarin\u0117je Mi\u010doakano valstijoje prie\u0161 pat vidurnakt\u012f tre\u010diadienio vakar\u0105.<\/p>\n<p>Susituokusi pora va\u017eiavo pikapu Angamacutiro savivaldyb\u0117je, kai buvo nu\u0161auti. Moteris mir\u0117 \u012fvykio vietoje, prane\u0161a Reuters, o vyras po kurio laiko mir\u0117 ligonin\u0117je.<\/p>\n<p>Nebuvo i\u0161 karto ai\u0161ku, kod\u0117l ir ar pora buvo specialiai nukreipta.<\/p>\n<p>Valstyb\u0117s kaltintojai \u201eReuters\u201c sak\u0117, kad JAV pilietyb\u0119 gavusi moteris ir vyras, gim\u0119s JAV meksikie\u010di\u0173 t\u0117vams, tur\u0117jo \u0161eim\u0105 ir namus Angamakutire.<\/p>\n<div class=\"c-ad c-ad--bigbox l-article__ad\">\n<p>Istorija t\u0119siasi po skelbimu<\/p>\n<\/p><\/div>\n<div class=\"l-article__part\" data-shortcode=\"tp_video_miniplayer\">\n<section id=\"miniplayer_675c7b743a0e9-carousel\" class=\"l-videoCarousel l-videoCarousel--embed c-carousel\" data-video-carousel-play-inline=\"true\" data-video-carousel-init=\"false\" aria-label=\"Video carousel contains 2 videos.\">\n<div class=\"l-videoCarousel__inner\">\n<div class=\"l-videoCarousel__featured\">\n<div class=\"c-video c-videoPlay \" data-iframe-receiver=\"\" data-autoplay=\"\" data-displayinline-featured=\"true\" data-displayinline-type=\"video\" data-displayinline-player-id=\"miniplayer_675c7b743a0e9\" data-displayinline-video-id=\"10915017\" data-displayinline-ratio=\"16:9\" data-displayinline=\"https:\/\/globalnews.ca\/video\/embed\/playlist\/10915017,10899102\/?poster=https%3A%2F%2Fi1.wp.com%2Fmedia.globalnews.ca%2Fvideostatic%2Fnews%2Foy7gigsiel-13ujjzguie%2FTMS_CLAIRE_NEWELL_STILL.jpg%3Fw%3D1200%26%23038%3Bquality%3D70%26%23038%3Bstrip%3Dall#autoplay&amp;stickyiframe=miniplayer_675c7b743a0e9\" data-displayinline-playlist=\"10915017,10899102\" data-displayinline-sticky=\"true\">\n<div class=\"c-video__inner\">\n\t\t\t\t\t<span class=\"c-video__placeholder\"><br \/>\n\t\t\t\t\t\t<img class=\"c-video__image\" alt=\"Spustel\u0117kite, jei norite paleisti vaizdo \u012fra\u0161\u0105: \u201eKod\u0117l daugiau kanadie\u010di\u0173 sako, kad praleid\u017eia keliones ir per atostogas lieka namuose\u201c\" width=\"640\" height=\"360\" data-src=\"https:\/\/i1.wp.com\/media.globalnews.ca\/videostatic\/news\/oy7gigsiel-13ujjzguie\/TMS_CLAIRE_NEWELL_STILL.jpg?w=1200&amp;quality=70&amp;strip=all\" loading=\"lazy\" srcset=\"\" sizes=\"auto, \" data-srcset=\"https:\/\/i1.wp.com\/media.globalnews.ca\/videostatic\/news\/oy7gigsiel-13ujjzguie\/TMS_CLAIRE_NEWELL_STILL.jpg?w=450#038;quality=70&amp;strip=all 450w,https:\/\/i1.wp.com\/media.globalnews.ca\/videostatic\/news\/oy7gigsiel-13ujjzguie\/TMS_CLAIRE_NEWELL_STILL.jpg?w=720#038;quality=70&amp;strip=all 720w,https:\/\/i1.wp.com\/media.globalnews.ca\/videostatic\/news\/oy7gigsiel-13ujjzguie\/TMS_CLAIRE_NEWELL_STILL.jpg?w=1040#038;quality=70&amp;strip=all 1040w,\" data-sizes=\"(min-width: 1040px) 1040px,(min-width: 720px) 720px,450px\"\/><br \/>\n\t\t\t\t\t\t\t\t\t\t\t\t<span class=\"c-video__overlay\"><\/p>\n<p>\n\t\t\t\t\t\t\t\t\t\t\t\t\t\t\t\t\t<time class=\"c-video__duration\">4:55<\/time><br \/>\n\t\t\t\t\t\t\t\t\t\t\t\t\t\t\t\t\t\t\t\t\t\t\t\t\t<span class=\"c-video__title\">Kod\u0117l daugiau kanadie\u010di\u0173 sako, kad praleid\u017eia keliones ir lieka namuose per atostogas<\/span>\n\t\t\t\t\t\t\t\t\t\t\t\t\t\t\t<\/p>\n<p>\t\t\t\t\t\t<\/span><br \/>\n\t\t\t\t\t\t\t\t\t\t\t<\/span>\n\t\t\t\t<\/div>\n<\/p><\/div>\n<\/p><\/div>\n<div class=\"l-videoCarousel__glide glide \">\n<div class=\"glide__arrows c-carousel__buttons l-videoCarousel__buttons\" data-glide-el=\"controls\">\n\t<button class=\"glide__arrow glide__arrow--left c-carousel__button c-carousel__prev l-videoCarousel__button l-videoCarousel__prev c-longform-gallery__prev\" data-glide-dir=\"&lt;\"><\/p>\n<p>\t\t<span class=\"sr-only\">Ankstesnis Video<\/span><br \/>\n\t<\/button><br \/>\n\t<button class=\"glide__arrow glide__arrow--right c-carousel__button c-carousel__next l-videoCarousel__button l-videoCarousel__next c-longform-gallery__next\" data-glide-dir=\"&gt;\"><\/p>\n<p>\t\t<span class=\"sr-only\">Kitas vaizdo \u012fra\u0161as<\/span><br \/>\n\t<\/button><br \/>\n\t\t<button class=\"c-carousel__goto\" data-glide-dir=\"=0\" aria-hidden=\"true\" tabindex=\"-1\"\/>\n\t<\/div>\n<\/p><\/div>\n<\/p><\/div>\n<p>\t\t<!-- video stream item --><\/p>\n<\/section><\/div>\n<p>Mi\u010doakano prokurat\u016bros atstov\u0117 spaudai Magdalena Guzm\u00e1n \u201eNew York Times\u201c sak\u0117, kad pora atvyko \u012f Meksik\u0105 pra\u0117jusio m\u0117nesio pabaigoje, kad praleist\u0173 atostog\u0173 su \u0161eima.<\/p>\n<section id=\"content-dynamic-trending-stories\" class=\"l-inlineStories l-inlineStories--tile u-hide-tablet-landscape\" aria-label=\"Dynamic trending stories section\">\n<p>\n\t\t<span class=\"l-inlineStories__title c-heading c-heading--strikethrough\">Dabar populiaru<\/span>\n\t<\/p>\n<ul class=\"l-inlineStories__posts c-posts c-posts--inline \">\n<li class=\"c-posts__item\">\n<div class=\"c-posts__media \">\n\t\t\t\t\t\t<img class=\"c-posts__thumbnail\" data-src=\"https:\/\/globalnews.ca\/wp-content\/uploads\/2024\/12\/Canada-post-strike_b01cbb.jpg?quality=85&amp;strip=all&amp;w=336&amp;h=224&amp;crop=1\" loading=\"lazy\" width=\"336\" height=\"224\" alt=\"\"\/>\n\t\t\t\t\t\t\t\t\t\t\t\t\t<\/div>\n<div class=\"c-posts__details\">\n<p>\n\t\t\t\t<span class=\"c-posts__headlineText\" title=\"Canada Post strike: Ontario utilities warn of penalties as millions await bills\" data-title=\"\">Kanados pa\u0161to streikas: Ontarijo komunalin\u0117s paslaugos \u012fsp\u0117ja d\u0117l baud\u0173, nes milijonai laukia s\u0105skait\u0173<\/span>\n\t<\/p>\n<\/p><\/div>\n<\/li>\n<li class=\"c-posts__item\">\n<div class=\"c-posts__media \">\n\t\t\t\t\t\t<img class=\"c-posts__thumbnail\" data-src=\"https:\/\/globalnews.ca\/wp-content\/uploads\/2024\/12\/CP173670129.jpg?quality=85&amp;strip=all&amp;w=336&amp;h=224&amp;crop=1\" loading=\"lazy\" width=\"336\" height=\"224\" alt=\"\"\/>\n\t\t\t\t\t\t\t\t\t\t\t\t\t<\/div>\n<div class=\"c-posts__details\">\n<p>\n\t\t\t\t<span class=\"c-posts__headlineText\" title=\"Canada Post strike: Minister seeks order to get workers back on the job\" data-title=\"\">Kanados pa\u0161to streikas: ministras siekia, kad darbuotojai gr\u012f\u017et\u0173 \u012f darb\u0105<\/span>\n\t<\/p>\n<\/p><\/div>\n<\/li>\n<\/ul>\n<\/section>\n<div class=\"c-inlineSignup\" data-newsletter-inline=\"\">\n<div class=\"c-inlineSignup__image\">\n\t\t\t\t\t<img decoding=\"async\" width=\"170\" height=\"225\" loading=\"lazy\" src=\"https:\/\/globalnews.ca\/wp-content\/themes\/shaw-globalnews\/images\/skyline\/national.jpg\" alt=\"Kart\u0105 per dien\u0105 gaukite svarbiausi\u0173 dienos naujien\u0173, politini\u0173, ekonomini\u0173 ir aktualij\u0173 antra\u0161tes.\"\/>\n\t\t\t\t<\/div>\n<div class=\"c-inlineSignup__content\">\n<h3>Gaukite kasdienes nacionalines naujienas<\/h3>\n<p>Kart\u0105 per dien\u0105 gaukite svarbiausi\u0173 dienos naujien\u0173, politini\u0173, ekonomini\u0173 ir aktualij\u0173 antra\u0161tes.<\/p>\n<\/p><\/div>\n<\/p><\/div>\n<p>Anot prekybos centro, pareig\u016bnai apie i\u0161puol\u012f su\u017einojo po to, kai apsaugos pareig\u016bnai Angamacutiro gatv\u0117je aptiko j\u0173 transporto priemon\u0119 su kulkomis.<\/p>\n<p>Prokurat\u016bra nurod\u0117, kad poros valstybinis numeris buvo registruotas be numerio L\u00e1zaro C\u00e1rdenas kaimynyst\u0117je. Tyr\u0117jai i\u0161 \u012fvykio vietos rinko balistinius \u012frodymus analizei.<\/p>\n<p>\u0160is nu\u017eudymas laikomas \u017eingsniu atgal Meksikos vyriausyb\u0117s \u012fsipareigojime pa\u017eaboti organizuot\u0105 nusikalstamum\u0105 keliuose regionuose.<\/p>\n<p>Meksikos prezident\u0117 Claudia Sheinbaum, prad\u0117jusi eiti pareigas spal\u012f, pa\u017ead\u0117jo nacionaliniu lygmeniu atkartoti s\u0117km\u0119, kuri\u0105 ji patyr\u0117 kaip Meksiko miesto mer\u0117, suma\u017eindama \u017emog\u017eudys\u010di\u0173 skai\u010di\u0173 \u0161ioje sostin\u0117je.<\/p>\n<div class=\"c-ad c-ad--bigbox l-article__ad\">\n<p>Istorija t\u0119siasi po skelbimu<\/p>\n<\/p><\/div>\n<p>Ta\u010diau pirmieji du jos darbo m\u0117nesiai buvo pa\u017eym\u0117ti karteli\u0173 smurto protr\u016bkiu keliuose kar\u0161tuosiuose ta\u0161kuose.<\/p>\n<p>Kanados vyriausyb\u0117 pataria turistams vengti neb\u016btin\u0173 kelioni\u0173 \u012f kelet\u0105 Meksikos valstij\u0173, \u012fskaitant Mi\u010doakan\u0105, d\u0117l didelio smurto ir organizuoto nusikalstamumo.<\/p>\n<p>\u2014 <em>Su failais i\u0161 Reuters<\/em><\/p>\n<div class=\"c-tabs\">\n<p>\n\t\t\t<button role=\"tab\" class=\"c-tabs__tab c-tabs__tab--active\" type=\"button\">Daugiau apie Pasaul\u012f<\/button><br \/>\n\t\t\t<button role=\"tab\" class=\"c-tabs__tab\" type=\"button\">Daugiau vaizdo \u012fra\u0161\u0173<\/button>\n\t\t<\/p>\n<\/p><\/div>\n<\/p><\/div>\n<div>\n<p>\t\t&#038;copy 2024 Global News, Corus Entertainment Inc. padalinys.\t<\/p>\n<\/div>\n<p><script defer src=\"https:\/\/connect.facebook.net\/en_US\/sdk.js#xfbml=1&#038;appId=318812448281278&#038;version=v3.3\"><\/script><br \/>\n<br \/><br \/>\n<br \/><a href=\"https:\/\/globalnews.ca\/news\/10916583\/california-couple-shot-killed-mexico\/\">Source link <\/a><\/p>\n","protected":false},"excerpt":{"rendered":"<p>Suma\u017einti straipsnio \u0161rifto dyd\u012f Padidinti straipsnio \u0161rifto dyd\u012f Kalifornijos pora buvo nu\u0161auta atostogaujant Meksikoje, patvirtino&#8230;<\/p>\n","protected":false},"author":1,"featured_media":3694,"comment_status":"","ping_status":"","sticky":false,"template":"","format":"standard","meta":{"_monsterinsights_skip_tracking":false,"_monsterinsights_sitenote_active":false,"_monsterinsights_sitenote_note":"","_monsterinsights_sitenote_category":0,"footnotes":""},"categories":[7],"tags":[2318,96,2314,2317,30,2316,2315],"class_list":["post-3693","post","type-post","status-publish","format-standard","has-post-thumbnail","hentry","category-pasaulio-naujienos","tag-atostogas","tag-buvo","tag-kalifornijos","tag-meksikoje","tag-nacionaline","tag-nusauta","tag-pora"],"aioseo_notices":[],"_links":{"self":[{"href":"https:\/\/naujienulaikas.lt\/index.php\/wp-json\/wp\/v2\/posts\/3693","targetHints":{"allow":["GET"]}}],"collection":[{"href":"https:\/\/naujienulaikas.lt\/index.php\/wp-json\/wp\/v2\/posts"}],"about":[{"href":"https:\/\/naujienulaikas.lt\/index.php\/wp-json\/wp\/v2\/types\/post"}],"author":[{"embeddable":true,"href":"https:\/\/naujienulaikas.lt\/index.php\/wp-json\/wp\/v2\/users\/1"}],"replies":[{"embeddable":true,"href":"https:\/\/naujienulaikas.lt\/index.php\/wp-json\/wp\/v2\/comments?post=3693"}],"version-history":[{"count":0,"href":"https:\/\/naujienulaikas.lt\/index.php\/wp-json\/wp\/v2\/posts\/3693\/revisions"}],"wp:featuredmedia":[{"embeddable":true,"href":"https:\/\/naujienulaikas.lt\/index.php\/wp-json\/wp\/v2\/media\/3694"}],"wp:attachment":[{"href":"https:\/\/naujienulaikas.lt\/index.php\/wp-json\/wp\/v2\/media?parent=3693"}],"wp:term":[{"taxonomy":"category","embeddable":true,"href":"https:\/\/naujienulaikas.lt\/index.php\/wp-json\/wp\/v2\/categories?post=3693"},{"taxonomy":"post_tag","embeddable":true,"href":"https:\/\/naujienulaikas.lt\/index.php\/wp-json\/wp\/v2\/tags?post=3693"}],"curies":[{"name":"wp","href":"https:\/\/api.w.org\/{rel}","templated":true}]}}