{"id":3701,"date":"2024-12-14T18:38:39","date_gmt":"2024-12-14T18:38:39","guid":{"rendered":"https:\/\/naujienulaikas.lt\/index.php\/2024\/12\/14\/jav-pareigunai-palaike-tiesioginius-rysius-su-sirijos-sukileliu-grupe-kuri-nuverte-assada-blinkenas-sako\/"},"modified":"2024-12-14T18:38:39","modified_gmt":"2024-12-14T18:38:39","slug":"jav-pareigunai-palaike-tiesioginius-rysius-su-sirijos-sukileliu-grupe-kuri-nuverte-assada-blinkenas-sako","status":"publish","type":"post","link":"https:\/\/naujienulaikas.lt\/index.php\/2024\/12\/14\/jav-pareigunai-palaike-tiesioginius-rysius-su-sirijos-sukileliu-grupe-kuri-nuverte-assada-blinkenas-sako\/","title":{"rendered":"JAV pareig\u016bnai palaik\u0117 tiesioginius ry\u0161ius su Sirijos sukil\u0117li\u0173 grupe, kuri nuvert\u0117 Assad\u0105, Blinkenas sako"},"content":{"rendered":"<p> <br \/>\n<\/p>\n<div id=\"\">\n<p>JAV valstyb\u0117s sekretorius Antony Blinken \u0161e\u0161tadien\u012f parei\u0161k\u0117, kad amerikie\u010di\u0173 pareig\u016bnai palaik\u0117 tiesioginius ry\u0161ius su Sirijos sukil\u0117li\u0173 grupe, kuri vadovavo prezidento Basharo Assado vyriausyb\u0117s nuvertimui, ta\u010diau JAV ir kitose \u0161alyse j\u0105 priskyr\u0117 u\u017esienio teroristine organizacijai.<\/p>\n<p><\/p>\n<p>Blinkenas yra pirmasis JAV pareig\u016bnas, vie\u0161ai patvirtin\u0119s ry\u0161ius tarp Bideno administracijos ir Hayat Tahrir al-Sham, arba HTS, vadovavusios ginkluot\u0173 opozicini\u0173 grupuo\u010di\u0173 koalicijai, pra\u0117jus\u012f sekmadien\u012f nuvertusiai Assad\u0105 i\u0161 vald\u017eios.<\/p>\n<p>Kalb\u0117damas per spaudos konferencij\u0105 Akaboje, Jordanijoje, Blinkenas nekalb\u0117jo apie kontakt\u0173 detales, ta\u010diau teig\u0117, kad JAV svarbu perduoti grupei \u017einutes apie savo elges\u012f ir tai, kaip ji ketina valdyti pereinamuoju laikotarpiu.<\/p>\n<div class=\"c-inlineSignup\" data-newsletter-inline=\"\">\n<div class=\"c-inlineSignup__image\">\n\t\t\t\t\t<img decoding=\"async\" width=\"170\" height=\"225\" loading=\"lazy\" src=\"https:\/\/globalnews.ca\/wp-content\/themes\/shaw-globalnews\/images\/skyline\/national.jpg\" alt=\"Kart\u0105 per dien\u0105 gaukite svarbiausi\u0173 dienos naujien\u0173, politini\u0173, ekonomini\u0173 ir aktualij\u0173 antra\u0161tes.\"\/>\n\t\t\t\t<\/div>\n<div class=\"c-inlineSignup__content\">\n<h3>Gaukite kasdienes nacionalines naujienas<\/h3>\n<p>Kart\u0105 per dien\u0105 gaukite svarbiausi\u0173 dienos naujien\u0173, politini\u0173, ekonomini\u0173 ir aktualij\u0173 antra\u0161tes.<\/p>\n<\/p><\/div>\n<\/p><\/div>\n<p>\u201eTaip, mes palaik\u0117me ry\u0161\u012f su HTS ir kitomis \u0161alimis\u201c, \u2013 sak\u0117 Blinkenas. Jis prid\u016br\u0117, kad \u201em\u016bs\u0173 \u017einia Sirijos \u017emon\u0117ms yra tokia: norime, kad jiems pasisekt\u0173, ir esame pasireng\u0119 pad\u0117ti jiems tai padaryti\u201c.<\/p>\n<div class=\"c-ad c-ad--bigbox l-article__ad\">\n<p>Istorija t\u0119siasi po skelbimu<\/p>\n<\/p><\/div>\n<p>HTS, kuri ka\u017ekada buvo \u201eal Qaedos\u201c filialas, nuo 2018 m. Valstyb\u0117s departamento buvo \u012ftraukta \u012f u\u017esienio teroristin\u0119 organizacij\u0105. D\u0117l tokio paskyrimo taikomos grie\u017etos sankcijos, \u012fskaitant draudim\u0105 teikti grupuotei bet koki\u0105 \u201ematerialin\u0119 param\u0105\u201c. ar jos nariai. Ta\u010diau sankcijos teisi\u0161kai nedraud\u017eia JAV pareig\u016bnams bendrauti su nurodytomis grup\u0117mis.<\/p>\n<p>HTS steng\u0117si u\u017etikrinti saugum\u0105 ir prad\u0117ti politin\u012f per\u0117jim\u0105 po Damasko u\u017egrobimo ir band\u0117 nuraminti visuomen\u0119, apstulbusi\u0105 Assado \u017elugimo ir susir\u016bpinusi\u0105 d\u0117l sukil\u0117li\u0173 ekstremistini\u0173 d\u017eihad\u0173. Sukil\u0117li\u0173 lyderiai sako, kad grupuot\u0117 sulau\u017e\u0117 savo ekstremistin\u0119 praeit\u012f.<\/p>\n<section id=\"content-dynamic-trending-stories\" class=\"l-inlineStories l-inlineStories--tile u-hide-tablet-landscape\" aria-label=\"Dynamic trending stories section\">\n<p>\n\t\t<span class=\"l-inlineStories__title c-heading c-heading--strikethrough\">Dabar populiaru<\/span>\n\t<\/p>\n<ul class=\"l-inlineStories__posts c-posts c-posts--inline \">\n<li class=\"c-posts__item\">\n<div class=\"c-posts__media \">\n\t\t\t\t\t\t<img class=\"c-posts__thumbnail\" data-src=\"https:\/\/globalnews.ca\/wp-content\/uploads\/2024\/12\/Sheku-Kanneh-Mason.jpg?quality=85&amp;strip=all&amp;w=336&amp;h=224&amp;crop=1\" loading=\"lazy\" width=\"336\" height=\"224\" alt=\"\"\/>\n\t\t\t\t\t\t\t\t\t\t\t\t\t<\/div>\n<div class=\"c-posts__details\">\n<p>\n\t\t\t\t<span class=\"c-posts__headlineText\" title=\"Air Canada denies world-renowned musician from boarding flight with cello\" data-title=\"\">\u201eAir Canada\u201c neleid\u017eia pasaulinio garso muzikantui \u012fs\u0117sti \u012f skryd\u012f su violon\u010dele<\/span>\n\t<\/p>\n<\/p><\/div>\n<\/li>\n<li class=\"c-posts__item\">\n<div class=\"c-posts__media \">\n\t\t\t\t\t\t<img class=\"c-posts__thumbnail\" data-src=\"https:\/\/globalnews.ca\/wp-content\/uploads\/2023\/01\/CP11900215-e1672858758341.jpg?quality=85&amp;strip=all&amp;w=336&amp;h=224&amp;crop=1\" loading=\"lazy\" width=\"336\" height=\"224\" alt=\"\"\/>\n\t\t\t\t\t\t\t\t\t\t\t\t\t<\/div>\n<div class=\"c-posts__details\">\n<p>\n\t\t\t\t<span class=\"c-posts__headlineText\" title=\"Jordan Peterson says he\u2019s left Canada and moved to the U.S.\" data-title=\"\">Jordanas Petersonas sako i\u0161vyk\u0119s i\u0161 Kanados ir persik\u0117l\u0119s \u012f JAV<\/span>\n\t<\/p>\n<\/p><\/div>\n<\/li>\n<\/ul>\n<\/section>\n<p>Grup\u0117s lyderis Ahmadas al-Sharaa, anks\u010diau \u017einomas kaip Abu Mohammedas al-Golani, penktadien\u012f pasirod\u0117 vaizdo \u017einut\u0117je, sveikindamas \u201edid\u017ei\u0105j\u0105 Sirijos taut\u0105 su palaimintosios revoliucijos pergale\u201c.<\/p>\n<div class=\"c-tabs\">\n<p>\n\t\t\t<button role=\"tab\" class=\"c-tabs__tab c-tabs__tab--active\" type=\"button\">Daugiau apie Pasaul\u012f<\/button><br \/>\n\t\t\t<button role=\"tab\" class=\"c-tabs__tab\" type=\"button\">Daugiau vaizdo \u012fra\u0161\u0173<\/button>\n\t\t<\/p>\n<\/p><\/div>\n<p>JAV pareig\u016bnai sako, kad Sharaa palankiai vertina pastabas apie ma\u017eum\u0173 ir moter\u0173 teisi\u0173 apsaug\u0105, ta\u010diau i\u0161lieka skepti\u0161kas, ar jis to laikysis ilgainiui.<\/p>\n<p>Penktadien\u012f sukil\u0117liai ir neginkluota Sirijos opozicija steng\u0117si saugiai perduoti JAV pareig\u016bnams amerikiet\u012f, kur\u012f \u012fkalino Assadas.<\/p>\n<p>JAV pareig\u016bnai t\u0119sia prie\u0161 12 met\u0173 netoli Damasko dingusio amerikie\u010di\u0173 \u017eurnalisto Ostino Tiso paie\u0161kas.<\/p>\n<p>\u201eVisiems, su kuriais bendravome, padar\u0117me \u012fsp\u016bd\u012f, kad svarbu pad\u0117ti surasti Ostin\u0105 Tis\u0105 ir parve\u017eti j\u012f namo\u201c, \u2013 sak\u0117 Blinkenas.<\/p>\n<\/p><\/div>\n<div>\n<p>\t\t&#038;kopija 2024 The Canadian Press\t<\/p>\n<\/div>\n<p><script defer src=\"https:\/\/connect.facebook.net\/en_US\/sdk.js#xfbml=1&#038;appId=318812448281278&#038;version=v3.3\"><\/script><br \/>\n<br \/><br \/>\n<br \/><a href=\"https:\/\/globalnews.ca\/news\/10918508\/us-officials-have-been-in-direct-contact-with-the-syrian-rebel-group-that-ousted-assad-blinken-says\/\">Source link <\/a><\/p>\n","protected":false},"excerpt":{"rendered":"<p>JAV valstyb\u0117s sekretorius Antony Blinken \u0161e\u0161tadien\u012f parei\u0161k\u0117, kad amerikie\u010di\u0173 pareig\u016bnai palaik\u0117 tiesioginius ry\u0161ius su Sirijos&#8230;<\/p>\n","protected":false},"author":1,"featured_media":3702,"comment_status":"","ping_status":"","sticky":false,"template":"","format":"standard","meta":{"_monsterinsights_skip_tracking":false,"_monsterinsights_sitenote_active":false,"_monsterinsights_sitenote_note":"","_monsterinsights_sitenote_category":0,"footnotes":""},"categories":[7],"tags":[2334,2335,2331,45,2332,2333,2327,666,2329,1934,2079,2330,2328],"class_list":["post-3701","post","type-post","status-publish","format-standard","has-post-thumbnail","hentry","category-pasaulio-naujienos","tag-assada","tag-blinkenas","tag-grupe","tag-jav","tag-kuri","tag-nuverte","tag-palaike","tag-pareigunai","tag-rysius","tag-sako","tag-sirijos","tag-sukileliu","tag-tiesioginius"],"aioseo_notices":[],"_links":{"self":[{"href":"https:\/\/naujienulaikas.lt\/index.php\/wp-json\/wp\/v2\/posts\/3701","targetHints":{"allow":["GET"]}}],"collection":[{"href":"https:\/\/naujienulaikas.lt\/index.php\/wp-json\/wp\/v2\/posts"}],"about":[{"href":"https:\/\/naujienulaikas.lt\/index.php\/wp-json\/wp\/v2\/types\/post"}],"author":[{"embeddable":true,"href":"https:\/\/naujienulaikas.lt\/index.php\/wp-json\/wp\/v2\/users\/1"}],"replies":[{"embeddable":true,"href":"https:\/\/naujienulaikas.lt\/index.php\/wp-json\/wp\/v2\/comments?post=3701"}],"version-history":[{"count":0,"href":"https:\/\/naujienulaikas.lt\/index.php\/wp-json\/wp\/v2\/posts\/3701\/revisions"}],"wp:featuredmedia":[{"embeddable":true,"href":"https:\/\/naujienulaikas.lt\/index.php\/wp-json\/wp\/v2\/media\/3702"}],"wp:attachment":[{"href":"https:\/\/naujienulaikas.lt\/index.php\/wp-json\/wp\/v2\/media?parent=3701"}],"wp:term":[{"taxonomy":"category","embeddable":true,"href":"https:\/\/naujienulaikas.lt\/index.php\/wp-json\/wp\/v2\/categories?post=3701"},{"taxonomy":"post_tag","embeddable":true,"href":"https:\/\/naujienulaikas.lt\/index.php\/wp-json\/wp\/v2\/tags?post=3701"}],"curies":[{"name":"wp","href":"https:\/\/api.w.org\/{rel}","templated":true}]}}