{"id":3747,"date":"2024-12-20T18:47:26","date_gmt":"2024-12-20T18:47:26","guid":{"rendered":"https:\/\/naujienulaikas.lt\/index.php\/2024\/12\/20\/7-metis-zuvo-kiti-buvo-suzeisti-po-peiliu-ispuolio-kroatijos-mokykloje\/"},"modified":"2024-12-20T18:47:26","modified_gmt":"2024-12-20T18:47:26","slug":"7-metis-zuvo-kiti-buvo-suzeisti-po-peiliu-ispuolio-kroatijos-mokykloje","status":"publish","type":"post","link":"https:\/\/naujienulaikas.lt\/index.php\/2024\/12\/20\/7-metis-zuvo-kiti-buvo-suzeisti-po-peiliu-ispuolio-kroatijos-mokykloje\/","title":{"rendered":"7-metis \u017euvo, kiti buvo su\u017eeisti po peili\u0173 i\u0161puolio Kroatijos mokykloje"},"content":{"rendered":"<p> <br \/>\n<\/p>\n<div data-article-socialshare=\"true\">\n<div id=\"article-fontSizer\" class=\"c-fontSizer\">\n<p>\n\t\t<button class=\"c-fontSizer__button c-fontSizer__button--decrease c-button c-button--details c-button--mini\" data-trackable=\"true\" data-trackaction=\"Font Sizer Decrease Font\" data-tooltip-title=\"Decrease text size\"><br \/>\n\t\t\t<span class=\"sr-only\">Suma\u017einti straipsnio \u0161rifto dyd\u012f<\/span><br \/>\n\t\t\t\t<svg class=\"c-icon  c-fontSizer__icon\" focusable=\"false\">\n\t\t<use xlink:href=\"https:\/\/globalnews.ca\/wp-content\/themes\/shaw-globalnews\/assets\/dist\/icons\/out\/symbol\/svg\/sprite.symbol.svg?v=cv3j60zbx#font-decrease\"\/>\n\t<\/svg><br \/>\n\t\t\t<\/button>\n\t<\/p>\n<p>\n\t\t<button class=\"c-fontSizer__button c-fontSizer__button--increase c-button c-button--details c-button--mini\" data-trackable=\"true\" data-trackaction=\"Font Sizer Increase Font\" data-tooltip-title=\"Increase text size\"><br \/>\n\t\t\t<span class=\"sr-only\">Padidinti straipsnio \u0161rifto dyd\u012f<\/span><br \/>\n\t\t\t\t<svg class=\"c-icon  c-fontSizer__icon\" focusable=\"false\">\n\t\t<use xlink:href=\"https:\/\/globalnews.ca\/wp-content\/themes\/shaw-globalnews\/assets\/dist\/icons\/out\/symbol\/svg\/sprite.symbol.svg?v=cv3j60zbx#font-increase\"\/>\n\t<\/svg><br \/>\n\t\t\t<\/button>\n\t<\/p>\n<\/div>\n<\/div>\n<div id=\"\">\n<p>Penktadien\u012f Kroatijos sostin\u0117je \u012f mokykl\u0105 peiliu ginkluotas paauglys subad\u0117 7 met\u0173 mergait\u0119 ir su\u017eeid\u0117 dar tris vaikus bei j\u0173 mokytoj\u0105, prane\u0161\u0117 pareig\u016bnai.<\/p>\n<p><\/p>\n<p>I\u0161puolis \u012fvyko apie 9.50 val. paskutin\u0119 mokyklos dien\u0105 prie\u0161 Kal\u0117das Precko pagrindin\u0117je mokykloje Zagrebo to paties pavadinimo rajone. Mokykl\u0105 lanko vaikai nuo 7 iki 15 met\u0173.<\/p>\n<p>\u201eU\u017epuolikas yra 19-metis, buv\u0119s tos mokyklos mokinys ir vis dar gyvena netoliese\u201c, \u2013 sak\u0117 vidaus reikal\u0173 ministras Davoras Bozinovi\u010dius. \u201eGal\u0173 gale jis prad\u0117jo \u017ealoti save. Policija neleido jam (mirti) savi\u017eudybei\u201c.<\/p>\n<div class=\"c-ad c-ad--bigbox l-article__ad\">\n<p>Istorija t\u0119siasi po skelbimu<\/p>\n<\/p><\/div>\n<p>Bozinovi\u010dius sak\u0117, kad u\u017epuolikas tur\u0117jo psichikos sveikatos problem\u0173 ir anks\u010diau band\u0117 nusi\u017eudyti.<\/p>\n<div class=\"c-inlineSignup\" data-newsletter-inline=\"\">\n<div class=\"c-inlineSignup__image\">\n\t\t\t\t\t<img decoding=\"async\" width=\"170\" height=\"225\" loading=\"lazy\" src=\"https:\/\/globalnews.ca\/wp-content\/themes\/shaw-globalnews\/images\/skyline\/national.jpg\" alt=\"Jei norite gauti naujien\u0173, turin\u010di\u0173 \u012ftakos Kanadai ir visam pasauliui, prisiregistruokite gauti naujausi\u0173 naujien\u0173 \u012fsp\u0117jimus, kurie jums bus pristatyti jiems \u012fvykus.\"\/>\n\t\t\t\t<\/div>\n<div class=\"c-inlineSignup__content\">\n<h3>Gaukite naujausias nacionalines naujienas<\/h3>\n<p>Jei norite gauti naujien\u0173, turin\u010di\u0173 \u012ftakos Kanadai ir visam pasauliui, prisiregistruokite gauti naujausi\u0173 naujien\u0173 \u012fsp\u0117jimus, kurie jums bus pristatyti jiems \u012fvykus.<\/p>\n<\/p><\/div>\n<\/p><\/div>\n<p>\u201eSunku pasakyti, kad \u0161is \u017emogus buvo psichi\u0161kai subalansuotas\u201c, \u2013 sak\u0117 jis.<\/p>\n<p>\u201ePenki \u017emon\u0117s buvo paguldyti \u012f ligonin\u0119, o j\u0173 gyvyb\u0117ms pavojus negresia\u201c, \u2013 \u017einiasklaidai sak\u0117 sveikatos apsaugos ministr\u0117 Irena Hrstic. \u012e \u0161\u012f skai\u010di\u0173 \u012ftrauktas ir \u012ftariamas u\u017epuolikas.<\/p>\n<p>I\u0161puoliai mokyklose Kroatijoje ir visame Balkanuose yra reti, nors 2023 m. gegu\u017e\u0119 kaimynin\u0117je Serbijoje paauglys prad\u0117jo \u0161audyti \u012f mokykl\u0105 sostin\u0117je Belgrade ir \u017euvo devyni bendramoksliai ir mokyklos sargybinis.<\/p>\n<div class=\"l-article__part\" data-shortcode=\"tp_video\">\n<div class=\"c-video c-videoPlay \" data-iframe-receiver=\"\" data-autoplay=\"\" data-displayinline-featured=\"false\" data-displayinline-type=\"video\" data-displayinline-player-id=\"miniplayer_9670440_6765ac261011a\" data-displayinline-video-id=\"9670440\" data-displayinline-ratio=\"16:9\" data-displayinline=\"https:\/\/globalnews.ca\/video\/embed\/9670440\/#autoplay&amp;stickyiframe=miniplayer_9670440_6765ac261011a\" data-displayinline-sticky=\"true\">\n<div class=\"c-video__inner\">\n\t\t\t\t\t<span class=\"c-video__placeholder\"><br \/>\n\t\t\t\t\t\t<img class=\"c-video__image\" alt=\"Spustel\u0117kite, jei norite paleisti vaizdo \u012fra\u0161\u0105: \u201e\u0160audymas mokykloje Serbijoje: 13-metis suimtas po to, kai per \u201eplanuot\u0105\u201c i\u0161puol\u012f nu\u017eud\u0117 9 \u017emones\u201c\" width=\"640\" height=\"360\" data-src=\"https:\/\/i0.wp.com\/media.globalnews.ca\/videostatic\/news\/2u4fk5jl5l-i19zq4d0zw\/Sequence_10.00_03_11_06.Still001.jpg?w=1040&amp;quality=70&amp;strip=all\" loading=\"lazy\" srcset=\"\" sizes=\"auto, \" data-srcset=\"https:\/\/i0.wp.com\/media.globalnews.ca\/videostatic\/news\/2u4fk5jl5l-i19zq4d0zw\/Sequence_10.00_03_11_06.Still001.jpg?w=450#038;quality=70&amp;strip=all 450w,https:\/\/i0.wp.com\/media.globalnews.ca\/videostatic\/news\/2u4fk5jl5l-i19zq4d0zw\/Sequence_10.00_03_11_06.Still001.jpg?w=720#038;quality=70&amp;strip=all 720w,https:\/\/i0.wp.com\/media.globalnews.ca\/videostatic\/news\/2u4fk5jl5l-i19zq4d0zw\/Sequence_10.00_03_11_06.Still001.jpg?w=1040#038;quality=70&amp;strip=all 1040w,\" data-sizes=\"(min-width: 1040px) 1040px,(min-width: 720px) 720px,450px\"\/><br \/>\n\t\t\t\t\t\t\t\t\t\t\t\t<span class=\"c-video__overlay\"><\/p>\n<p>\n\t\t\t\t\t\t\t\t\t\t\t\t\t\t\t\t\t<time class=\"c-video__duration\">2:41<\/time><br \/>\n\t\t\t\t\t\t\t\t\t\t\t\t\t\t\t\t\t\t\t\t\t\t\t\t\t<span class=\"c-video__title\">Serbijos susi\u0161audymas mokykloje: per \u201eplanuot\u0105\u201c i\u0161puol\u012f suimtas 13-metis<\/span>\n\t\t\t\t\t\t\t\t\t\t\t\t\t\t\t<\/p>\n<p>\t\t\t\t\t\t<\/span><br \/>\n\t\t\t\t\t\t\t\t\t\t\t<\/span>\n\t\t\t\t<\/div>\n<\/p><\/div>\n<\/p><\/div>\n<section id=\"content-dynamic-trending-stories\" class=\"l-inlineStories l-inlineStories--tile u-hide-tablet-landscape\" aria-label=\"Dynamic trending stories section\">\n<p>\n\t\t<span class=\"l-inlineStories__title c-heading c-heading--strikethrough\">Dabar populiaru<\/span>\n\t<\/p>\n<ul class=\"l-inlineStories__posts c-posts c-posts--inline \">\n<li class=\"c-posts__item\">\n<div class=\"c-posts__media \">\n\t\t\t\t\t\t<img class=\"c-posts__thumbnail\" data-src=\"https:\/\/globalnews.ca\/wp-content\/uploads\/2024\/12\/trudeau-cabinet-shuffle.jpg?quality=85&amp;strip=all&amp;w=336&amp;h=224&amp;crop=1\" loading=\"lazy\" width=\"336\" height=\"224\" alt=\"\"\/><\/p><\/div>\n<div class=\"c-posts__details\">\n<p>\n\t\t\t\t<span class=\"c-posts__headlineText\" title=\"Trudeau cabinet shuffle: 8 new ministers sworn in\" data-title=\"\">Trudeau kabinetas: prisiek\u0117 8 nauji ministrai<\/span>\n\t<\/p>\n<\/p><\/div>\n<\/li>\n<li class=\"c-posts__item\">\n<div class=\"c-posts__media \">\n\t\t\t\t\t\t<img class=\"c-posts__thumbnail\" data-src=\"https:\/\/globalnews.ca\/wp-content\/uploads\/2024\/07\/cra-automatic-tax-filing.jpg?quality=85&amp;strip=all&amp;w=336&amp;h=224&amp;crop=1\" loading=\"lazy\" width=\"336\" height=\"224\" alt=\"\"\/>\n\t\t\t\t\t\t\t\t\t\t\t\t\t<\/div>\n<div class=\"c-posts__details\">\n<p>\n\t\t\t\t<span class=\"c-posts__headlineText\" title=\"Ottawa moving ahead on automatic tax filing. Here\u2019s what to know\" data-title=\"\">Otava t\u0119sia automatin\u012f mokes\u010di\u0173 pateikim\u0105. \u0160tai k\u0105 reikia \u017einoti<\/span>\n\t<\/p>\n<\/p><\/div>\n<\/li>\n<\/ul>\n<\/section>\n<p>Penktadien\u012f Kroatijos \u017einiasklaidos transliuotame vaizdo \u012fra\u0161e matyti, kaip vaikai b\u0117ga i\u0161 mokyklos pastato ir mokyklos kieme nusileido medicinos sraigtasparnis.<\/p>\n<div class=\"c-ad c-ad--bigbox l-article__ad\">\n<p>Istorija t\u0119siasi po skelbimu<\/p>\n<\/p><\/div>\n<p>Kroatijos vald\u017eia \u0161e\u0161tadien\u012f paskelb\u0117 gedulo diena ir at\u0161auk\u0117 kai kurias Kal\u0117d\u0173 \u0161ventes. Art\u0117jan\u010di\u0173 prezidento rinkim\u0173 kandidatai teig\u0117 laikinai sustabdantys savo kampanijas d\u0117l tragedijos.<\/p>\n<p>Prezidentas Zoranas Milanovi\u010dius sak\u0117, kad \u201en\u0117ra \u017eod\u017ei\u0173 apib\u016bdinti sielvart\u0105 d\u0117l siaubingos ir ne\u012fsivaizduojamos tragedijos, kuri \u0161iandien sukr\u0117t\u0117 mus visus\u201c.<\/p>\n<p>Milanovi\u010dius ragino vienytis ir stengtis u\u017etikrinti, kad mokyklos b\u016bt\u0173 saugi ir ner\u016bpestinga vieta vaikams.<\/p>\n<p>Ministras pirmininkas Andrejus Plenkovi\u010dius per vyriausyb\u0117s pos\u0117d\u012f parei\u0161k\u0117, kad yra \u201epasibais\u0117j\u0119s\u201c i\u0161puolio ir kad vald\u017eios institucijos vis dar stengiasi tiksliai nustatyti, kas atsitiko.<\/p>\n<p>\u2014<\/p>\n<p><em>Prie \u0161ios istorijos prisid\u0117jo \u201eAssociated Press\u201c ra\u0161ytojai Jovana Gec ir Dusanas Stojanovi\u010dius Belgrade, Serbijoje.<\/em><\/p>\n<p><em>\u2013 Su byla i\u0161 Reuters<\/em><\/p>\n<div class=\"c-tabs\">\n<p>\n\t\t\t<button role=\"tab\" class=\"c-tabs__tab c-tabs__tab--active\" type=\"button\">Daugiau apie Pasaul\u012f<\/button><br \/>\n\t\t\t<button role=\"tab\" class=\"c-tabs__tab\" type=\"button\">Daugiau vaizdo \u012fra\u0161\u0173<\/button>\n\t\t<\/p>\n<\/p><\/div>\n<\/p><\/div>\n<div>\n<p>\t\t&#038;kopija 2024 The Canadian Press\t<\/p>\n<\/div>\n<p><script defer src=\"https:\/\/connect.facebook.net\/en_US\/sdk.js#xfbml=1&#038;appId=318812448281278&#038;version=v3.3\"><\/script><br \/>\n<br \/><br \/>\n<br \/><a href=\"https:\/\/globalnews.ca\/news\/10927686\/croatia-school-stabbing-zagreb\/\">Source link <\/a><\/p>\n","protected":false},"excerpt":{"rendered":"<p>Suma\u017einti straipsnio \u0161rifto dyd\u012f Padidinti straipsnio \u0161rifto dyd\u012f Penktadien\u012f Kroatijos sostin\u0117je \u012f mokykl\u0105 peiliu ginkluotas&#8230;<\/p>\n","protected":false},"author":1,"featured_media":3748,"comment_status":"","ping_status":"","sticky":false,"template":"","format":"standard","meta":{"_monsterinsights_skip_tracking":false,"footnotes":""},"categories":[7],"tags":[2456,96,2460,2457,2461,2462,2459,2458,536],"class_list":["post-3747","post","type-post","status-publish","format-standard","has-post-thumbnail","hentry","category-pasaulio-naujienos","tag-7metis","tag-buvo","tag-ispuolio","tag-kiti","tag-kroatijos","tag-mokykloje","tag-peiliu","tag-suzeisti","tag-zuvo"],"aioseo_notices":[],"aioseo_head":"\n\t\t<!-- All in One SEO 5.0.1.1 - aioseo.com -->\n\t<meta name=\"description\" content=\"Suma\u017einti straipsnio \u0161rifto dyd\u012f Padidinti straipsnio \u0161rifto dyd\u012f Penktadien\u012f Kroatijos sostin\u0117je \u012f mokykl\u0105 peiliu ginkluotas paauglys subad\u0117 7 met\u0173 mergait\u0119 ir su\u017eeid\u0117 dar tris vaikus bei j\u0173 mokytoj\u0105, prane\u0161\u0117 pareig\u016bnai. I\u0161puolis \u012fvyko apie 9.50 val. paskutin\u0119 mokyklos dien\u0105 prie\u0161 Kal\u0117das Precko pagrindin\u0117je mokykloje Zagrebo to paties pavadinimo rajone. Mokykl\u0105 lanko vaikai nuo 7 iki 15\" \/>\n\t<meta name=\"robots\" content=\"max-image-preview:large\" \/>\n\t<meta name=\"author\" content=\"admin\"\/>\n\t<link rel=\"canonical\" href=\"https:\/\/naujienulaikas.lt\/index.php\/2024\/12\/20\/7-metis-zuvo-kiti-buvo-suzeisti-po-peiliu-ispuolio-kroatijos-mokykloje\/\" \/>\n\t<meta name=\"generator\" content=\"All in One SEO (AIOSEO) 5.0.1.1\" \/>\n\t\t<meta property=\"og:locale\" content=\"lt_LT\" \/>\n\t\t<meta property=\"og:site_name\" content=\"Naujien\u0173 Laikas.LT - Naujienos, technologijos,finansai\" \/>\n\t\t<meta property=\"og:type\" content=\"article\" \/>\n\t\t<meta property=\"og:title\" content=\"7-metis \u017euvo, kiti buvo su\u017eeisti po peili\u0173 i\u0161puolio Kroatijos mokykloje - Naujien\u0173 Laikas.LT\" \/>\n\t\t<meta property=\"og:description\" content=\"Suma\u017einti straipsnio \u0161rifto dyd\u012f Padidinti straipsnio \u0161rifto dyd\u012f Penktadien\u012f Kroatijos sostin\u0117je \u012f mokykl\u0105 peiliu ginkluotas paauglys subad\u0117 7 met\u0173 mergait\u0119 ir su\u017eeid\u0117 dar tris vaikus bei j\u0173 mokytoj\u0105, prane\u0161\u0117 pareig\u016bnai. I\u0161puolis \u012fvyko apie 9.50 val. paskutin\u0119 mokyklos dien\u0105 prie\u0161 Kal\u0117das Precko pagrindin\u0117je mokykloje Zagrebo to paties pavadinimo rajone. Mokykl\u0105 lanko vaikai nuo 7 iki 15\" \/>\n\t\t<meta property=\"og:url\" content=\"https:\/\/naujienulaikas.lt\/index.php\/2024\/12\/20\/7-metis-zuvo-kiti-buvo-suzeisti-po-peiliu-ispuolio-kroatijos-mokykloje\/\" \/>\n\t\t<meta property=\"article:published_time\" content=\"2024-12-20T18:47:26+00:00\" \/>\n\t\t<meta property=\"article:modified_time\" content=\"2024-12-20T18:47:26+00:00\" \/>\n\t\t<meta name=\"twitter:card\" content=\"summary_large_image\" \/>\n\t\t<meta name=\"twitter:title\" content=\"7-metis \u017euvo, kiti buvo su\u017eeisti po peili\u0173 i\u0161puolio Kroatijos mokykloje - Naujien\u0173 Laikas.LT\" \/>\n\t\t<meta name=\"twitter:description\" content=\"Suma\u017einti straipsnio \u0161rifto dyd\u012f Padidinti straipsnio \u0161rifto dyd\u012f Penktadien\u012f Kroatijos sostin\u0117je \u012f mokykl\u0105 peiliu ginkluotas paauglys subad\u0117 7 met\u0173 mergait\u0119 ir su\u017eeid\u0117 dar tris vaikus bei j\u0173 mokytoj\u0105, prane\u0161\u0117 pareig\u016bnai. I\u0161puolis \u012fvyko apie 9.50 val. paskutin\u0119 mokyklos dien\u0105 prie\u0161 Kal\u0117das Precko pagrindin\u0117je mokykloje Zagrebo to paties pavadinimo rajone. Mokykl\u0105 lanko vaikai nuo 7 iki 15\" \/>\n\t\t<script type=\"application\/ld+json\" class=\"aioseo-schema\">\n\t\t\t{\"@context\":\"https:\\\/\\\/schema.org\",\"@graph\":[{\"@type\":\"BlogPosting\",\"@id\":\"https:\\\/\\\/naujienulaikas.lt\\\/index.php\\\/2024\\\/12\\\/20\\\/7-metis-zuvo-kiti-buvo-suzeisti-po-peiliu-ispuolio-kroatijos-mokykloje\\\/#blogposting\",\"name\":\"7-metis \\u017euvo, kiti buvo su\\u017eeisti po peili\\u0173 i\\u0161puolio Kroatijos mokykloje - Naujien\\u0173 Laikas.LT\",\"headline\":\"7-metis \\u017euvo, kiti buvo su\\u017eeisti po peili\\u0173 i\\u0161puolio Kroatijos mokykloje\",\"author\":{\"@id\":\"https:\\\/\\\/naujienulaikas.lt\\\/index.php\\\/author\\\/admin\\\/#author\"},\"publisher\":{\"@id\":\"https:\\\/\\\/naujienulaikas.lt\\\/#organization\"},\"image\":{\"@type\":\"ImageObject\",\"url\":\"https:\\\/\\\/naujienulaikas.lt\\\/wp-content\\\/uploads\\\/2024\\\/12\\\/7-metis-zuvo-kiti-buvo-suzeisti-po-peiliu-ispuolio-Kroatijos-mokykloje.jpg\",\"width\":720,\"height\":379},\"datePublished\":\"2024-12-20T18:47:26+00:00\",\"dateModified\":\"2024-12-20T18:47:26+00:00\",\"inLanguage\":\"lt-LT\",\"mainEntityOfPage\":{\"@id\":\"https:\\\/\\\/naujienulaikas.lt\\\/index.php\\\/2024\\\/12\\\/20\\\/7-metis-zuvo-kiti-buvo-suzeisti-po-peiliu-ispuolio-kroatijos-mokykloje\\\/#webpage\"},\"isPartOf\":{\"@id\":\"https:\\\/\\\/naujienulaikas.lt\\\/index.php\\\/2024\\\/12\\\/20\\\/7-metis-zuvo-kiti-buvo-suzeisti-po-peiliu-ispuolio-kroatijos-mokykloje\\\/#webpage\"},\"articleSection\":\"PASAULIO NAUJIENOS, 7metis, buvo, i\\u0161puolio, kiti, Kroatijos, mokykloje, peili\\u0173, su\\u017eeisti, \\u017euvo\"},{\"@type\":\"BreadcrumbList\",\"@id\":\"https:\\\/\\\/naujienulaikas.lt\\\/index.php\\\/2024\\\/12\\\/20\\\/7-metis-zuvo-kiti-buvo-suzeisti-po-peiliu-ispuolio-kroatijos-mokykloje\\\/#breadcrumblist\",\"itemListElement\":[{\"@type\":\"ListItem\",\"@id\":\"https:\\\/\\\/naujienulaikas.lt#listItem\",\"position\":1,\"name\":\"Home\",\"item\":\"https:\\\/\\\/naujienulaikas.lt\",\"nextItem\":{\"@type\":\"ListItem\",\"@id\":\"https:\\\/\\\/naujienulaikas.lt\\\/index.php\\\/category\\\/pasaulio-naujienos\\\/#listItem\",\"name\":\"PASAULIO NAUJIENOS\"}},{\"@type\":\"ListItem\",\"@id\":\"https:\\\/\\\/naujienulaikas.lt\\\/index.php\\\/category\\\/pasaulio-naujienos\\\/#listItem\",\"position\":2,\"name\":\"PASAULIO NAUJIENOS\",\"item\":\"https:\\\/\\\/naujienulaikas.lt\\\/index.php\\\/category\\\/pasaulio-naujienos\\\/\",\"nextItem\":{\"@type\":\"ListItem\",\"@id\":\"https:\\\/\\\/naujienulaikas.lt\\\/index.php\\\/2024\\\/12\\\/20\\\/7-metis-zuvo-kiti-buvo-suzeisti-po-peiliu-ispuolio-kroatijos-mokykloje\\\/#listItem\",\"name\":\"7-metis \\u017euvo, kiti buvo su\\u017eeisti po peili\\u0173 i\\u0161puolio Kroatijos mokykloje\"},\"previousItem\":{\"@type\":\"ListItem\",\"@id\":\"https:\\\/\\\/naujienulaikas.lt#listItem\",\"name\":\"Home\"}},{\"@type\":\"ListItem\",\"@id\":\"https:\\\/\\\/naujienulaikas.lt\\\/index.php\\\/2024\\\/12\\\/20\\\/7-metis-zuvo-kiti-buvo-suzeisti-po-peiliu-ispuolio-kroatijos-mokykloje\\\/#listItem\",\"position\":3,\"name\":\"7-metis \\u017euvo, kiti buvo su\\u017eeisti po peili\\u0173 i\\u0161puolio Kroatijos mokykloje\",\"previousItem\":{\"@type\":\"ListItem\",\"@id\":\"https:\\\/\\\/naujienulaikas.lt\\\/index.php\\\/category\\\/pasaulio-naujienos\\\/#listItem\",\"name\":\"PASAULIO NAUJIENOS\"}}]},{\"@type\":\"Organization\",\"@id\":\"https:\\\/\\\/naujienulaikas.lt\\\/#organization\",\"name\":\"Naujien\\u0173 Laikas.LT\",\"description\":\"Naujienos, technologijos,finansai\",\"url\":\"https:\\\/\\\/naujienulaikas.lt\\\/\"},{\"@type\":\"Person\",\"@id\":\"https:\\\/\\\/naujienulaikas.lt\\\/index.php\\\/author\\\/admin\\\/#author\",\"url\":\"https:\\\/\\\/naujienulaikas.lt\\\/index.php\\\/author\\\/admin\\\/\",\"name\":\"admin\",\"image\":{\"@type\":\"ImageObject\",\"@id\":\"https:\\\/\\\/naujienulaikas.lt\\\/index.php\\\/2024\\\/12\\\/20\\\/7-metis-zuvo-kiti-buvo-suzeisti-po-peiliu-ispuolio-kroatijos-mokykloje\\\/#authorImage\",\"url\":\"https:\\\/\\\/secure.gravatar.com\\\/avatar\\\/f37349f777250847d2fca2ada474f5a6aadffa79d5284e8ad354a5c410a691ec?s=96&d=mm&r=g\",\"width\":96,\"height\":96,\"caption\":\"admin\"}},{\"@type\":\"WebPage\",\"@id\":\"https:\\\/\\\/naujienulaikas.lt\\\/index.php\\\/2024\\\/12\\\/20\\\/7-metis-zuvo-kiti-buvo-suzeisti-po-peiliu-ispuolio-kroatijos-mokykloje\\\/#webpage\",\"url\":\"https:\\\/\\\/naujienulaikas.lt\\\/index.php\\\/2024\\\/12\\\/20\\\/7-metis-zuvo-kiti-buvo-suzeisti-po-peiliu-ispuolio-kroatijos-mokykloje\\\/\",\"name\":\"7-metis \\u017euvo, kiti buvo su\\u017eeisti po peili\\u0173 i\\u0161puolio Kroatijos mokykloje - Naujien\\u0173 Laikas.LT\",\"description\":\"Suma\\u017einti straipsnio \\u0161rifto dyd\\u012f Padidinti straipsnio \\u0161rifto dyd\\u012f Penktadien\\u012f Kroatijos sostin\\u0117je \\u012f mokykl\\u0105 peiliu ginkluotas paauglys subad\\u0117 7 met\\u0173 mergait\\u0119 ir su\\u017eeid\\u0117 dar tris vaikus bei j\\u0173 mokytoj\\u0105, prane\\u0161\\u0117 pareig\\u016bnai. I\\u0161puolis \\u012fvyko apie 9.50 val. paskutin\\u0119 mokyklos dien\\u0105 prie\\u0161 Kal\\u0117das Precko pagrindin\\u0117je mokykloje Zagrebo to paties pavadinimo rajone. Mokykl\\u0105 lanko vaikai nuo 7 iki 15\",\"inLanguage\":\"lt-LT\",\"isPartOf\":{\"@id\":\"https:\\\/\\\/naujienulaikas.lt\\\/#website\"},\"breadcrumb\":{\"@id\":\"https:\\\/\\\/naujienulaikas.lt\\\/index.php\\\/2024\\\/12\\\/20\\\/7-metis-zuvo-kiti-buvo-suzeisti-po-peiliu-ispuolio-kroatijos-mokykloje\\\/#breadcrumblist\"},\"author\":{\"@id\":\"https:\\\/\\\/naujienulaikas.lt\\\/index.php\\\/author\\\/admin\\\/#author\"},\"creator\":{\"@id\":\"https:\\\/\\\/naujienulaikas.lt\\\/index.php\\\/author\\\/admin\\\/#author\"},\"image\":{\"@type\":\"ImageObject\",\"url\":\"https:\\\/\\\/naujienulaikas.lt\\\/wp-content\\\/uploads\\\/2024\\\/12\\\/7-metis-zuvo-kiti-buvo-suzeisti-po-peiliu-ispuolio-Kroatijos-mokykloje.jpg\",\"@id\":\"https:\\\/\\\/naujienulaikas.lt\\\/index.php\\\/2024\\\/12\\\/20\\\/7-metis-zuvo-kiti-buvo-suzeisti-po-peiliu-ispuolio-kroatijos-mokykloje\\\/#mainImage\",\"width\":720,\"height\":379},\"primaryImageOfPage\":{\"@id\":\"https:\\\/\\\/naujienulaikas.lt\\\/index.php\\\/2024\\\/12\\\/20\\\/7-metis-zuvo-kiti-buvo-suzeisti-po-peiliu-ispuolio-kroatijos-mokykloje\\\/#mainImage\"},\"datePublished\":\"2024-12-20T18:47:26+00:00\",\"dateModified\":\"2024-12-20T18:47:26+00:00\"},{\"@type\":\"WebSite\",\"@id\":\"https:\\\/\\\/naujienulaikas.lt\\\/#website\",\"url\":\"https:\\\/\\\/naujienulaikas.lt\\\/\",\"name\":\"Naujien\\u0173 Laikas.LT\",\"description\":\"Naujienos, technologijos,finansai\",\"inLanguage\":\"lt-LT\",\"publisher\":{\"@id\":\"https:\\\/\\\/naujienulaikas.lt\\\/#organization\"}}]}\n\t\t<\/script>\n\t\t<!-- All in One SEO -->\n\n","aioseo_head_json":{"title":"7-metis \u017euvo, kiti buvo su\u017eeisti po peili\u0173 i\u0161puolio Kroatijos mokykloje - Naujien\u0173 Laikas.LT","description":"Suma\u017einti straipsnio \u0161rifto dyd\u012f Padidinti straipsnio \u0161rifto dyd\u012f Penktadien\u012f Kroatijos sostin\u0117je \u012f mokykl\u0105 peiliu ginkluotas paauglys subad\u0117 7 met\u0173 mergait\u0119 ir su\u017eeid\u0117 dar tris vaikus bei j\u0173 mokytoj\u0105, prane\u0161\u0117 pareig\u016bnai. I\u0161puolis \u012fvyko apie 9.50 val. paskutin\u0119 mokyklos dien\u0105 prie\u0161 Kal\u0117das Precko pagrindin\u0117je mokykloje Zagrebo to paties pavadinimo rajone. Mokykl\u0105 lanko vaikai nuo 7 iki 15","canonical_url":"https:\/\/naujienulaikas.lt\/index.php\/2024\/12\/20\/7-metis-zuvo-kiti-buvo-suzeisti-po-peiliu-ispuolio-kroatijos-mokykloje\/","robots":"max-image-preview:large","keywords":"","webmasterTools":{"miscellaneous":""},"schema":{"@context":"https:\/\/schema.org","@graph":[{"@type":"BlogPosting","@id":"https:\/\/naujienulaikas.lt\/index.php\/2024\/12\/20\/7-metis-zuvo-kiti-buvo-suzeisti-po-peiliu-ispuolio-kroatijos-mokykloje\/#blogposting","name":"7-metis \u017euvo, kiti buvo su\u017eeisti po peili\u0173 i\u0161puolio Kroatijos mokykloje - Naujien\u0173 Laikas.LT","headline":"7-metis \u017euvo, kiti buvo su\u017eeisti po peili\u0173 i\u0161puolio Kroatijos mokykloje","author":{"@id":"https:\/\/naujienulaikas.lt\/index.php\/author\/admin\/#author"},"publisher":{"@id":"https:\/\/naujienulaikas.lt\/#organization"},"image":{"@type":"ImageObject","url":"https:\/\/naujienulaikas.lt\/wp-content\/uploads\/2024\/12\/7-metis-zuvo-kiti-buvo-suzeisti-po-peiliu-ispuolio-Kroatijos-mokykloje.jpg","width":720,"height":379},"datePublished":"2024-12-20T18:47:26+00:00","dateModified":"2024-12-20T18:47:26+00:00","inLanguage":"lt-LT","mainEntityOfPage":{"@id":"https:\/\/naujienulaikas.lt\/index.php\/2024\/12\/20\/7-metis-zuvo-kiti-buvo-suzeisti-po-peiliu-ispuolio-kroatijos-mokykloje\/#webpage"},"isPartOf":{"@id":"https:\/\/naujienulaikas.lt\/index.php\/2024\/12\/20\/7-metis-zuvo-kiti-buvo-suzeisti-po-peiliu-ispuolio-kroatijos-mokykloje\/#webpage"},"articleSection":"PASAULIO NAUJIENOS, 7metis, buvo, i\u0161puolio, kiti, Kroatijos, mokykloje, peili\u0173, su\u017eeisti, \u017euvo"},{"@type":"BreadcrumbList","@id":"https:\/\/naujienulaikas.lt\/index.php\/2024\/12\/20\/7-metis-zuvo-kiti-buvo-suzeisti-po-peiliu-ispuolio-kroatijos-mokykloje\/#breadcrumblist","itemListElement":[{"@type":"ListItem","@id":"https:\/\/naujienulaikas.lt#listItem","position":1,"name":"Home","item":"https:\/\/naujienulaikas.lt","nextItem":{"@type":"ListItem","@id":"https:\/\/naujienulaikas.lt\/index.php\/category\/pasaulio-naujienos\/#listItem","name":"PASAULIO NAUJIENOS"}},{"@type":"ListItem","@id":"https:\/\/naujienulaikas.lt\/index.php\/category\/pasaulio-naujienos\/#listItem","position":2,"name":"PASAULIO NAUJIENOS","item":"https:\/\/naujienulaikas.lt\/index.php\/category\/pasaulio-naujienos\/","nextItem":{"@type":"ListItem","@id":"https:\/\/naujienulaikas.lt\/index.php\/2024\/12\/20\/7-metis-zuvo-kiti-buvo-suzeisti-po-peiliu-ispuolio-kroatijos-mokykloje\/#listItem","name":"7-metis \u017euvo, kiti buvo su\u017eeisti po peili\u0173 i\u0161puolio Kroatijos mokykloje"},"previousItem":{"@type":"ListItem","@id":"https:\/\/naujienulaikas.lt#listItem","name":"Home"}},{"@type":"ListItem","@id":"https:\/\/naujienulaikas.lt\/index.php\/2024\/12\/20\/7-metis-zuvo-kiti-buvo-suzeisti-po-peiliu-ispuolio-kroatijos-mokykloje\/#listItem","position":3,"name":"7-metis \u017euvo, kiti buvo su\u017eeisti po peili\u0173 i\u0161puolio Kroatijos mokykloje","previousItem":{"@type":"ListItem","@id":"https:\/\/naujienulaikas.lt\/index.php\/category\/pasaulio-naujienos\/#listItem","name":"PASAULIO NAUJIENOS"}}]},{"@type":"Organization","@id":"https:\/\/naujienulaikas.lt\/#organization","name":"Naujien\u0173 Laikas.LT","description":"Naujienos, technologijos,finansai","url":"https:\/\/naujienulaikas.lt\/"},{"@type":"Person","@id":"https:\/\/naujienulaikas.lt\/index.php\/author\/admin\/#author","url":"https:\/\/naujienulaikas.lt\/index.php\/author\/admin\/","name":"admin","image":{"@type":"ImageObject","@id":"https:\/\/naujienulaikas.lt\/index.php\/2024\/12\/20\/7-metis-zuvo-kiti-buvo-suzeisti-po-peiliu-ispuolio-kroatijos-mokykloje\/#authorImage","url":"https:\/\/secure.gravatar.com\/avatar\/f37349f777250847d2fca2ada474f5a6aadffa79d5284e8ad354a5c410a691ec?s=96&d=mm&r=g","width":96,"height":96,"caption":"admin"}},{"@type":"WebPage","@id":"https:\/\/naujienulaikas.lt\/index.php\/2024\/12\/20\/7-metis-zuvo-kiti-buvo-suzeisti-po-peiliu-ispuolio-kroatijos-mokykloje\/#webpage","url":"https:\/\/naujienulaikas.lt\/index.php\/2024\/12\/20\/7-metis-zuvo-kiti-buvo-suzeisti-po-peiliu-ispuolio-kroatijos-mokykloje\/","name":"7-metis \u017euvo, kiti buvo su\u017eeisti po peili\u0173 i\u0161puolio Kroatijos mokykloje - Naujien\u0173 Laikas.LT","description":"Suma\u017einti straipsnio \u0161rifto dyd\u012f Padidinti straipsnio \u0161rifto dyd\u012f Penktadien\u012f Kroatijos sostin\u0117je \u012f mokykl\u0105 peiliu ginkluotas paauglys subad\u0117 7 met\u0173 mergait\u0119 ir su\u017eeid\u0117 dar tris vaikus bei j\u0173 mokytoj\u0105, prane\u0161\u0117 pareig\u016bnai. I\u0161puolis \u012fvyko apie 9.50 val. paskutin\u0119 mokyklos dien\u0105 prie\u0161 Kal\u0117das Precko pagrindin\u0117je mokykloje Zagrebo to paties pavadinimo rajone. Mokykl\u0105 lanko vaikai nuo 7 iki 15","inLanguage":"lt-LT","isPartOf":{"@id":"https:\/\/naujienulaikas.lt\/#website"},"breadcrumb":{"@id":"https:\/\/naujienulaikas.lt\/index.php\/2024\/12\/20\/7-metis-zuvo-kiti-buvo-suzeisti-po-peiliu-ispuolio-kroatijos-mokykloje\/#breadcrumblist"},"author":{"@id":"https:\/\/naujienulaikas.lt\/index.php\/author\/admin\/#author"},"creator":{"@id":"https:\/\/naujienulaikas.lt\/index.php\/author\/admin\/#author"},"image":{"@type":"ImageObject","url":"https:\/\/naujienulaikas.lt\/wp-content\/uploads\/2024\/12\/7-metis-zuvo-kiti-buvo-suzeisti-po-peiliu-ispuolio-Kroatijos-mokykloje.jpg","@id":"https:\/\/naujienulaikas.lt\/index.php\/2024\/12\/20\/7-metis-zuvo-kiti-buvo-suzeisti-po-peiliu-ispuolio-kroatijos-mokykloje\/#mainImage","width":720,"height":379},"primaryImageOfPage":{"@id":"https:\/\/naujienulaikas.lt\/index.php\/2024\/12\/20\/7-metis-zuvo-kiti-buvo-suzeisti-po-peiliu-ispuolio-kroatijos-mokykloje\/#mainImage"},"datePublished":"2024-12-20T18:47:26+00:00","dateModified":"2024-12-20T18:47:26+00:00"},{"@type":"WebSite","@id":"https:\/\/naujienulaikas.lt\/#website","url":"https:\/\/naujienulaikas.lt\/","name":"Naujien\u0173 Laikas.LT","description":"Naujienos, technologijos,finansai","inLanguage":"lt-LT","publisher":{"@id":"https:\/\/naujienulaikas.lt\/#organization"}}]},"og:locale":"lt_LT","og:site_name":"Naujien\u0173 Laikas.LT - Naujienos, technologijos,finansai","og:type":"article","og:title":"7-metis \u017euvo, kiti buvo su\u017eeisti po peili\u0173 i\u0161puolio Kroatijos mokykloje - Naujien\u0173 Laikas.LT","og:description":"Suma\u017einti straipsnio \u0161rifto dyd\u012f Padidinti straipsnio \u0161rifto dyd\u012f Penktadien\u012f Kroatijos sostin\u0117je \u012f mokykl\u0105 peiliu ginkluotas paauglys subad\u0117 7 met\u0173 mergait\u0119 ir su\u017eeid\u0117 dar tris vaikus bei j\u0173 mokytoj\u0105, prane\u0161\u0117 pareig\u016bnai. I\u0161puolis \u012fvyko apie 9.50 val. paskutin\u0119 mokyklos dien\u0105 prie\u0161 Kal\u0117das Precko pagrindin\u0117je mokykloje Zagrebo to paties pavadinimo rajone. Mokykl\u0105 lanko vaikai nuo 7 iki 15","og:url":"https:\/\/naujienulaikas.lt\/index.php\/2024\/12\/20\/7-metis-zuvo-kiti-buvo-suzeisti-po-peiliu-ispuolio-kroatijos-mokykloje\/","article:published_time":"2024-12-20T18:47:26+00:00","article:modified_time":"2024-12-20T18:47:26+00:00","twitter:card":"summary_large_image","twitter:title":"7-metis \u017euvo, kiti buvo su\u017eeisti po peili\u0173 i\u0161puolio Kroatijos mokykloje - Naujien\u0173 Laikas.LT","twitter:description":"Suma\u017einti straipsnio \u0161rifto dyd\u012f Padidinti straipsnio \u0161rifto dyd\u012f Penktadien\u012f Kroatijos sostin\u0117je \u012f mokykl\u0105 peiliu ginkluotas paauglys subad\u0117 7 met\u0173 mergait\u0119 ir su\u017eeid\u0117 dar tris vaikus bei j\u0173 mokytoj\u0105, prane\u0161\u0117 pareig\u016bnai. I\u0161puolis \u012fvyko apie 9.50 val. paskutin\u0119 mokyklos dien\u0105 prie\u0161 Kal\u0117das Precko pagrindin\u0117je mokykloje Zagrebo to paties pavadinimo rajone. Mokykl\u0105 lanko vaikai nuo 7 iki 15"},"aioseo_meta_data":{"post_id":"3747","title":null,"description":null,"keywords":null,"keyphrases":null,"primary_term":null,"canonical_url":null,"og_title":null,"og_description":null,"og_object_type":"default","og_image_type":"default","og_image_url":null,"og_image_width":null,"og_image_height":null,"og_image_custom_url":null,"og_image_custom_fields":null,"og_video":null,"og_custom_url":null,"og_article_section":null,"og_article_tags":null,"twitter_use_og":false,"twitter_card":"default","twitter_image_type":"default","twitter_image_url":null,"twitter_image_custom_url":null,"twitter_image_custom_fields":null,"twitter_title":null,"twitter_description":null,"schema":{"blockGraphs":[],"customGraphs":[],"default":{"data":{"Article":[],"Course":[],"Dataset":[],"FAQPage":[],"Movie":[],"Person":[],"Product":[],"ProductReview":[],"Car":[],"Recipe":[],"Service":[],"SoftwareApplication":[],"WebPage":[]},"graphName":"","isEnabled":true},"graphs":[]},"schema_type":"default","schema_type_options":null,"pillar_content":false,"robots_default":true,"robots_noindex":false,"robots_noarchive":false,"robots_nosnippet":false,"robots_nofollow":false,"robots_noimageindex":false,"robots_noodp":false,"robots_notranslate":false,"robots_max_snippet":null,"robots_max_videopreview":null,"robots_max_imagepreview":"large","priority":null,"frequency":null,"local_seo":null,"breadcrumb_settings":null,"limit_modified_date":false,"ai":null,"created":"2024-12-20 18:52:58","updated":"2025-06-04 01:41:01","seo_analyzer_scan_date":null,"focus_keyword":null,"additional_keywords":null,"truseo_locale":null},"aioseo_breadcrumb":"<div class=\"aioseo-breadcrumbs\"><span class=\"aioseo-breadcrumb\">\n\t\t\t<a href=\"https:\/\/naujienulaikas.lt\" title=\"Home\">Home<\/a>\n\t\t<\/span><span class=\"aioseo-breadcrumb-separator\">&raquo;<\/span><span class=\"aioseo-breadcrumb\">\n\t\t\t<a href=\"https:\/\/naujienulaikas.lt\/index.php\/category\/pasaulio-naujienos\/\" title=\"PASAULIO NAUJIENOS\">PASAULIO NAUJIENOS<\/a>\n\t\t<\/span><span class=\"aioseo-breadcrumb-separator\">&raquo;<\/span><span class=\"aioseo-breadcrumb\">\n\t\t\t7-metis \u017euvo, kiti buvo su\u017eeisti po peili\u0173 i\u0161puolio Kroatijos mokykloje\n\t\t<\/span><\/div>","aioseo_breadcrumb_json":[{"label":"Home","link":"https:\/\/naujienulaikas.lt"},{"label":"PASAULIO NAUJIENOS","link":"https:\/\/naujienulaikas.lt\/index.php\/category\/pasaulio-naujienos\/"},{"label":"7-metis \u017euvo, kiti buvo su\u017eeisti po peili\u0173 i\u0161puolio Kroatijos mokykloje","link":"https:\/\/naujienulaikas.lt\/index.php\/2024\/12\/20\/7-metis-zuvo-kiti-buvo-suzeisti-po-peiliu-ispuolio-kroatijos-mokykloje\/"}],"_links":{"self":[{"href":"https:\/\/naujienulaikas.lt\/index.php\/wp-json\/wp\/v2\/posts\/3747","targetHints":{"allow":["GET"]}}],"collection":[{"href":"https:\/\/naujienulaikas.lt\/index.php\/wp-json\/wp\/v2\/posts"}],"about":[{"href":"https:\/\/naujienulaikas.lt\/index.php\/wp-json\/wp\/v2\/types\/post"}],"author":[{"embeddable":true,"href":"https:\/\/naujienulaikas.lt\/index.php\/wp-json\/wp\/v2\/users\/1"}],"replies":[{"embeddable":true,"href":"https:\/\/naujienulaikas.lt\/index.php\/wp-json\/wp\/v2\/comments?post=3747"}],"version-history":[{"count":0,"href":"https:\/\/naujienulaikas.lt\/index.php\/wp-json\/wp\/v2\/posts\/3747\/revisions"}],"wp:featuredmedia":[{"embeddable":true,"href":"https:\/\/naujienulaikas.lt\/index.php\/wp-json\/wp\/v2\/media\/3748"}],"wp:attachment":[{"href":"https:\/\/naujienulaikas.lt\/index.php\/wp-json\/wp\/v2\/media?parent=3747"}],"wp:term":[{"taxonomy":"category","embeddable":true,"href":"https:\/\/naujienulaikas.lt\/index.php\/wp-json\/wp\/v2\/categories?post=3747"},{"taxonomy":"post_tag","embeddable":true,"href":"https:\/\/naujienulaikas.lt\/index.php\/wp-json\/wp\/v2\/tags?post=3747"}],"curies":[{"name":"wp","href":"https:\/\/api.w.org\/{rel}","templated":true}]}}