{"id":3763,"date":"2024-12-22T18:56:32","date_gmt":"2024-12-22T18:56:32","guid":{"rendered":"https:\/\/naujienulaikas.lt\/index.php\/2024\/12\/22\/izraelio-ekspertas-ragina-uztikrinti-teisinguma-tiek-izraelio-tiek-palestinieciu-seksualinio-smurto-aukoms-nacionalinems\/"},"modified":"2024-12-22T18:56:32","modified_gmt":"2024-12-22T18:56:32","slug":"izraelio-ekspertas-ragina-uztikrinti-teisinguma-tiek-izraelio-tiek-palestinieciu-seksualinio-smurto-aukoms-nacionalinems","status":"publish","type":"post","link":"https:\/\/naujienulaikas.lt\/index.php\/2024\/12\/22\/izraelio-ekspertas-ragina-uztikrinti-teisinguma-tiek-izraelio-tiek-palestinieciu-seksualinio-smurto-aukoms-nacionalinems\/","title":{"rendered":"Izraelio ekspertas ragina u\u017etikrinti teisingum\u0105 tiek Izraelio, tiek palestinie\u010di\u0173 seksualinio smurto aukoms \u2013 nacionalin\u0117ms"},"content":{"rendered":"<p> <br \/>\n<\/p>\n<div id=\"\">\n<p>Izraelio ekspertas, vadovaujantis civilinei komisijai d\u0117l Hamas ir Izraelio kari\u0173 seksualinio smurto, ragina pasaulines institucijas pripa\u017einti \u201enauj\u0105 nusikaltim\u0105 \u017emoni\u0161kumui\u201c, apimant\u012f smurt\u0105, nukreipt\u0105 prie\u0161 \u0161eimas.<\/p>\n<p><\/p>\n<p>Cochav Elkayam-Levy sak\u0117, kad pasaulis tur\u0117t\u0173 u\u017eimti pozicij\u0105 prie\u0161 \u0161eim\u0173 naikinim\u0105 kaip konkret\u0173, atpa\u017e\u012fstam\u0105 konflikto ginkl\u0105, kuriuo siekiama terorizuoti savo gimines. Ji si\u016blo nusikaltim\u0105 pavadinti \u201ekinocidu\u201c.<\/p>\n<p>Viename interviu ji taip pat sak\u0117, kad kanadie\u010diai gali reikalauti, kad \u201eHamas\u201c b\u016bt\u0173 patrauktas atsakomyb\u0117n, kartu siekdami atsakomyb\u0117s, kai Izraelio kariai vykdo seksualin\u012f smurt\u0105 prie\u0161 palestinie\u010dius, nepateikdami klaidingo lygiaverti\u0161kumo.<\/p>\n<p>\u201eTurime matyti Kanados lyderyst\u0119 sprend\u017eiant tarptautini\u0173 institucij\u0173 moralinio ai\u0161kumo tr\u016bkum\u0105\u201c, \u2013 sak\u0117 Elkayam-Levy interviu per vizit\u0105 Otavoje pra\u0117jus\u012f m\u0117nes\u012f.<\/p>\n<p>Elkayam-Levy yra tarptautin\u0117s teis\u0117s profesorius Hebraj\u0173 universitete, kuris spalio 7 d. vadovauja Izraelio civilinei komisijai d\u0117l nusikaltim\u0173 prie\u0161 moteris ir vaikus.<\/p>\n<div class=\"c-ad c-ad--bigbox l-article__ad\">\n<p>Istorija t\u0119siasi po skelbimu<\/p>\n<\/p><\/div>\n<p>\u0160i nevyriausybin\u0117 organizacija i\u0161 prad\u017ei\u0173 siek\u0117 dokumentuoti Hamas ir su juo susijusi\u0173 organizacij\u0173 seksualizuoto smurto modelius per 2023 m. i\u0161puol\u012f ir prie\u0161 \u012fkaitus, kuriuos ji pa\u0117m\u0117 \u012f Gazos ruo\u017e\u0105.<\/p>\n<p>Tikslas buvo ne sudaryti u\u017epuolim\u0173 s\u0105ra\u0161\u0105, o dokumentuoti sisteminius moter\u0173 prievartavimo, kankinimo ir \u017ealojimo veiksnius. Id\u0117ja buvo tur\u0117ti supratim\u0105, kuris gal\u0117t\u0173 pad\u0117ti aukoms ir j\u0173 palikuonims susidoroti su kart\u0173 traumomis, ir sukurti archyv\u0105, kur\u012f tyr\u0117jai ir prokurorai gal\u0117t\u0173 naudoti galimiems tyrimams.<\/p>\n<p>Elkayam-Levy komanda per\u017ei\u016br\u0117jo kelias valandas filmuot\u0105 med\u017eiag\u0105, kurioje u\u017efiksuotos \u201elabai ekstremalios smurto formos\u201c i\u0161 u\u017edaros grandin\u0117s kamer\u0173 ir tai, k\u0105 u\u017efiksavo patys kovotojai.<\/p>\n<div class=\"c-tabs\">\n<p>\n\t\t\t<button role=\"tab\" class=\"c-tabs__tab c-tabs__tab--active\" type=\"button\">Daugiau apie Pasaul\u012f<\/button><br \/>\n\t\t\t<button role=\"tab\" class=\"c-tabs__tab\" type=\"button\">Daugiau vaizdo \u012fra\u0161\u0173<\/button>\n\t\t<\/p>\n<\/p><\/div>\n<p>Jie prad\u0117jo pasteb\u0117ti \u0161e\u0161is smurto modelius, susijusius su daugiau nei 140 \u0161eim\u0173 aplinkybi\u0173.<\/p>\n<p>Tai apima auk\u0173 socialini\u0173 tinkl\u0173 naudojim\u0105 transliuojant kankinam\u0105j\u012f asmen\u012f savo draugams ir \u0161eimos nariams, \u012fskaitant \u012fkaitus ir nu\u017eudytuosius. Kita susijusi su t\u0117v\u0173 \u017eudymu j\u0173 vaik\u0173 akivaizdoje arba atvirk\u0161\u010diai, o kitas \u2013 \u0161eimos nam\u0173 naikinimas.<\/p>\n<p>\u201eMes prad\u0117jome suprasti, kad \u010dia ka\u017ekas yra, unikali smurto forma\u201c, \u2013 sak\u0117 ji. \u201ePiktnaud\u017eiavimas \u0161eiminiais santykiais, siekiant sustiprinti \u017eal\u0105, sustiprinti kan\u010dias\u201c.<\/p>\n<div class=\"c-inlineSignup\" data-newsletter-inline=\"\">\n<div class=\"c-inlineSignup__image\">\n\t\t\t\t\t<img decoding=\"async\" width=\"170\" height=\"225\" loading=\"lazy\" src=\"https:\/\/globalnews.ca\/wp-content\/themes\/shaw-globalnews\/images\/skyline\/national.jpg\" alt=\"Jei norite gauti naujien\u0173, turin\u010di\u0173 \u012ftakos Kanadai ir visam pasauliui, prisiregistruokite gauti naujausi\u0173 naujien\u0173 \u012fsp\u0117jimus, kurie jums bus pristatyti jiems \u012fvykus.\"\/>\n\t\t\t\t<\/div>\n<div class=\"c-inlineSignup__content\">\n<h3>Gaukite naujausias nacionalines naujienas<\/h3>\n<p>Jei norite gauti naujien\u0173, turin\u010di\u0173 \u012ftakos Kanadai ir visam pasauliui, prisiregistruokite gauti naujausi\u0173 naujien\u0173 \u012fsp\u0117jimus, kurie jums bus pristatyti jiems \u012fvykus.<\/p>\n<\/p><\/div>\n<\/p><\/div>\n<p>Elkayam-Levy teig\u0117, kad termin\u0105 suk\u016br\u0117 padedama ekspert\u0173, \u012fskaitant kanadie\u010dius, tokius kaip buv\u0119s generalinis prokuroras Irwinas Cotleris. Ji pa\u017eym\u0117jo, kad Tarptautinio baud\u017eiamojo teismo taisykl\u0117se \u0161eimos minimos tik proced\u016briniame kontekste, bet ne kaip karo nusikaltim\u0173 veiksnys.<\/p>\n<div class=\"c-ad c-ad--bigbox l-article__ad\">\n<p>Istorija t\u0119siasi po skelbimu<\/p>\n<\/p><\/div>\n<p>\u201eTai nusikaltimas be vardo\u201c, \u2013 sak\u0117 ji, teigdama, kad tai trukdo auk\u0173 gijimui.<\/p>\n<p>Ji sak\u0117, kad praeityje kilusi\u0173 konflikt\u0173 ekspertai jai pritar\u0117, teigdami, kad kinocidas tur\u0117jo b\u016bti veiksnys, lemiantis, kaip pasaulis suprato ir ie\u0161kojo teisyb\u0117s u\u017e \u017eiaurumus \u012fvairiuose \u017eemynuose, pavyzd\u017eiui, kaip \u201eIslamo valstyb\u0117s\u201c kovotojai 2014\u20132017 m. taik\u0117si \u012f jazid\u0173 \u0161eimas.<\/p>\n<p>\u201eTeisingumas prasideda nuo \u0161io pripa\u017einimo; sveikimas prasideda nuo pripa\u017einimo\u201c, \u2013 sak\u0117 ji.<\/p>\n<p>Elkayam-Levy pa\u017eym\u0117jo, kad \u201esmurtas d\u0117l lyties\u201c egzistavo \u0161imtme\u010dius, kol Jungtin\u0117s Tautos oficialiai pripa\u017eino \u0161\u012f termin\u0105 1992 m.<\/p>\n<p>Ji taip pat siek\u0117 \u201edaugelio tarptautini\u0173 organizacij\u0173 tylos ir moralinio ai\u0161kumo tr\u016bkumo\u201c, ragindama seksualin\u012f smurt\u0105 pasauliniu mastu.<\/p>\n<p>Vis\u0173 pirma, \u201eJT moterys\u201c pasmerk\u0117 \u201eHamas\u201c seksualin\u012f smurt\u0105 tik pra\u0117jus beveik dviem m\u0117nesiams po \u0161ios atakos, o Elkayamo-Levy teigimu, toks \u017eingsnis yra blogas precedentas laikytis pasaulini\u0173 norm\u0173.<\/p>\n<p>\u201eJie paskatino neigti seksualinius \u017eiaurumus\u201c, \u2013 sak\u0117 ji ir prid\u016br\u0117, kad nuolatinis fizini\u0173 \u012frodym\u0173 poreikis socialin\u0117je \u017einiasklaidoje yra \u201elabai antisemiti\u0161kai\u201c.<\/p>\n<p>Izraelio policija teig\u0117, kad per i\u0161puolio chaos\u0105 nebuvo i\u0161saugoti teismo medicinos \u012fkal\u010diai, o \u017emon\u0117s, kurie, kaip manoma, tapo seksualin\u0117s prievartos aukomis, da\u017enai buvo nu\u017eudomi ir nedelsiant laidojami.<\/p>\n<p>Seksualinio smurto aktai nebuvo \u012ftraukti \u012f 43 minu\u010di\u0173 trukm\u0117s vaizdo \u012fra\u0161\u0105, kur\u012f Izraelio u\u017esienio reikal\u0173 ministerija per\u017ei\u016br\u0117jo \u017eurnalistams, \u012fskaitant \u201eThe Canadian Press\u201c, kuris buvo paimtas i\u0161 saugumo vaizdo \u012fra\u0161\u0173 ir vaizdo \u012fra\u0161\u0173, nufilmuot\u0173 kovotoj\u0173 per 2023 m. spalio m\u0117n. i\u0161puol\u012f.<\/p>\n<div class=\"c-ad c-ad--bigbox l-article__ad\">\n<p>Istorija t\u0119siasi po skelbimu<\/p>\n<\/p><\/div>\n<p>Kovo m\u0117nes\u012f JT pasiuntinys sak\u0117, kad yra \u201epagr\u012fst\u0173 prie\u017eas\u010di\u0173\u201c manyti, kad \u201eHamas\u201c per i\u0161puol\u012f i\u0161prievartavo ir \u201eseksualizavo kankinimus\u201c, \u201e\u012fskaitant prievartavim\u0105 ir grupin\u012f prievartavim\u0105\u201c, nepaisant to, kad grupuot\u0117 neigia.<\/p>\n<section id=\"content-dynamic-trending-stories\" class=\"l-inlineStories l-inlineStories--tile u-hide-tablet-landscape\" aria-label=\"Dynamic trending stories section\">\n<p>\n\t\t<span class=\"l-inlineStories__title c-heading c-heading--strikethrough\">Dabar populiaru<\/span>\n\t<\/p>\n<ul class=\"l-inlineStories__posts c-posts c-posts--inline \">\n<li class=\"c-posts__item\">\n<div class=\"c-posts__media \">\n\t\t\t\t\t\t<img class=\"c-posts__thumbnail\" data-src=\"https:\/\/globalnews.ca\/wp-content\/uploads\/2024\/12\/Bestsellers_4c6c89.jpg?quality=85&amp;strip=all&amp;w=336&amp;h=224&amp;crop=1\" loading=\"lazy\" width=\"336\" height=\"224\" alt=\"\"\/>\n\t\t\t\t\t\t\t\t\t\t\t\t\t<\/div>\n<div class=\"c-posts__details\">\n<p>\n\t\t\t\t<span class=\"c-posts__headlineText\" title=\"Here\u2019s what\u2019s selling for Amazon\u2019s Boxing Day\" data-title=\"\">\u0160tai kas parduodama \u201eAmazon Boxing Day\u201c proga<\/span>\n\t<\/p>\n<\/p><\/div>\n<\/li>\n<li class=\"c-posts__item\">\n<div class=\"c-posts__media \">\n\t\t\t\t\t\t<img class=\"c-posts__thumbnail\" data-src=\"https:\/\/globalnews.ca\/wp-content\/uploads\/2024\/12\/canada-post-deliveries.jpg?quality=85&amp;strip=all&amp;w=336&amp;h=224&amp;crop=1\" loading=\"lazy\" width=\"336\" height=\"224\" alt=\"\"\/>\n\t\t\t\t\t\t\t\t\t\t\t\t\t<\/div>\n<div class=\"c-posts__details\">\n<p>\n\t\t\t\t<span class=\"c-posts__headlineText\" title=\"Canada Post says \u2018significant\u2019 backlog will be cleared before Christmas\" data-title=\"\">\u201eCanada Post\u201c teigia, kad \u201edidelis\u201c atsilikimas bus pa\u0161alintas iki Kal\u0117d\u0173<\/span>\n\t<\/p>\n<\/p><\/div>\n<\/li>\n<\/ul>\n<\/section>\n<p>T\u0105 pat\u012f m\u0117nes\u012f paleista \u012fkait\u0117 Amit Soussana vie\u0161ai paskelb\u0117 apie jos pagrob\u0117jus, kurie j\u0105 \u010diupin\u0117jo ir privert\u0117 \u201elytin\u012f akt\u0105\u201c, kurio ji pra\u0161\u0117 nenurodyti.<\/p>\n<p>Vykdydama savo feministin\u0119 u\u017esienio politik\u0105, Kanada finansuoja iniciatyvas u\u017esienyje, siekdama u\u017ekirsti keli\u0105 seksualiniam smurtui ir remti aukas. Ta\u010diau konservatoriai priekai\u0161tauja liberalams u\u017e tai, kad jie nepasmerk\u0117 \u201eHamas\u201c seksualinio smurto iki penki\u0173 m\u0117nesi\u0173 po i\u0161puolio.<\/p>\n<p>Kovo m\u0117nes\u012f Otava sulauk\u0117 kritikos u\u017e tai, kad ji pa\u017ead\u0117jo skirti 1 milijon\u0105 doleri\u0173 Izraelio grupuo\u010di\u0173, remian\u010di\u0173 Hamas seksualinio smurto aukas, ir 1 milijon\u0105 doleri\u0173 Palestinos moterims, susidurian\u010dioms su nenustatyt\u0173 veik\u0117j\u0173 &#8222;seksualiniu ir lyties smurtu&#8221;.<\/p>\n<p>\u201eGlobal Affairs\u201c nepasak\u0117, ar tai susij\u0119 su Izraelio pareig\u016bn\u0173 i\u0161naudojimu \u0161eimoje ar seksualiniu smurtu, sulauk\u0119 auk\u0161to rango Izraelio pasiuntinio priekai\u0161t\u0173.<\/p>\n<p>\u017dmogaus teisi\u0173 grup\u0117s jau seniai kaltino Izraelio pareig\u016bnus seksualiai prievartaujant Vakar\u0173 Krante sulaikytuosius palestinie\u010dius. Liepos m\u0117nes\u012f \u0161ie r\u016bpes\u010diai i\u0161augo, kai Izraelio kariai buvo apkaltinti \u012fam\u017einus nufilmuot\u0105 grupin\u012f palestinie\u010di\u0173 kalinio i\u0161prievartavim\u0105 i\u0161 Gazos ruo\u017eo. Kra\u0161tutini\u0173 de\u0161ini\u0173j\u0173 Izraelio ministr\u0173 kabineto ministrai i\u0161rei\u0161k\u0117 param\u0105 minioms, bandan\u010dioms i\u0161laisvinti tiriamus karius.<\/p>\n<p>Elkayam-Levy sak\u0117, kad kanadie\u010diai gali i\u0161sakyti \u201eHamas\u201c seksualinio smurto prie\u0161 izraelie\u010dius modelius, taip pat reikalauti, kad Izraelio valstyb\u0117 i\u0161tirt\u0173 ir patraukt\u0173 baud\u017eiamojon atsakomyb\u0117n savo karius, kurie imasi seksualinio smurto prie\u0161 palestinie\u010dius.<\/p>\n<div class=\"c-ad c-ad--bigbox l-article__ad\">\n<p>Istorija t\u0119siasi po skelbimu<\/p>\n<\/p><\/div>\n<p>\u201eFaktas, kad (Vakar\u0173 lyderiai) bando priimti teising\u0105 politin\u012f sprendim\u0105, o ne teising\u0105 moralin\u012f sprendim\u0105, sukelia painiav\u0105, sukuria moralin\u012f miglot\u0105 \u2013 u\u017euot padar\u0119s erdv\u0119 visoms aukoms i\u0161girsti u\u017e tai, k\u0105 jos i\u0161gyveno. \u2013 pasak\u0117 ji.<\/p>\n<p>Jos nuomone, yra \u201eklaidinga paralel\u0117\u201c tarp atskir\u0173 seksualin\u0117s prievartos atvej\u0173 i\u0161 kareivi\u0173, kurie tur\u0117t\u0173 b\u016bti patraukti atsakomyb\u0117n, ir grup\u0117s, naudojan\u010dios seksualin\u012f smurt\u0105 kaip konflikto ginkl\u0105.<\/p>\n<p>Elkayam-Levy sak\u0117, kad \u017emon\u0117s tur\u0117t\u0173 laikytis tarptautin\u0117s teis\u0117s princip\u0173.<\/p>\n<p>Ji \u017eino, kad daugelis \u012frodin\u0117jo, kad Izraelio karin\u0117 kampanija pa\u017eeid\u0117 tarptautin\u0119 teis\u0119 ir pakirto sistemas, skirtas \u017emogaus teis\u0117ms ginti.<\/p>\n<p>Elkayam-Levy kritikavo Izraelio vyriausyb\u0119 ir prie\u0161 konflikt\u0105 tvirtino, kad ministras pirmininkas Benjaminas Netanyahu siek\u0117 antidemokratini\u0173 reform\u0173 \u0161alies teismuose.<\/p>\n<p>Ji kritikavo jo karo kabinet\u0105 d\u0117l to, kad jame tr\u016bksta moter\u0173, ir pabr\u0117\u017e\u0117 pla\u010dius \u017einiasklaidos prane\u0161imus, kad moterys kari\u0161kiai pasteb\u0117jo, kad \u201eHamas\u201c planuoja didel\u012f i\u0161puol\u012f, kur\u012f atleis vyrai.<\/p>\n<p>Ji sak\u0117, kad pasaulis turi pasmerkti smurt\u0105 prie\u0161 \u0161eimas ir pabandyti patraukti baud\u017eiamojon atsakomyb\u0117n kaltininkus. Prie\u0161ingu atveju ji baiminasi, kad kovotojai kitose \u0161alyse imsis jos \u017eiaurios taktikos.<\/p>\n<p>Prie\u0161ingu atveju \u201ematysime tarptautin\u0119 sistem\u0105, kuri truks neilgai\u201c, \u2013 sak\u0117 ji.<\/p>\n<\/p><\/div>\n<p><script defer src=\"https:\/\/connect.facebook.net\/en_US\/sdk.js#xfbml=1&#038;appId=318812448281278&#038;version=v3.3\"><\/script><br \/>\n<br \/><br \/>\n<br \/><a href=\"https:\/\/globalnews.ca\/news\/10930389\/cda-israel-gaza-sexual-assault\/\">Source link <\/a><\/p>\n","protected":false},"excerpt":{"rendered":"<p>Izraelio ekspertas, vadovaujantis civilinei komisijai d\u0117l Hamas ir Izraelio kari\u0173 seksualinio smurto, ragina pasaulines institucijas&#8230;<\/p>\n","protected":false},"author":1,"featured_media":3764,"comment_status":"","ping_status":"","sticky":false,"template":"","format":"standard","meta":{"_monsterinsights_skip_tracking":false,"_monsterinsights_sitenote_active":false,"_monsterinsights_sitenote_note":"","_monsterinsights_sitenote_category":0,"footnotes":""},"categories":[7],"tags":[2498,2493,71,2499,2495,365,2496,2497,2494,2466,1203],"class_list":["post-3763","post","type-post","status-publish","format-standard","has-post-thumbnail","hentry","category-pasaulio-naujienos","tag-aukoms","tag-ekspertas","tag-izraelio","tag-nacionalinems","tag-palestinieciu","tag-ragina","tag-seksualinio","tag-smurto","tag-teisinguma","tag-tiek","tag-uztikrinti"],"aioseo_notices":[],"_links":{"self":[{"href":"https:\/\/naujienulaikas.lt\/index.php\/wp-json\/wp\/v2\/posts\/3763","targetHints":{"allow":["GET"]}}],"collection":[{"href":"https:\/\/naujienulaikas.lt\/index.php\/wp-json\/wp\/v2\/posts"}],"about":[{"href":"https:\/\/naujienulaikas.lt\/index.php\/wp-json\/wp\/v2\/types\/post"}],"author":[{"embeddable":true,"href":"https:\/\/naujienulaikas.lt\/index.php\/wp-json\/wp\/v2\/users\/1"}],"replies":[{"embeddable":true,"href":"https:\/\/naujienulaikas.lt\/index.php\/wp-json\/wp\/v2\/comments?post=3763"}],"version-history":[{"count":0,"href":"https:\/\/naujienulaikas.lt\/index.php\/wp-json\/wp\/v2\/posts\/3763\/revisions"}],"wp:featuredmedia":[{"embeddable":true,"href":"https:\/\/naujienulaikas.lt\/index.php\/wp-json\/wp\/v2\/media\/3764"}],"wp:attachment":[{"href":"https:\/\/naujienulaikas.lt\/index.php\/wp-json\/wp\/v2\/media?parent=3763"}],"wp:term":[{"taxonomy":"category","embeddable":true,"href":"https:\/\/naujienulaikas.lt\/index.php\/wp-json\/wp\/v2\/categories?post=3763"},{"taxonomy":"post_tag","embeddable":true,"href":"https:\/\/naujienulaikas.lt\/index.php\/wp-json\/wp\/v2\/tags?post=3763"}],"curies":[{"name":"wp","href":"https:\/\/api.w.org\/{rel}","templated":true}]}}