{"id":3954,"date":"2025-01-15T06:32:53","date_gmt":"2025-01-15T06:32:53","guid":{"rendered":"https:\/\/naujienulaikas.lt\/index.php\/2025\/01\/15\/sausio-13-osios-minejimas-argentinoje\/"},"modified":"2025-01-15T06:32:53","modified_gmt":"2025-01-15T06:32:53","slug":"sausio-13-osios-minejimas-argentinoje","status":"publish","type":"post","link":"https:\/\/naujienulaikas.lt\/index.php\/2025\/01\/15\/sausio-13-osios-minejimas-argentinoje\/","title":{"rendered":"Sausio 13-osios min\u0117jimas Argentinoje"},"content":{"rendered":"<p> <br \/>\n<\/p>\n<p><\/p>\n<p>Argentinos, Berisso mieste buvo minimos 34-osios tragi\u0161kos 1991 m. sausio 13-osios nakties metin\u0117s.<\/p>\n<p>Minint laisv\u0117s gyn\u0117j\u0173 dien\u0105 vyko iniciatyvos \u201eGyvyb\u0117s ir mirties keliu \u2013 Pagarbos b\u0117gimas\u201c. Prie kilnios akcijos prisid\u0117jo ir \u201eNemuno\u201c draugijos nariai, b\u0117gdami nuo \u201eR\u016bpintoj\u0117lio\u201c koplytstulpio iki Lietuvi\u0173 draugijos \u201eNemunas\u201c b\u016bstin\u0117s.<\/p>\n<figure id=\"attachment_298171\" aria-describedby=\"caption-attachment-298171\" style=\"width: 1230px\" class=\"wp-caption aligncenter\"><img decoding=\"async\" loading=\"lazy\" class=\"size-full wp-image-298171\" src=\"https:\/\/miestonaujienos.lt\/wp-content\/uploads\/2025\/01\/iniciatyva-pergales-sviesa-argentina-3.jpg\" alt=\"\" width=\"1230\" height=\"923\" srcset=\"https:\/\/miestonaujienos.lt\/wp-content\/uploads\/2025\/01\/iniciatyva-pergales-sviesa-argentina-3.jpg 1230w, https:\/\/miestonaujienos.lt\/wp-content\/uploads\/2025\/01\/iniciatyva-pergales-sviesa-argentina-3-195x146.jpg 195w\" sizes=\"auto, (max-width: 1230px) 100vw, 1230px\" \/><figcaption id=\"caption-attachment-298171\" class=\"wp-caption-text\">Iniciatyva | Pergal\u0117s \u0161viesa &#8211; Argentina<\/figcaption><\/figure>\n<p>Argentinos, Berisso \u201eNemuno\u201c ir Tandil \u201eLaisva Lietuva\u201c lietuvi\u0173 bendruomeni\u0173 vaikai, prisijungdami prie iniciatyvos \u201ePergal\u0117s \u0161viesa\u201c, u\u017edeg\u0117 atminimo \u017evakutes laisv\u0117s dienos \u017euvusiesiems.<\/p>\n<figure id=\"attachment_298169\" aria-describedby=\"caption-attachment-298169\" style=\"width: 1080px\" class=\"wp-caption aligncenter\"><img decoding=\"async\" loading=\"lazy\" class=\"size-full wp-image-298169\" src=\"https:\/\/miestonaujienos.lt\/wp-content\/uploads\/2025\/01\/iniciatyva-pergales-sviesa-argentina-1.jpg\" alt=\"\" width=\"1080\" height=\"1080\" srcset=\"https:\/\/miestonaujienos.lt\/wp-content\/uploads\/2025\/01\/iniciatyva-pergales-sviesa-argentina-1.jpg 1080w, https:\/\/miestonaujienos.lt\/wp-content\/uploads\/2025\/01\/iniciatyva-pergales-sviesa-argentina-1-146x146.jpg 146w\" sizes=\"auto, (max-width: 1080px) 100vw, 1080px\" \/><figcaption id=\"caption-attachment-298169\" class=\"wp-caption-text\">Iniciatyva | Pergal\u0117s \u0161viesa &#8211; Argentina<\/figcaption><\/figure>\n<p>\u201eNemuno\u201c draugijoje buvo rodomas re\u017eisieriaus Roberto Mullano re\u017eisuotas filmas \u201eMes dainuosime\u201c <sub>www.lrt.lt<\/sub> (2015 m.), skirtas 1991 m. sausio 13 d. \u012fvykiams atminti. \u0160ie istoriniai, Sausio 13-osios \u012fvykiai simbolizuoja lietuvi\u0173 tautos vienyb\u0119, pasiprie\u0161inimo ir laisv\u0117s siekio svarb\u0105, kovojant u\u017e savo nepriklausomyb\u0119, nepaisant gr\u0117sm\u0117s gyvybei.<\/p>\n<p><img decoding=\"async\" width=\"1230\" height=\"923\" src=\"https:\/\/miestonaujienos.lt\/wp-content\/uploads\/2025\/01\/filmas-mes-dainuosime-argentina-5.jpg\" class=\"attachment-full size-full\" alt=\"\" loading=\"lazy\" srcset=\"https:\/\/miestonaujienos.lt\/wp-content\/uploads\/2025\/01\/filmas-mes-dainuosime-argentina-5.jpg 1230w, https:\/\/miestonaujienos.lt\/wp-content\/uploads\/2025\/01\/filmas-mes-dainuosime-argentina-5-195x146.jpg 195w\" sizes=\"auto, (max-width: 1230px) 100vw, 1230px\" \/><br \/>\n<img decoding=\"async\" width=\"1230\" height=\"923\" src=\"https:\/\/miestonaujienos.lt\/wp-content\/uploads\/2025\/01\/filmas-mes-dainuosime-argentina-4.jpg\" class=\"attachment-full size-full\" alt=\"\" loading=\"lazy\" srcset=\"https:\/\/miestonaujienos.lt\/wp-content\/uploads\/2025\/01\/filmas-mes-dainuosime-argentina-4.jpg 1230w, https:\/\/miestonaujienos.lt\/wp-content\/uploads\/2025\/01\/filmas-mes-dainuosime-argentina-4-195x146.jpg 195w\" sizes=\"auto, (max-width: 1230px) 100vw, 1230px\" \/><br \/>\n<img decoding=\"async\" width=\"1230\" height=\"923\" src=\"https:\/\/miestonaujienos.lt\/wp-content\/uploads\/2025\/01\/filmas-mes-dainuosime-argentina-3.jpg\" class=\"attachment-full size-full\" alt=\"\" loading=\"lazy\" srcset=\"https:\/\/miestonaujienos.lt\/wp-content\/uploads\/2025\/01\/filmas-mes-dainuosime-argentina-3.jpg 1230w, https:\/\/miestonaujienos.lt\/wp-content\/uploads\/2025\/01\/filmas-mes-dainuosime-argentina-3-195x146.jpg 195w\" sizes=\"auto, (max-width: 1230px) 100vw, 1230px\" \/><br \/>\n<img decoding=\"async\" width=\"1230\" height=\"923\" src=\"https:\/\/miestonaujienos.lt\/wp-content\/uploads\/2025\/01\/filmas-mes-dainuosime-argentina-6.jpg\" class=\"attachment-full size-full\" alt=\"\" loading=\"lazy\" srcset=\"https:\/\/miestonaujienos.lt\/wp-content\/uploads\/2025\/01\/filmas-mes-dainuosime-argentina-6.jpg 1230w, https:\/\/miestonaujienos.lt\/wp-content\/uploads\/2025\/01\/filmas-mes-dainuosime-argentina-6-195x146.jpg 195w\" sizes=\"auto, (max-width: 1230px) 100vw, 1230px\" \/><br \/>\n<img decoding=\"async\" width=\"1230\" height=\"923\" src=\"https:\/\/miestonaujienos.lt\/wp-content\/uploads\/2025\/01\/filmas-mes-dainuosime-argentina-1.jpg\" class=\"attachment-full size-full\" alt=\"\" loading=\"lazy\" srcset=\"https:\/\/miestonaujienos.lt\/wp-content\/uploads\/2025\/01\/filmas-mes-dainuosime-argentina-1.jpg 1230w, https:\/\/miestonaujienos.lt\/wp-content\/uploads\/2025\/01\/filmas-mes-dainuosime-argentina-1-195x146.jpg 195w\" sizes=\"auto, (max-width: 1230px) 100vw, 1230px\" \/><\/p>\n<p>Renginio organizatori\u0173 Argentinos Tandil lietuvi\u0173 bendruomen\u0117s \u201eLaisva Lietuva\u201c ir Berisso lietuvi\u0173 draugijos \u201eNemunas\u201c suorganizuotas min\u0117jimas yra reik\u0161mingas gestas, prisidedantis prie istorin\u0117s atminties i\u0161saugojimo bei skatinantis patrioti\u0161kum\u0105.<\/p>\n<p>\u0160ia publikacija dalinasi Lietuvos region\u0173 naujien\u0173 portalas \u201eMiesto naujienos\u201c. Daugiau sau ir savo miestui aktuali\u0173 naujien\u0173 rasite portale Miesto naujienos.<\/p>\n<p><br \/>\n<br \/><a href=\"https:\/\/miestonaujienos.lt\/sausio-13-osios-minejimas-argentinoje\/\">Source link <\/a><\/p>\n","protected":false},"excerpt":{"rendered":"<p>Argentinos, Berisso mieste buvo minimos 34-osios tragi\u0161kos 1991 m. sausio 13-osios nakties metin\u0117s. Minint laisv\u0117s&#8230;<\/p>\n","protected":false},"author":1,"featured_media":3955,"comment_status":"","ping_status":"","sticky":false,"template":"","format":"standard","meta":{"_monsterinsights_skip_tracking":false,"footnotes":""},"categories":[5],"tags":[2901,2940,2939,2571],"class_list":["post-3954","post","type-post","status-publish","format-standard","has-post-thumbnail","hentry","category-miestu-naujienos","tag-13osios","tag-argentinoje","tag-minejimas","tag-sausio"],"aioseo_notices":[],"aioseo_head":"\n\t\t<!-- All in One SEO 5.0.1.1 - aioseo.com -->\n\t<meta name=\"description\" content=\"Argentinos, Berisso mieste buvo minimos 34-osios tragi\u0161kos 1991 m. sausio 13-osios nakties metin\u0117s. Minint laisv\u0117s gyn\u0117j\u0173 dien\u0105 vyko iniciatyvos \u201eGyvyb\u0117s ir mirties keliu \u2013 Pagarbos b\u0117gimas\u201c. Prie kilnios akcijos prisid\u0117jo ir \u201eNemuno\u201c draugijos nariai, b\u0117gdami nuo \u201eR\u016bpintoj\u0117lio\u201c koplytstulpio iki Lietuvi\u0173 draugijos \u201eNemunas\u201c b\u016bstin\u0117s. Argentinos, Berisso \u201eNemuno\u201c ir Tandil \u201eLaisva Lietuva\u201c lietuvi\u0173 bendruomeni\u0173 vaikai, prisijungdami prie\" \/>\n\t<meta name=\"robots\" content=\"max-image-preview:large\" \/>\n\t<meta name=\"author\" content=\"admin\"\/>\n\t<link rel=\"canonical\" href=\"https:\/\/naujienulaikas.lt\/index.php\/2025\/01\/15\/sausio-13-osios-minejimas-argentinoje\/\" \/>\n\t<meta name=\"generator\" content=\"All in One SEO (AIOSEO) 5.0.1.1\" \/>\n\t\t<meta property=\"og:locale\" content=\"lt_LT\" \/>\n\t\t<meta property=\"og:site_name\" content=\"Naujien\u0173 Laikas.LT - Naujienos, technologijos,finansai\" \/>\n\t\t<meta property=\"og:type\" content=\"article\" \/>\n\t\t<meta property=\"og:title\" content=\"Sausio 13-osios min\u0117jimas Argentinoje - Naujien\u0173 Laikas.LT\" \/>\n\t\t<meta property=\"og:description\" content=\"Argentinos, Berisso mieste buvo minimos 34-osios tragi\u0161kos 1991 m. sausio 13-osios nakties metin\u0117s. Minint laisv\u0117s gyn\u0117j\u0173 dien\u0105 vyko iniciatyvos \u201eGyvyb\u0117s ir mirties keliu \u2013 Pagarbos b\u0117gimas\u201c. Prie kilnios akcijos prisid\u0117jo ir \u201eNemuno\u201c draugijos nariai, b\u0117gdami nuo \u201eR\u016bpintoj\u0117lio\u201c koplytstulpio iki Lietuvi\u0173 draugijos \u201eNemunas\u201c b\u016bstin\u0117s. Argentinos, Berisso \u201eNemuno\u201c ir Tandil \u201eLaisva Lietuva\u201c lietuvi\u0173 bendruomeni\u0173 vaikai, prisijungdami prie\" \/>\n\t\t<meta property=\"og:url\" content=\"https:\/\/naujienulaikas.lt\/index.php\/2025\/01\/15\/sausio-13-osios-minejimas-argentinoje\/\" \/>\n\t\t<meta property=\"article:published_time\" content=\"2025-01-15T06:32:53+00:00\" \/>\n\t\t<meta property=\"article:modified_time\" content=\"2025-01-15T06:32:53+00:00\" \/>\n\t\t<meta name=\"twitter:card\" content=\"summary_large_image\" \/>\n\t\t<meta name=\"twitter:title\" content=\"Sausio 13-osios min\u0117jimas Argentinoje - Naujien\u0173 Laikas.LT\" \/>\n\t\t<meta name=\"twitter:description\" content=\"Argentinos, Berisso mieste buvo minimos 34-osios tragi\u0161kos 1991 m. sausio 13-osios nakties metin\u0117s. Minint laisv\u0117s gyn\u0117j\u0173 dien\u0105 vyko iniciatyvos \u201eGyvyb\u0117s ir mirties keliu \u2013 Pagarbos b\u0117gimas\u201c. Prie kilnios akcijos prisid\u0117jo ir \u201eNemuno\u201c draugijos nariai, b\u0117gdami nuo \u201eR\u016bpintoj\u0117lio\u201c koplytstulpio iki Lietuvi\u0173 draugijos \u201eNemunas\u201c b\u016bstin\u0117s. Argentinos, Berisso \u201eNemuno\u201c ir Tandil \u201eLaisva Lietuva\u201c lietuvi\u0173 bendruomeni\u0173 vaikai, prisijungdami prie\" \/>\n\t\t<script type=\"application\/ld+json\" class=\"aioseo-schema\">\n\t\t\t{\"@context\":\"https:\\\/\\\/schema.org\",\"@graph\":[{\"@type\":\"BlogPosting\",\"@id\":\"https:\\\/\\\/naujienulaikas.lt\\\/index.php\\\/2025\\\/01\\\/15\\\/sausio-13-osios-minejimas-argentinoje\\\/#blogposting\",\"name\":\"Sausio 13-osios min\\u0117jimas Argentinoje - Naujien\\u0173 Laikas.LT\",\"headline\":\"Sausio 13-osios min\\u0117jimas Argentinoje\",\"author\":{\"@id\":\"https:\\\/\\\/naujienulaikas.lt\\\/index.php\\\/author\\\/admin\\\/#author\"},\"publisher\":{\"@id\":\"https:\\\/\\\/naujienulaikas.lt\\\/#organization\"},\"image\":{\"@type\":\"ImageObject\",\"url\":\"https:\\\/\\\/naujienulaikas.lt\\\/wp-content\\\/uploads\\\/2025\\\/01\\\/Sausio-13-osios-minejimas-Argentinoje.jpg\",\"width\":1230,\"height\":923},\"datePublished\":\"2025-01-15T06:32:53+00:00\",\"dateModified\":\"2025-01-15T06:32:53+00:00\",\"inLanguage\":\"lt-LT\",\"mainEntityOfPage\":{\"@id\":\"https:\\\/\\\/naujienulaikas.lt\\\/index.php\\\/2025\\\/01\\\/15\\\/sausio-13-osios-minejimas-argentinoje\\\/#webpage\"},\"isPartOf\":{\"@id\":\"https:\\\/\\\/naujienulaikas.lt\\\/index.php\\\/2025\\\/01\\\/15\\\/sausio-13-osios-minejimas-argentinoje\\\/#webpage\"},\"articleSection\":\"MIEST\\u0172 NAUJIENOS, 13osios, Argentinoje, min\\u0117jimas, sausio\"},{\"@type\":\"BreadcrumbList\",\"@id\":\"https:\\\/\\\/naujienulaikas.lt\\\/index.php\\\/2025\\\/01\\\/15\\\/sausio-13-osios-minejimas-argentinoje\\\/#breadcrumblist\",\"itemListElement\":[{\"@type\":\"ListItem\",\"@id\":\"https:\\\/\\\/naujienulaikas.lt#listItem\",\"position\":1,\"name\":\"Home\",\"item\":\"https:\\\/\\\/naujienulaikas.lt\",\"nextItem\":{\"@type\":\"ListItem\",\"@id\":\"https:\\\/\\\/naujienulaikas.lt\\\/index.php\\\/category\\\/miestu-naujienos\\\/#listItem\",\"name\":\"MIEST\\u0172 NAUJIENOS\"}},{\"@type\":\"ListItem\",\"@id\":\"https:\\\/\\\/naujienulaikas.lt\\\/index.php\\\/category\\\/miestu-naujienos\\\/#listItem\",\"position\":2,\"name\":\"MIEST\\u0172 NAUJIENOS\",\"item\":\"https:\\\/\\\/naujienulaikas.lt\\\/index.php\\\/category\\\/miestu-naujienos\\\/\",\"nextItem\":{\"@type\":\"ListItem\",\"@id\":\"https:\\\/\\\/naujienulaikas.lt\\\/index.php\\\/2025\\\/01\\\/15\\\/sausio-13-osios-minejimas-argentinoje\\\/#listItem\",\"name\":\"Sausio 13-osios min\\u0117jimas Argentinoje\"},\"previousItem\":{\"@type\":\"ListItem\",\"@id\":\"https:\\\/\\\/naujienulaikas.lt#listItem\",\"name\":\"Home\"}},{\"@type\":\"ListItem\",\"@id\":\"https:\\\/\\\/naujienulaikas.lt\\\/index.php\\\/2025\\\/01\\\/15\\\/sausio-13-osios-minejimas-argentinoje\\\/#listItem\",\"position\":3,\"name\":\"Sausio 13-osios min\\u0117jimas Argentinoje\",\"previousItem\":{\"@type\":\"ListItem\",\"@id\":\"https:\\\/\\\/naujienulaikas.lt\\\/index.php\\\/category\\\/miestu-naujienos\\\/#listItem\",\"name\":\"MIEST\\u0172 NAUJIENOS\"}}]},{\"@type\":\"Organization\",\"@id\":\"https:\\\/\\\/naujienulaikas.lt\\\/#organization\",\"name\":\"Naujien\\u0173 Laikas.LT\",\"description\":\"Naujienos, technologijos,finansai\",\"url\":\"https:\\\/\\\/naujienulaikas.lt\\\/\"},{\"@type\":\"Person\",\"@id\":\"https:\\\/\\\/naujienulaikas.lt\\\/index.php\\\/author\\\/admin\\\/#author\",\"url\":\"https:\\\/\\\/naujienulaikas.lt\\\/index.php\\\/author\\\/admin\\\/\",\"name\":\"admin\",\"image\":{\"@type\":\"ImageObject\",\"@id\":\"https:\\\/\\\/naujienulaikas.lt\\\/index.php\\\/2025\\\/01\\\/15\\\/sausio-13-osios-minejimas-argentinoje\\\/#authorImage\",\"url\":\"https:\\\/\\\/secure.gravatar.com\\\/avatar\\\/f37349f777250847d2fca2ada474f5a6aadffa79d5284e8ad354a5c410a691ec?s=96&d=mm&r=g\",\"width\":96,\"height\":96,\"caption\":\"admin\"}},{\"@type\":\"WebPage\",\"@id\":\"https:\\\/\\\/naujienulaikas.lt\\\/index.php\\\/2025\\\/01\\\/15\\\/sausio-13-osios-minejimas-argentinoje\\\/#webpage\",\"url\":\"https:\\\/\\\/naujienulaikas.lt\\\/index.php\\\/2025\\\/01\\\/15\\\/sausio-13-osios-minejimas-argentinoje\\\/\",\"name\":\"Sausio 13-osios min\\u0117jimas Argentinoje - Naujien\\u0173 Laikas.LT\",\"description\":\"Argentinos, Berisso mieste buvo minimos 34-osios tragi\\u0161kos 1991 m. sausio 13-osios nakties metin\\u0117s. Minint laisv\\u0117s gyn\\u0117j\\u0173 dien\\u0105 vyko iniciatyvos \\u201eGyvyb\\u0117s ir mirties keliu \\u2013 Pagarbos b\\u0117gimas\\u201c. Prie kilnios akcijos prisid\\u0117jo ir \\u201eNemuno\\u201c draugijos nariai, b\\u0117gdami nuo \\u201eR\\u016bpintoj\\u0117lio\\u201c koplytstulpio iki Lietuvi\\u0173 draugijos \\u201eNemunas\\u201c b\\u016bstin\\u0117s. Argentinos, Berisso \\u201eNemuno\\u201c ir Tandil \\u201eLaisva Lietuva\\u201c lietuvi\\u0173 bendruomeni\\u0173 vaikai, prisijungdami prie\",\"inLanguage\":\"lt-LT\",\"isPartOf\":{\"@id\":\"https:\\\/\\\/naujienulaikas.lt\\\/#website\"},\"breadcrumb\":{\"@id\":\"https:\\\/\\\/naujienulaikas.lt\\\/index.php\\\/2025\\\/01\\\/15\\\/sausio-13-osios-minejimas-argentinoje\\\/#breadcrumblist\"},\"author\":{\"@id\":\"https:\\\/\\\/naujienulaikas.lt\\\/index.php\\\/author\\\/admin\\\/#author\"},\"creator\":{\"@id\":\"https:\\\/\\\/naujienulaikas.lt\\\/index.php\\\/author\\\/admin\\\/#author\"},\"image\":{\"@type\":\"ImageObject\",\"url\":\"https:\\\/\\\/naujienulaikas.lt\\\/wp-content\\\/uploads\\\/2025\\\/01\\\/Sausio-13-osios-minejimas-Argentinoje.jpg\",\"@id\":\"https:\\\/\\\/naujienulaikas.lt\\\/index.php\\\/2025\\\/01\\\/15\\\/sausio-13-osios-minejimas-argentinoje\\\/#mainImage\",\"width\":1230,\"height\":923},\"primaryImageOfPage\":{\"@id\":\"https:\\\/\\\/naujienulaikas.lt\\\/index.php\\\/2025\\\/01\\\/15\\\/sausio-13-osios-minejimas-argentinoje\\\/#mainImage\"},\"datePublished\":\"2025-01-15T06:32:53+00:00\",\"dateModified\":\"2025-01-15T06:32:53+00:00\"},{\"@type\":\"WebSite\",\"@id\":\"https:\\\/\\\/naujienulaikas.lt\\\/#website\",\"url\":\"https:\\\/\\\/naujienulaikas.lt\\\/\",\"name\":\"Naujien\\u0173 Laikas.LT\",\"description\":\"Naujienos, technologijos,finansai\",\"inLanguage\":\"lt-LT\",\"publisher\":{\"@id\":\"https:\\\/\\\/naujienulaikas.lt\\\/#organization\"}}]}\n\t\t<\/script>\n\t\t<!-- All in One SEO -->\n\n","aioseo_head_json":{"title":"Sausio 13-osios min\u0117jimas Argentinoje - Naujien\u0173 Laikas.LT","description":"Argentinos, Berisso mieste buvo minimos 34-osios tragi\u0161kos 1991 m. sausio 13-osios nakties metin\u0117s. Minint laisv\u0117s gyn\u0117j\u0173 dien\u0105 vyko iniciatyvos \u201eGyvyb\u0117s ir mirties keliu \u2013 Pagarbos b\u0117gimas\u201c. Prie kilnios akcijos prisid\u0117jo ir \u201eNemuno\u201c draugijos nariai, b\u0117gdami nuo \u201eR\u016bpintoj\u0117lio\u201c koplytstulpio iki Lietuvi\u0173 draugijos \u201eNemunas\u201c b\u016bstin\u0117s. Argentinos, Berisso \u201eNemuno\u201c ir Tandil \u201eLaisva Lietuva\u201c lietuvi\u0173 bendruomeni\u0173 vaikai, prisijungdami prie","canonical_url":"https:\/\/naujienulaikas.lt\/index.php\/2025\/01\/15\/sausio-13-osios-minejimas-argentinoje\/","robots":"max-image-preview:large","keywords":"","webmasterTools":{"miscellaneous":""},"schema":{"@context":"https:\/\/schema.org","@graph":[{"@type":"BlogPosting","@id":"https:\/\/naujienulaikas.lt\/index.php\/2025\/01\/15\/sausio-13-osios-minejimas-argentinoje\/#blogposting","name":"Sausio 13-osios min\u0117jimas Argentinoje - Naujien\u0173 Laikas.LT","headline":"Sausio 13-osios min\u0117jimas Argentinoje","author":{"@id":"https:\/\/naujienulaikas.lt\/index.php\/author\/admin\/#author"},"publisher":{"@id":"https:\/\/naujienulaikas.lt\/#organization"},"image":{"@type":"ImageObject","url":"https:\/\/naujienulaikas.lt\/wp-content\/uploads\/2025\/01\/Sausio-13-osios-minejimas-Argentinoje.jpg","width":1230,"height":923},"datePublished":"2025-01-15T06:32:53+00:00","dateModified":"2025-01-15T06:32:53+00:00","inLanguage":"lt-LT","mainEntityOfPage":{"@id":"https:\/\/naujienulaikas.lt\/index.php\/2025\/01\/15\/sausio-13-osios-minejimas-argentinoje\/#webpage"},"isPartOf":{"@id":"https:\/\/naujienulaikas.lt\/index.php\/2025\/01\/15\/sausio-13-osios-minejimas-argentinoje\/#webpage"},"articleSection":"MIEST\u0172 NAUJIENOS, 13osios, Argentinoje, min\u0117jimas, sausio"},{"@type":"BreadcrumbList","@id":"https:\/\/naujienulaikas.lt\/index.php\/2025\/01\/15\/sausio-13-osios-minejimas-argentinoje\/#breadcrumblist","itemListElement":[{"@type":"ListItem","@id":"https:\/\/naujienulaikas.lt#listItem","position":1,"name":"Home","item":"https:\/\/naujienulaikas.lt","nextItem":{"@type":"ListItem","@id":"https:\/\/naujienulaikas.lt\/index.php\/category\/miestu-naujienos\/#listItem","name":"MIEST\u0172 NAUJIENOS"}},{"@type":"ListItem","@id":"https:\/\/naujienulaikas.lt\/index.php\/category\/miestu-naujienos\/#listItem","position":2,"name":"MIEST\u0172 NAUJIENOS","item":"https:\/\/naujienulaikas.lt\/index.php\/category\/miestu-naujienos\/","nextItem":{"@type":"ListItem","@id":"https:\/\/naujienulaikas.lt\/index.php\/2025\/01\/15\/sausio-13-osios-minejimas-argentinoje\/#listItem","name":"Sausio 13-osios min\u0117jimas Argentinoje"},"previousItem":{"@type":"ListItem","@id":"https:\/\/naujienulaikas.lt#listItem","name":"Home"}},{"@type":"ListItem","@id":"https:\/\/naujienulaikas.lt\/index.php\/2025\/01\/15\/sausio-13-osios-minejimas-argentinoje\/#listItem","position":3,"name":"Sausio 13-osios min\u0117jimas Argentinoje","previousItem":{"@type":"ListItem","@id":"https:\/\/naujienulaikas.lt\/index.php\/category\/miestu-naujienos\/#listItem","name":"MIEST\u0172 NAUJIENOS"}}]},{"@type":"Organization","@id":"https:\/\/naujienulaikas.lt\/#organization","name":"Naujien\u0173 Laikas.LT","description":"Naujienos, technologijos,finansai","url":"https:\/\/naujienulaikas.lt\/"},{"@type":"Person","@id":"https:\/\/naujienulaikas.lt\/index.php\/author\/admin\/#author","url":"https:\/\/naujienulaikas.lt\/index.php\/author\/admin\/","name":"admin","image":{"@type":"ImageObject","@id":"https:\/\/naujienulaikas.lt\/index.php\/2025\/01\/15\/sausio-13-osios-minejimas-argentinoje\/#authorImage","url":"https:\/\/secure.gravatar.com\/avatar\/f37349f777250847d2fca2ada474f5a6aadffa79d5284e8ad354a5c410a691ec?s=96&d=mm&r=g","width":96,"height":96,"caption":"admin"}},{"@type":"WebPage","@id":"https:\/\/naujienulaikas.lt\/index.php\/2025\/01\/15\/sausio-13-osios-minejimas-argentinoje\/#webpage","url":"https:\/\/naujienulaikas.lt\/index.php\/2025\/01\/15\/sausio-13-osios-minejimas-argentinoje\/","name":"Sausio 13-osios min\u0117jimas Argentinoje - Naujien\u0173 Laikas.LT","description":"Argentinos, Berisso mieste buvo minimos 34-osios tragi\u0161kos 1991 m. sausio 13-osios nakties metin\u0117s. Minint laisv\u0117s gyn\u0117j\u0173 dien\u0105 vyko iniciatyvos \u201eGyvyb\u0117s ir mirties keliu \u2013 Pagarbos b\u0117gimas\u201c. Prie kilnios akcijos prisid\u0117jo ir \u201eNemuno\u201c draugijos nariai, b\u0117gdami nuo \u201eR\u016bpintoj\u0117lio\u201c koplytstulpio iki Lietuvi\u0173 draugijos \u201eNemunas\u201c b\u016bstin\u0117s. Argentinos, Berisso \u201eNemuno\u201c ir Tandil \u201eLaisva Lietuva\u201c lietuvi\u0173 bendruomeni\u0173 vaikai, prisijungdami prie","inLanguage":"lt-LT","isPartOf":{"@id":"https:\/\/naujienulaikas.lt\/#website"},"breadcrumb":{"@id":"https:\/\/naujienulaikas.lt\/index.php\/2025\/01\/15\/sausio-13-osios-minejimas-argentinoje\/#breadcrumblist"},"author":{"@id":"https:\/\/naujienulaikas.lt\/index.php\/author\/admin\/#author"},"creator":{"@id":"https:\/\/naujienulaikas.lt\/index.php\/author\/admin\/#author"},"image":{"@type":"ImageObject","url":"https:\/\/naujienulaikas.lt\/wp-content\/uploads\/2025\/01\/Sausio-13-osios-minejimas-Argentinoje.jpg","@id":"https:\/\/naujienulaikas.lt\/index.php\/2025\/01\/15\/sausio-13-osios-minejimas-argentinoje\/#mainImage","width":1230,"height":923},"primaryImageOfPage":{"@id":"https:\/\/naujienulaikas.lt\/index.php\/2025\/01\/15\/sausio-13-osios-minejimas-argentinoje\/#mainImage"},"datePublished":"2025-01-15T06:32:53+00:00","dateModified":"2025-01-15T06:32:53+00:00"},{"@type":"WebSite","@id":"https:\/\/naujienulaikas.lt\/#website","url":"https:\/\/naujienulaikas.lt\/","name":"Naujien\u0173 Laikas.LT","description":"Naujienos, technologijos,finansai","inLanguage":"lt-LT","publisher":{"@id":"https:\/\/naujienulaikas.lt\/#organization"}}]},"og:locale":"lt_LT","og:site_name":"Naujien\u0173 Laikas.LT - Naujienos, technologijos,finansai","og:type":"article","og:title":"Sausio 13-osios min\u0117jimas Argentinoje - Naujien\u0173 Laikas.LT","og:description":"Argentinos, Berisso mieste buvo minimos 34-osios tragi\u0161kos 1991 m. sausio 13-osios nakties metin\u0117s. Minint laisv\u0117s gyn\u0117j\u0173 dien\u0105 vyko iniciatyvos \u201eGyvyb\u0117s ir mirties keliu \u2013 Pagarbos b\u0117gimas\u201c. Prie kilnios akcijos prisid\u0117jo ir \u201eNemuno\u201c draugijos nariai, b\u0117gdami nuo \u201eR\u016bpintoj\u0117lio\u201c koplytstulpio iki Lietuvi\u0173 draugijos \u201eNemunas\u201c b\u016bstin\u0117s. Argentinos, Berisso \u201eNemuno\u201c ir Tandil \u201eLaisva Lietuva\u201c lietuvi\u0173 bendruomeni\u0173 vaikai, prisijungdami prie","og:url":"https:\/\/naujienulaikas.lt\/index.php\/2025\/01\/15\/sausio-13-osios-minejimas-argentinoje\/","article:published_time":"2025-01-15T06:32:53+00:00","article:modified_time":"2025-01-15T06:32:53+00:00","twitter:card":"summary_large_image","twitter:title":"Sausio 13-osios min\u0117jimas Argentinoje - Naujien\u0173 Laikas.LT","twitter:description":"Argentinos, Berisso mieste buvo minimos 34-osios tragi\u0161kos 1991 m. sausio 13-osios nakties metin\u0117s. Minint laisv\u0117s gyn\u0117j\u0173 dien\u0105 vyko iniciatyvos \u201eGyvyb\u0117s ir mirties keliu \u2013 Pagarbos b\u0117gimas\u201c. Prie kilnios akcijos prisid\u0117jo ir \u201eNemuno\u201c draugijos nariai, b\u0117gdami nuo \u201eR\u016bpintoj\u0117lio\u201c koplytstulpio iki Lietuvi\u0173 draugijos \u201eNemunas\u201c b\u016bstin\u0117s. Argentinos, Berisso \u201eNemuno\u201c ir Tandil \u201eLaisva Lietuva\u201c lietuvi\u0173 bendruomeni\u0173 vaikai, prisijungdami prie"},"aioseo_meta_data":{"post_id":"3954","title":null,"description":null,"keywords":null,"keyphrases":null,"primary_term":null,"canonical_url":null,"og_title":null,"og_description":null,"og_object_type":"default","og_image_type":"default","og_image_url":null,"og_image_width":null,"og_image_height":null,"og_image_custom_url":null,"og_image_custom_fields":null,"og_video":null,"og_custom_url":null,"og_article_section":null,"og_article_tags":null,"twitter_use_og":false,"twitter_card":"default","twitter_image_type":"default","twitter_image_url":null,"twitter_image_custom_url":null,"twitter_image_custom_fields":null,"twitter_title":null,"twitter_description":null,"schema":{"blockGraphs":[],"customGraphs":[],"default":{"data":{"Article":[],"Course":[],"Dataset":[],"FAQPage":[],"Movie":[],"Person":[],"Product":[],"ProductReview":[],"Car":[],"Recipe":[],"Service":[],"SoftwareApplication":[],"WebPage":[]},"graphName":"","isEnabled":true},"graphs":[]},"schema_type":"default","schema_type_options":null,"pillar_content":false,"robots_default":true,"robots_noindex":false,"robots_noarchive":false,"robots_nosnippet":false,"robots_nofollow":false,"robots_noimageindex":false,"robots_noodp":false,"robots_notranslate":false,"robots_max_snippet":null,"robots_max_videopreview":null,"robots_max_imagepreview":"large","priority":null,"frequency":null,"local_seo":null,"breadcrumb_settings":null,"limit_modified_date":false,"ai":null,"created":"2025-01-15 06:36:55","updated":"2025-06-04 03:00:34","seo_analyzer_scan_date":null,"focus_keyword":null,"additional_keywords":null,"truseo_locale":null},"aioseo_breadcrumb":"<div class=\"aioseo-breadcrumbs\"><span class=\"aioseo-breadcrumb\">\n\t\t\t<a href=\"https:\/\/naujienulaikas.lt\" title=\"Home\">Home<\/a>\n\t\t<\/span><span class=\"aioseo-breadcrumb-separator\">&raquo;<\/span><span class=\"aioseo-breadcrumb\">\n\t\t\t<a href=\"https:\/\/naujienulaikas.lt\/index.php\/category\/miestu-naujienos\/\" title=\"MIEST\u0172 NAUJIENOS\">MIEST\u0172 NAUJIENOS<\/a>\n\t\t<\/span><span class=\"aioseo-breadcrumb-separator\">&raquo;<\/span><span class=\"aioseo-breadcrumb\">\n\t\t\tSausio 13-osios min\u0117jimas Argentinoje\n\t\t<\/span><\/div>","aioseo_breadcrumb_json":[{"label":"Home","link":"https:\/\/naujienulaikas.lt"},{"label":"MIEST\u0172 NAUJIENOS","link":"https:\/\/naujienulaikas.lt\/index.php\/category\/miestu-naujienos\/"},{"label":"Sausio 13-osios min\u0117jimas Argentinoje","link":"https:\/\/naujienulaikas.lt\/index.php\/2025\/01\/15\/sausio-13-osios-minejimas-argentinoje\/"}],"_links":{"self":[{"href":"https:\/\/naujienulaikas.lt\/index.php\/wp-json\/wp\/v2\/posts\/3954","targetHints":{"allow":["GET"]}}],"collection":[{"href":"https:\/\/naujienulaikas.lt\/index.php\/wp-json\/wp\/v2\/posts"}],"about":[{"href":"https:\/\/naujienulaikas.lt\/index.php\/wp-json\/wp\/v2\/types\/post"}],"author":[{"embeddable":true,"href":"https:\/\/naujienulaikas.lt\/index.php\/wp-json\/wp\/v2\/users\/1"}],"replies":[{"embeddable":true,"href":"https:\/\/naujienulaikas.lt\/index.php\/wp-json\/wp\/v2\/comments?post=3954"}],"version-history":[{"count":0,"href":"https:\/\/naujienulaikas.lt\/index.php\/wp-json\/wp\/v2\/posts\/3954\/revisions"}],"wp:featuredmedia":[{"embeddable":true,"href":"https:\/\/naujienulaikas.lt\/index.php\/wp-json\/wp\/v2\/media\/3955"}],"wp:attachment":[{"href":"https:\/\/naujienulaikas.lt\/index.php\/wp-json\/wp\/v2\/media?parent=3954"}],"wp:term":[{"taxonomy":"category","embeddable":true,"href":"https:\/\/naujienulaikas.lt\/index.php\/wp-json\/wp\/v2\/categories?post=3954"},{"taxonomy":"post_tag","embeddable":true,"href":"https:\/\/naujienulaikas.lt\/index.php\/wp-json\/wp\/v2\/tags?post=3954"}],"curies":[{"name":"wp","href":"https:\/\/api.w.org\/{rel}","templated":true}]}}