{"id":3982,"date":"2025-01-18T22:23:49","date_gmt":"2025-01-18T22:23:49","guid":{"rendered":"https:\/\/naujienulaikas.lt\/index.php\/2025\/01\/18\/paliaubos-tarp-izraelio-ir-hamas-isigalios-sekmadienio-ryta-sako-pareigunai-nacionalinis\/"},"modified":"2025-01-18T22:23:49","modified_gmt":"2025-01-18T22:23:49","slug":"paliaubos-tarp-izraelio-ir-hamas-isigalios-sekmadienio-ryta-sako-pareigunai-nacionalinis","status":"publish","type":"post","link":"https:\/\/naujienulaikas.lt\/index.php\/2025\/01\/18\/paliaubos-tarp-izraelio-ir-hamas-isigalios-sekmadienio-ryta-sako-pareigunai-nacionalinis\/","title":{"rendered":"Paliaubos tarp Izraelio ir \u201eHamas\u201c \u012fsigalios sekmadienio ryt\u0105, sako pareig\u016bnai \u2013 Nacionalinis"},"content":{"rendered":"<p> <br \/>\n<\/p>\n<div id=\"\">\n<p>Paliaubos tarp Hamas ir Izraelio \u012fsigalios sekmadien\u012f 8.30 val. vietos laiku (06.30 GMT), \u0161e\u0161tadien\u012f paskelb\u0117 tarpininkas Kataras, Gazoje laikom\u0173 \u012fkait\u0173 \u0161eimoms ruo\u0161iantis naujienoms apie artimuosius, palestinie\u010diams ruo\u0161iantis priimti i\u0161laisvintus sulaikytuosius ir humanitarin\u0119 pagalb\u0105. grup\u0117s suskubo sukurti pagalbos antpl\u016bd\u012f.<\/p>\n<p><\/p>\n<p>Izraelio ministr\u0173 kabinetas per nakt\u012f patvirtino susitarim\u0105 per ret\u0105 pos\u0117d\u012f per \u017eyd\u0173 \u0161ab\u0105, suk\u0117l\u0117 aktyvumo ir nauj\u0173 emocij\u0173 bang\u0105, nes artimieji svarst\u0117, ar \u012fkaitai bus gr\u0105\u017einti gyvi, ar negyvi. Tikimasi, kad pirm\u0173j\u0173 \u012fkait\u0173, kurie bus i\u0161laisvinti, pavard\u0117s bus paskelbtos v\u0117liau \u0161e\u0161tadien\u012f.<\/p>\n<p>15 m\u0117nesi\u0173 karo pauz\u0117 yra \u017eingsnis link vis\u0173 auk\u0173 daugiausiai naikinan\u010di\u0173 Izraelio ir kovotoj\u0173 grupuot\u0117s \u201eHamas\u201c kov\u0173 pabaigos \u2013 pra\u0117jus daugiau nei metams po vieninteli\u0173 pasiekt\u0173 paliaub\u0173.<\/p>\n<p>Pirmasis paliaub\u0173 etapas truks 42 dienas, o derybos d\u0117l kur kas sunkesnio antrojo etapo tur\u0117t\u0173 prasid\u0117ti kiek daugiau nei po dviej\u0173 savai\u010di\u0173. Po t\u0173 \u0161e\u0161i\u0173 savai\u010di\u0173 Izraelio saugumo kabinetas spr\u0119s, kaip elgtis toliau.<\/p>\n<div class=\"c-ad c-ad--bigbox l-article__ad\">\n<p>Istorija t\u0119siasi po skelbimu<\/p>\n<\/p><\/div>\n<p>Izraelio antskryd\u017eiai t\u0119s\u0117si \u0161e\u0161tadien\u012f, o Gazos Ruo\u017eo sveikatos ministerija prane\u0161\u0117, kad per pastar\u0105sias 24 valandas \u012f ligonines buvo pristatyti 23 k\u016bnai.<\/p>\n<p>\u201eKas yra tos paliaubos, kurios mus \u017eudo likus kelioms valandoms iki j\u0173 prad\u017eios? \u2013 paklaus\u0117 Abdallah Al-Aqadas, moters, \u017euvusios per oro atak\u0105 pietiniame Khan Juniso mieste, brolis. Sveikatos apsaugos pareig\u016bnai prane\u0161\u0117, kad pora ir du j\u0173 vaikai, 2 ir 7 met\u0173, mir\u0117.<\/p>\n<p>Sirenos aid\u0117jo centrin\u0117je ir pietin\u0117je Izraelio dalyje, o kariuomen\u0117 teig\u0117 sulaikiusi i\u0161 Jemeno paleistus sviedinius. Irano remiami husi\u0173 sukil\u0117liai pastarosiomis savait\u0117mis suintensyvino atakas, vadindami tai solidarumu su palestinie\u010diais Gazoje.<\/p>\n<div class=\"c-inlineSignup\" data-newsletter-inline=\"\">\n<div class=\"c-inlineSignup__image\">\n\t\t\t\t\t<img decoding=\"async\" width=\"170\" height=\"225\" loading=\"lazy\" src=\"https:\/\/globalnews.ca\/wp-content\/themes\/shaw-globalnews\/images\/skyline\/national.jpg\" alt=\"Kart\u0105 per dien\u0105 gaukite svarbiausi\u0173 dienos naujien\u0173, politini\u0173, ekonomini\u0173 ir aktualij\u0173 antra\u0161tes.\"\/>\n\t\t\t\t<\/div>\n<div class=\"c-inlineSignup__content\">\n<h3>Gaukite kasdienes nacionalines naujienas<\/h3>\n<p>Kart\u0105 per dien\u0105 gaukite svarbiausi\u0173 dienos naujien\u0173, politini\u0173, ekonomini\u0173 ir aktualij\u0173 antra\u0161tes.<\/p>\n<\/p><\/div>\n<\/p><\/div>\n<p>Kataro u\u017esienio reikal\u0173 ministras \u012fra\u0161e apie X patar\u0117 palestinie\u010diams ir kitiems b\u016bti atsargiems, kai \u012fsigalios paliaubos, ir laukti pareig\u016bn\u0173 nurodym\u0173.<\/p>\n<p>\u201ePirmas dalykas, kur\u012f padarysiu, tai eisiu ir patikrinsiu savo namus\u201c, \u2013 sak\u0117 Mohamedas Mahdi, dviej\u0173 vaik\u0173 t\u0117vas, kuris buvo perkeltas i\u0161 Gazos miesto Zaytoun rajono. Jis taip pat nekantrauja susitikti su \u0161eima piet\u0173 Gazos ruo\u017ee, bet \u201evis dar yra susir\u016bpin\u0119s, kad vienas i\u0161 m\u016bs\u0173 gali b\u016bti kankinys, kol gal\u0117sime susitikti\u201c.<\/p>\n<div class=\"l-article__part\" data-shortcode=\"tp_video\">\n<div class=\"c-video c-videoPlay \" data-iframe-receiver=\"\" data-autoplay=\"\" data-displayinline-featured=\"false\" data-displayinline-type=\"video\" data-displayinline-player-id=\"miniplayer_10964888_678c19e924378\" data-displayinline-video-id=\"10964888\" data-displayinline-ratio=\"16:9\" data-displayinline=\"https:\/\/globalnews.ca\/video\/embed\/10964888\/#autoplay&amp;stickyiframe=miniplayer_10964888_678c19e924378\" data-displayinline-sticky=\"true\">\n<div class=\"c-video__inner\">\n\t\t\t\t\t<span class=\"c-video__placeholder\"><br \/>\n\t\t\t\t\t\t<img class=\"c-video__image\" alt=\"Spustel\u0117kite, jei norite paleisti vaizdo \u012fra\u0161\u0105: \u201ePalestinie\u010di\u0173 r\u0117m\u0117jai visame pasaulyje \u0161ven\u010dia, kai Netanyahu sako, kad buvo pasiektas paliaub\u0173 susitarimas\u201c\" width=\"640\" height=\"360\" data-src=\"https:\/\/i2.wp.com\/media.globalnews.ca\/videostatic\/news\/p9gduejomc-o99djxmxym\/THUMBS.00_00_11_07.Still012.jpg?w=1040&amp;quality=70&amp;strip=all\" loading=\"lazy\" srcset=\"\" sizes=\"auto, \" data-srcset=\"https:\/\/i2.wp.com\/media.globalnews.ca\/videostatic\/news\/p9gduejomc-o99djxmxym\/THUMBS.00_00_11_07.Still012.jpg?w=450#038;quality=70&amp;strip=all 450w,https:\/\/i2.wp.com\/media.globalnews.ca\/videostatic\/news\/p9gduejomc-o99djxmxym\/THUMBS.00_00_11_07.Still012.jpg?w=720#038;quality=70&amp;strip=all 720w,https:\/\/i2.wp.com\/media.globalnews.ca\/videostatic\/news\/p9gduejomc-o99djxmxym\/THUMBS.00_00_11_07.Still012.jpg?w=1040#038;quality=70&amp;strip=all 1040w,\" data-sizes=\"(min-width: 1040px) 1040px,(min-width: 720px) 720px,450px\"\/><br \/>\n\t\t\t\t\t\t\t\t\t\t\t\t<span class=\"c-video__overlay\"><\/p>\n<p>\n\t\t\t\t\t\t\t\t\t\t\t\t\t\t\t\t\t<time class=\"c-video__duration\">3:22<\/time><br \/>\n\t\t\t\t\t\t\t\t\t\t\t\t\t\t\t\t\t\t\t\t\t\t\t\t\t<span class=\"c-video__title\">Palestinos \u0161alininkai visame pasaulyje \u0161ven\u010dia, kai Netanyahu sako, kad pasiektas susitarimas d\u0117l paliaub\u0173<\/span>\n\t\t\t\t\t\t\t\t\t\t\t\t\t\t\t<\/p>\n<p>\t\t\t\t\t\t<\/span><br \/>\n\t\t\t\t\t\t\t\t\t\t\t<\/span>\n\t\t\t\t<\/div>\n<\/p><\/div>\n<\/p><\/div>\n<p>Pirmajame paliaub\u0173 etape 33 \u012fkaitai Gazoje bus paleisti per \u0161e\u0161ias savaites mainais \u012f Izraelio laikomus 737 palestinie\u010dius. Izraelio teisingumo ministerija paskelb\u0117 kalini\u0173 \u2013 visi jaunesni arba moteri\u0161ki \u2013 s\u0105ra\u0161\u0105.<\/p>\n<div class=\"c-ad c-ad--bigbox l-article__ad\">\n<p>Istorija t\u0119siasi po skelbimu<\/p>\n<\/p><\/div>\n<p>Pagal Izraelio ministr\u0173 kabineto patvirtint\u0105 ugnies nutraukimo plan\u0105, mainai prasid\u0117s sekmadien\u012f 16 val. (1400 GMT). Plane teigiama, kad trys gyvos \u012fkait\u0117s moterys bus gr\u0105\u017eintos 1 dien\u0105, keturios \u2013 7 dien\u0105, o likusios 26 \u2013 per kitas penkias savaites. Per kiekvien\u0105 main\u0105 palestinie\u010di\u0173 kalinius Izraelis paleis saugiai atvykus \u012fkaitams.<\/p>\n<section id=\"content-dynamic-trending-stories\" class=\"l-inlineStories l-inlineStories--tile u-hide-tablet-landscape\" aria-label=\"Dynamic trending stories section\">\n<p>\n\t\t<span class=\"l-inlineStories__title c-heading c-heading--strikethrough\">Dabar populiaru<\/span>\n\t<\/p>\n<ul class=\"l-inlineStories__posts c-posts c-posts--inline \">\n<li class=\"c-posts__item\">\n<div class=\"c-posts__media \">\n\t\t\t\t\t\t<img class=\"c-posts__thumbnail\" data-src=\"https:\/\/globalnews.ca\/wp-content\/uploads\/2025\/01\/huntington-disease.jpg?quality=85&amp;strip=all&amp;w=336&amp;h=224&amp;crop=1\" loading=\"lazy\" width=\"336\" height=\"224\" alt=\"\"\/>\n\t\t\t\t\t\t\t\t\t\t\t\t\t<\/div>\n<div class=\"c-posts__details\">\n<p>\n\t\t\t\t<span class=\"c-posts__headlineText\" title=\"Scientists make surprise finding on what causes Huntington\u2019s disease\" data-title=\"\">Mokslininkai netik\u0117tai i\u0161siai\u0161kino, kas sukelia Hantingtono lig\u0105<\/span>\n\t<\/p>\n<\/p><\/div>\n<\/li>\n<li class=\"c-posts__item\">\n<div class=\"c-posts__media \">\n\t\t\t\t\t\t<img class=\"c-posts__thumbnail\" data-src=\"https:\/\/globalnews.ca\/wp-content\/uploads\/2025\/01\/parent-concern.jpg?quality=85&amp;strip=all&amp;w=336&amp;h=224&amp;crop=1\" loading=\"lazy\" width=\"336\" height=\"224\" alt=\"\"\/>\n\t\t\t\t\t\t\t\t\t\t\t\t\t<\/div>\n<div class=\"c-posts__details\">\n<p>\n\t\t\t\t<span class=\"c-posts__headlineText\" title=\"\u2018They were negligent\u2019: Mother upset with school response after son ingests edibles\" data-title=\"\">\u201eJie buvo aplaid\u016bs\u201c: mama nusiminusi d\u0117l mokyklos atsako s\u016bnui suvalgius maisto<\/span>\n\t<\/p>\n<\/p><\/div>\n<\/li>\n<\/ul>\n<\/section>\n<p>Taip pat bus paleisti 1 167 Gazos gyventojai, kurie nedalyvavo 2023 m. spalio 7 d. \u201eHamas\u201c vadovaujamoje atakoje, kuri suk\u0117l\u0117 kar\u0105. Visos Izraelio laikomos moterys ir vaikai iki 19 met\u0173 i\u0161 Gazos bus i\u0161laisvinti per \u0161\u012f etap\u0105.<\/p>\n<div class=\"c-tabs\">\n<p>\n\t\t\t<button role=\"tab\" class=\"c-tabs__tab c-tabs__tab--active\" type=\"button\">Daugiau apie Pasaul\u012f<\/button><br \/>\n\t\t\t<button role=\"tab\" class=\"c-tabs__tab\" type=\"button\">Daugiau vaizdo \u012fra\u0161\u0173<\/button>\n\t\t<\/p>\n<\/p><\/div>\n<p>Visi kaliniai palestinie\u010diai, kurie buvo nuteisti u\u017e mirtinus i\u0161puolius, bus i\u0161tremti \u012f Gaz\u0105 arba u\u017esien\u012f \u2013 vieni trejiems metams, o kiti visam laikui \u2013 ir jiems bus u\u017edrausta gr\u012f\u017eti \u012f Izrael\u012f ar Vakar\u0173 Krant\u0105.<\/p>\n<p>Lik\u0119 Gazos \u012fkaitai, \u012fskaitant karius vyrus, turi b\u016bti paleisti antrajame etape, d\u0117l kurio bus deramasi per pirm\u0105j\u012f. \u201eHamas\u201c parei\u0161k\u0117, kad nepaleis likusi\u0173 belaisvi\u0173 be ilgalaiki\u0173 paliaub\u0173 ir visi\u0161ko Izraelio pasitraukimo.<\/p>\n<p>Taip pat per pirm\u0105j\u012f paliaub\u0173 etap\u0105 Izraelio kariai turi trauktis \u012f ma\u017edaug kilometro (0,6 mylios) plo\u010dio buferin\u0119 zon\u0105 Gazos ruo\u017ee, prie jos sien\u0173 su Izraeliu.<\/p>\n<p>Tai leis daugeliui perkelt\u0173 palestinie\u010di\u0173 gr\u012f\u017eti \u012f savo namus, \u012fskaitant Gazos miest\u0105 ir i\u0161 esm\u0117s izoliuot\u0105 bei nuniokot\u0105 \u0161iaurin\u0119 Gazos ruo\u017e\u0105. Daugumai Gazos gyventoj\u0173 prisiglaudus did\u017eiul\u0117se, ni\u016briose palapini\u0173 stovyklose, palestinie\u010diai labai nori gr\u012f\u017eti \u012f savo namus, nors daugelis j\u0173 buvo sunaikinti arba smarkiai apgadinti.<\/p>\n<div class=\"c-ad c-ad--bigbox l-article__ad\">\n<p>Istorija t\u0119siasi po skelbimu<\/p>\n<\/p><\/div>\n<p>Gazoje taip pat tur\u0117t\u0173 padaug\u0117ti maisto, medicinos preki\u0173 ir kitos humanitarin\u0117s pagalbos. Sunkve\u017eimiai penktadien\u012f buvo i\u0161rikiuoti Egipto pus\u0117je prie Rafah sienos kirtimo \u012f Gaz\u0105.<\/p>\n<p>\u0160e\u0161tadien\u012f du Egipto vyriausyb\u0117s ministrai atvyko \u012f \u0161iaurin\u012f Sinajaus pusiasal\u012f, kad pri\u017ei\u016br\u0117t\u0173 pasirengim\u0105 teikti pagalb\u0105 per Rafah ir Kerem Shalom perva\u017e\u0105 bei priimt\u0173 su\u017eeist\u0173 pacient\u0173 evakuacij\u0105, prane\u0161\u0117 Egipto sveikatos ministerija.<\/p>\n<p>Izraelio ministr\u0173 kabineto patvirtintame paliaub\u0173 plane sakoma, kad visi \u012f Gazos ruo\u017e\u0105 \u012fva\u017eiuojantys sunkve\u017eimiai bus tikrinami Izraelio.<\/p>\n<p>\u201eHamas\u201c vadovaujama spalio 7 d. i\u0161puolio metu \u017euvo apie 1 200 \u017emoni\u0173, o dar apie 250 liko nelaisv\u0117je. Gazoje teb\u0117ra beveik 100 \u012fkait\u0173.<\/p>\n<p>Izraelis sureagavo \u012f puolim\u0105, per kur\u012f \u017euvo daugiau nei 46 000 palestinie\u010di\u0173, pasak vietos sveikatos apsaugos pareig\u016bn\u0173, kurie neskiria civili\u0173 ir kovotoj\u0173, ta\u010diau teigia, kad moterys ir vaikai sudaro daugiau nei pus\u0119 \u017euvusi\u0173j\u0173.<\/p>\n<\/p><\/div>\n<div>\n<p>\t\t&#038;kopija 2025 \u201eThe Canadian Press\u201c.\t<\/p>\n<\/div>\n<p><script defer src=\"https:\/\/connect.facebook.net\/en_US\/sdk.js#xfbml=1&#038;appId=318812448281278&#038;version=v3.3\"><\/script><br \/>\n<br \/><br \/>\n<br \/><a href=\"https:\/\/globalnews.ca\/news\/10965964\/ceasefire-between-israel-and-hamas-will-go-into-effect-sunday-morning-officials-say\/\">Source link <\/a><\/p>\n","protected":false},"excerpt":{"rendered":"<p>Paliaubos tarp Hamas ir Izraelio \u012fsigalios sekmadien\u012f 8.30 val. vietos laiku (06.30 GMT), \u0161e\u0161tadien\u012f paskelb\u0117&#8230;<\/p>\n","protected":false},"author":1,"featured_media":3983,"comment_status":"","ping_status":"","sticky":false,"template":"","format":"standard","meta":{"_monsterinsights_skip_tracking":false,"footnotes":""},"categories":[7],"tags":[118,2995,71,99,2994,666,2997,1934,2996,441],"class_list":["post-3982","post","type-post","status-publish","format-standard","has-post-thumbnail","hentry","category-pasaulio-naujienos","tag-hamas","tag-isigalios","tag-izraelio","tag-nacionalinis","tag-paliaubos","tag-pareigunai","tag-ryta","tag-sako","tag-sekmadienio","tag-tarp"],"aioseo_notices":[],"aioseo_head":"\n\t\t<!-- All in One SEO 5.0.1.1 - aioseo.com -->\n\t<meta name=\"description\" content=\"Paliaubos tarp Hamas ir Izraelio \u012fsigalios sekmadien\u012f 8.30 val. vietos laiku (06.30 GMT), \u0161e\u0161tadien\u012f paskelb\u0117 tarpininkas Kataras, Gazoje laikom\u0173 \u012fkait\u0173 \u0161eimoms ruo\u0161iantis naujienoms apie artimuosius, palestinie\u010diams ruo\u0161iantis priimti i\u0161laisvintus sulaikytuosius ir humanitarin\u0119 pagalb\u0105. grup\u0117s suskubo sukurti pagalbos antpl\u016bd\u012f. Izraelio ministr\u0173 kabinetas per nakt\u012f patvirtino susitarim\u0105 per ret\u0105 pos\u0117d\u012f per \u017eyd\u0173 \u0161ab\u0105, suk\u0117l\u0117 aktyvumo ir nauj\u0173\" \/>\n\t<meta name=\"robots\" content=\"max-image-preview:large\" \/>\n\t<meta name=\"author\" content=\"admin\"\/>\n\t<link rel=\"canonical\" href=\"https:\/\/naujienulaikas.lt\/index.php\/2025\/01\/18\/paliaubos-tarp-izraelio-ir-hamas-isigalios-sekmadienio-ryta-sako-pareigunai-nacionalinis\/\" \/>\n\t<meta name=\"generator\" content=\"All in One SEO (AIOSEO) 5.0.1.1\" \/>\n\t\t<meta property=\"og:locale\" content=\"lt_LT\" \/>\n\t\t<meta property=\"og:site_name\" content=\"Naujien\u0173 Laikas.LT - Naujienos, technologijos,finansai\" \/>\n\t\t<meta property=\"og:type\" content=\"article\" \/>\n\t\t<meta property=\"og:title\" content=\"Paliaubos tarp Izraelio ir \u201eHamas\u201c \u012fsigalios sekmadienio ryt\u0105, sako pareig\u016bnai \u2013 Nacionalinis - Naujien\u0173 Laikas.LT\" \/>\n\t\t<meta property=\"og:description\" content=\"Paliaubos tarp Hamas ir Izraelio \u012fsigalios sekmadien\u012f 8.30 val. vietos laiku (06.30 GMT), \u0161e\u0161tadien\u012f paskelb\u0117 tarpininkas Kataras, Gazoje laikom\u0173 \u012fkait\u0173 \u0161eimoms ruo\u0161iantis naujienoms apie artimuosius, palestinie\u010diams ruo\u0161iantis priimti i\u0161laisvintus sulaikytuosius ir humanitarin\u0119 pagalb\u0105. grup\u0117s suskubo sukurti pagalbos antpl\u016bd\u012f. Izraelio ministr\u0173 kabinetas per nakt\u012f patvirtino susitarim\u0105 per ret\u0105 pos\u0117d\u012f per \u017eyd\u0173 \u0161ab\u0105, suk\u0117l\u0117 aktyvumo ir nauj\u0173\" \/>\n\t\t<meta property=\"og:url\" content=\"https:\/\/naujienulaikas.lt\/index.php\/2025\/01\/18\/paliaubos-tarp-izraelio-ir-hamas-isigalios-sekmadienio-ryta-sako-pareigunai-nacionalinis\/\" \/>\n\t\t<meta property=\"article:published_time\" content=\"2025-01-18T22:23:49+00:00\" \/>\n\t\t<meta property=\"article:modified_time\" content=\"2025-01-18T22:23:49+00:00\" \/>\n\t\t<meta name=\"twitter:card\" content=\"summary_large_image\" \/>\n\t\t<meta name=\"twitter:title\" content=\"Paliaubos tarp Izraelio ir \u201eHamas\u201c \u012fsigalios sekmadienio ryt\u0105, sako pareig\u016bnai \u2013 Nacionalinis - Naujien\u0173 Laikas.LT\" \/>\n\t\t<meta name=\"twitter:description\" content=\"Paliaubos tarp Hamas ir Izraelio \u012fsigalios sekmadien\u012f 8.30 val. vietos laiku (06.30 GMT), \u0161e\u0161tadien\u012f paskelb\u0117 tarpininkas Kataras, Gazoje laikom\u0173 \u012fkait\u0173 \u0161eimoms ruo\u0161iantis naujienoms apie artimuosius, palestinie\u010diams ruo\u0161iantis priimti i\u0161laisvintus sulaikytuosius ir humanitarin\u0119 pagalb\u0105. grup\u0117s suskubo sukurti pagalbos antpl\u016bd\u012f. Izraelio ministr\u0173 kabinetas per nakt\u012f patvirtino susitarim\u0105 per ret\u0105 pos\u0117d\u012f per \u017eyd\u0173 \u0161ab\u0105, suk\u0117l\u0117 aktyvumo ir nauj\u0173\" \/>\n\t\t<script type=\"application\/ld+json\" class=\"aioseo-schema\">\n\t\t\t{\"@context\":\"https:\\\/\\\/schema.org\",\"@graph\":[{\"@type\":\"BlogPosting\",\"@id\":\"https:\\\/\\\/naujienulaikas.lt\\\/index.php\\\/2025\\\/01\\\/18\\\/paliaubos-tarp-izraelio-ir-hamas-isigalios-sekmadienio-ryta-sako-pareigunai-nacionalinis\\\/#blogposting\",\"name\":\"Paliaubos tarp Izraelio ir \\u201eHamas\\u201c \\u012fsigalios sekmadienio ryt\\u0105, sako pareig\\u016bnai \\u2013 Nacionalinis - Naujien\\u0173 Laikas.LT\",\"headline\":\"Paliaubos tarp Izraelio ir \\u201eHamas\\u201c \\u012fsigalios sekmadienio ryt\\u0105, sako pareig\\u016bnai \\u2013 Nacionalinis\",\"author\":{\"@id\":\"https:\\\/\\\/naujienulaikas.lt\\\/index.php\\\/author\\\/admin\\\/#author\"},\"publisher\":{\"@id\":\"https:\\\/\\\/naujienulaikas.lt\\\/#organization\"},\"image\":{\"@type\":\"ImageObject\",\"url\":\"https:\\\/\\\/naujienulaikas.lt\\\/wp-content\\\/uploads\\\/2025\\\/01\\\/Paliaubos-tarp-Izraelio-ir-\\u201eHamas-isigalios-sekmadienio-ryta-sako-pareigunai.jpg\",\"width\":720,\"height\":379},\"datePublished\":\"2025-01-18T22:23:49+00:00\",\"dateModified\":\"2025-01-18T22:23:49+00:00\",\"inLanguage\":\"lt-LT\",\"mainEntityOfPage\":{\"@id\":\"https:\\\/\\\/naujienulaikas.lt\\\/index.php\\\/2025\\\/01\\\/18\\\/paliaubos-tarp-izraelio-ir-hamas-isigalios-sekmadienio-ryta-sako-pareigunai-nacionalinis\\\/#webpage\"},\"isPartOf\":{\"@id\":\"https:\\\/\\\/naujienulaikas.lt\\\/index.php\\\/2025\\\/01\\\/18\\\/paliaubos-tarp-izraelio-ir-hamas-isigalios-sekmadienio-ryta-sako-pareigunai-nacionalinis\\\/#webpage\"},\"articleSection\":\"PASAULIO NAUJIENOS, Hamas, \\u012fsigalios, Izraelio, Nacionalinis, Paliaubos, pareig\\u016bnai, ryt\\u0105, sako, sekmadienio, tarp\"},{\"@type\":\"BreadcrumbList\",\"@id\":\"https:\\\/\\\/naujienulaikas.lt\\\/index.php\\\/2025\\\/01\\\/18\\\/paliaubos-tarp-izraelio-ir-hamas-isigalios-sekmadienio-ryta-sako-pareigunai-nacionalinis\\\/#breadcrumblist\",\"itemListElement\":[{\"@type\":\"ListItem\",\"@id\":\"https:\\\/\\\/naujienulaikas.lt#listItem\",\"position\":1,\"name\":\"Home\",\"item\":\"https:\\\/\\\/naujienulaikas.lt\",\"nextItem\":{\"@type\":\"ListItem\",\"@id\":\"https:\\\/\\\/naujienulaikas.lt\\\/index.php\\\/category\\\/pasaulio-naujienos\\\/#listItem\",\"name\":\"PASAULIO NAUJIENOS\"}},{\"@type\":\"ListItem\",\"@id\":\"https:\\\/\\\/naujienulaikas.lt\\\/index.php\\\/category\\\/pasaulio-naujienos\\\/#listItem\",\"position\":2,\"name\":\"PASAULIO NAUJIENOS\",\"item\":\"https:\\\/\\\/naujienulaikas.lt\\\/index.php\\\/category\\\/pasaulio-naujienos\\\/\",\"nextItem\":{\"@type\":\"ListItem\",\"@id\":\"https:\\\/\\\/naujienulaikas.lt\\\/index.php\\\/2025\\\/01\\\/18\\\/paliaubos-tarp-izraelio-ir-hamas-isigalios-sekmadienio-ryta-sako-pareigunai-nacionalinis\\\/#listItem\",\"name\":\"Paliaubos tarp Izraelio ir \\u201eHamas\\u201c \\u012fsigalios sekmadienio ryt\\u0105, sako pareig\\u016bnai \\u2013 Nacionalinis\"},\"previousItem\":{\"@type\":\"ListItem\",\"@id\":\"https:\\\/\\\/naujienulaikas.lt#listItem\",\"name\":\"Home\"}},{\"@type\":\"ListItem\",\"@id\":\"https:\\\/\\\/naujienulaikas.lt\\\/index.php\\\/2025\\\/01\\\/18\\\/paliaubos-tarp-izraelio-ir-hamas-isigalios-sekmadienio-ryta-sako-pareigunai-nacionalinis\\\/#listItem\",\"position\":3,\"name\":\"Paliaubos tarp Izraelio ir \\u201eHamas\\u201c \\u012fsigalios sekmadienio ryt\\u0105, sako pareig\\u016bnai \\u2013 Nacionalinis\",\"previousItem\":{\"@type\":\"ListItem\",\"@id\":\"https:\\\/\\\/naujienulaikas.lt\\\/index.php\\\/category\\\/pasaulio-naujienos\\\/#listItem\",\"name\":\"PASAULIO NAUJIENOS\"}}]},{\"@type\":\"Organization\",\"@id\":\"https:\\\/\\\/naujienulaikas.lt\\\/#organization\",\"name\":\"Naujien\\u0173 Laikas.LT\",\"description\":\"Naujienos, technologijos,finansai\",\"url\":\"https:\\\/\\\/naujienulaikas.lt\\\/\"},{\"@type\":\"Person\",\"@id\":\"https:\\\/\\\/naujienulaikas.lt\\\/index.php\\\/author\\\/admin\\\/#author\",\"url\":\"https:\\\/\\\/naujienulaikas.lt\\\/index.php\\\/author\\\/admin\\\/\",\"name\":\"admin\",\"image\":{\"@type\":\"ImageObject\",\"@id\":\"https:\\\/\\\/naujienulaikas.lt\\\/index.php\\\/2025\\\/01\\\/18\\\/paliaubos-tarp-izraelio-ir-hamas-isigalios-sekmadienio-ryta-sako-pareigunai-nacionalinis\\\/#authorImage\",\"url\":\"https:\\\/\\\/secure.gravatar.com\\\/avatar\\\/f37349f777250847d2fca2ada474f5a6aadffa79d5284e8ad354a5c410a691ec?s=96&d=mm&r=g\",\"width\":96,\"height\":96,\"caption\":\"admin\"}},{\"@type\":\"WebPage\",\"@id\":\"https:\\\/\\\/naujienulaikas.lt\\\/index.php\\\/2025\\\/01\\\/18\\\/paliaubos-tarp-izraelio-ir-hamas-isigalios-sekmadienio-ryta-sako-pareigunai-nacionalinis\\\/#webpage\",\"url\":\"https:\\\/\\\/naujienulaikas.lt\\\/index.php\\\/2025\\\/01\\\/18\\\/paliaubos-tarp-izraelio-ir-hamas-isigalios-sekmadienio-ryta-sako-pareigunai-nacionalinis\\\/\",\"name\":\"Paliaubos tarp Izraelio ir \\u201eHamas\\u201c \\u012fsigalios sekmadienio ryt\\u0105, sako pareig\\u016bnai \\u2013 Nacionalinis - Naujien\\u0173 Laikas.LT\",\"description\":\"Paliaubos tarp Hamas ir Izraelio \\u012fsigalios sekmadien\\u012f 8.30 val. vietos laiku (06.30 GMT), \\u0161e\\u0161tadien\\u012f paskelb\\u0117 tarpininkas Kataras, Gazoje laikom\\u0173 \\u012fkait\\u0173 \\u0161eimoms ruo\\u0161iantis naujienoms apie artimuosius, palestinie\\u010diams ruo\\u0161iantis priimti i\\u0161laisvintus sulaikytuosius ir humanitarin\\u0119 pagalb\\u0105. grup\\u0117s suskubo sukurti pagalbos antpl\\u016bd\\u012f. Izraelio ministr\\u0173 kabinetas per nakt\\u012f patvirtino susitarim\\u0105 per ret\\u0105 pos\\u0117d\\u012f per \\u017eyd\\u0173 \\u0161ab\\u0105, suk\\u0117l\\u0117 aktyvumo ir nauj\\u0173\",\"inLanguage\":\"lt-LT\",\"isPartOf\":{\"@id\":\"https:\\\/\\\/naujienulaikas.lt\\\/#website\"},\"breadcrumb\":{\"@id\":\"https:\\\/\\\/naujienulaikas.lt\\\/index.php\\\/2025\\\/01\\\/18\\\/paliaubos-tarp-izraelio-ir-hamas-isigalios-sekmadienio-ryta-sako-pareigunai-nacionalinis\\\/#breadcrumblist\"},\"author\":{\"@id\":\"https:\\\/\\\/naujienulaikas.lt\\\/index.php\\\/author\\\/admin\\\/#author\"},\"creator\":{\"@id\":\"https:\\\/\\\/naujienulaikas.lt\\\/index.php\\\/author\\\/admin\\\/#author\"},\"image\":{\"@type\":\"ImageObject\",\"url\":\"https:\\\/\\\/naujienulaikas.lt\\\/wp-content\\\/uploads\\\/2025\\\/01\\\/Paliaubos-tarp-Izraelio-ir-\\u201eHamas-isigalios-sekmadienio-ryta-sako-pareigunai.jpg\",\"@id\":\"https:\\\/\\\/naujienulaikas.lt\\\/index.php\\\/2025\\\/01\\\/18\\\/paliaubos-tarp-izraelio-ir-hamas-isigalios-sekmadienio-ryta-sako-pareigunai-nacionalinis\\\/#mainImage\",\"width\":720,\"height\":379},\"primaryImageOfPage\":{\"@id\":\"https:\\\/\\\/naujienulaikas.lt\\\/index.php\\\/2025\\\/01\\\/18\\\/paliaubos-tarp-izraelio-ir-hamas-isigalios-sekmadienio-ryta-sako-pareigunai-nacionalinis\\\/#mainImage\"},\"datePublished\":\"2025-01-18T22:23:49+00:00\",\"dateModified\":\"2025-01-18T22:23:49+00:00\"},{\"@type\":\"WebSite\",\"@id\":\"https:\\\/\\\/naujienulaikas.lt\\\/#website\",\"url\":\"https:\\\/\\\/naujienulaikas.lt\\\/\",\"name\":\"Naujien\\u0173 Laikas.LT\",\"description\":\"Naujienos, technologijos,finansai\",\"inLanguage\":\"lt-LT\",\"publisher\":{\"@id\":\"https:\\\/\\\/naujienulaikas.lt\\\/#organization\"}}]}\n\t\t<\/script>\n\t\t<!-- All in One SEO -->\n\n","aioseo_head_json":{"title":"Paliaubos tarp Izraelio ir \u201eHamas\u201c \u012fsigalios sekmadienio ryt\u0105, sako pareig\u016bnai \u2013 Nacionalinis - Naujien\u0173 Laikas.LT","description":"Paliaubos tarp Hamas ir Izraelio \u012fsigalios sekmadien\u012f 8.30 val. vietos laiku (06.30 GMT), \u0161e\u0161tadien\u012f paskelb\u0117 tarpininkas Kataras, Gazoje laikom\u0173 \u012fkait\u0173 \u0161eimoms ruo\u0161iantis naujienoms apie artimuosius, palestinie\u010diams ruo\u0161iantis priimti i\u0161laisvintus sulaikytuosius ir humanitarin\u0119 pagalb\u0105. grup\u0117s suskubo sukurti pagalbos antpl\u016bd\u012f. Izraelio ministr\u0173 kabinetas per nakt\u012f patvirtino susitarim\u0105 per ret\u0105 pos\u0117d\u012f per \u017eyd\u0173 \u0161ab\u0105, suk\u0117l\u0117 aktyvumo ir nauj\u0173","canonical_url":"https:\/\/naujienulaikas.lt\/index.php\/2025\/01\/18\/paliaubos-tarp-izraelio-ir-hamas-isigalios-sekmadienio-ryta-sako-pareigunai-nacionalinis\/","robots":"max-image-preview:large","keywords":"","webmasterTools":{"miscellaneous":""},"schema":{"@context":"https:\/\/schema.org","@graph":[{"@type":"BlogPosting","@id":"https:\/\/naujienulaikas.lt\/index.php\/2025\/01\/18\/paliaubos-tarp-izraelio-ir-hamas-isigalios-sekmadienio-ryta-sako-pareigunai-nacionalinis\/#blogposting","name":"Paliaubos tarp Izraelio ir \u201eHamas\u201c \u012fsigalios sekmadienio ryt\u0105, sako pareig\u016bnai \u2013 Nacionalinis - Naujien\u0173 Laikas.LT","headline":"Paliaubos tarp Izraelio ir \u201eHamas\u201c \u012fsigalios sekmadienio ryt\u0105, sako pareig\u016bnai \u2013 Nacionalinis","author":{"@id":"https:\/\/naujienulaikas.lt\/index.php\/author\/admin\/#author"},"publisher":{"@id":"https:\/\/naujienulaikas.lt\/#organization"},"image":{"@type":"ImageObject","url":"https:\/\/naujienulaikas.lt\/wp-content\/uploads\/2025\/01\/Paliaubos-tarp-Izraelio-ir-\u201eHamas-isigalios-sekmadienio-ryta-sako-pareigunai.jpg","width":720,"height":379},"datePublished":"2025-01-18T22:23:49+00:00","dateModified":"2025-01-18T22:23:49+00:00","inLanguage":"lt-LT","mainEntityOfPage":{"@id":"https:\/\/naujienulaikas.lt\/index.php\/2025\/01\/18\/paliaubos-tarp-izraelio-ir-hamas-isigalios-sekmadienio-ryta-sako-pareigunai-nacionalinis\/#webpage"},"isPartOf":{"@id":"https:\/\/naujienulaikas.lt\/index.php\/2025\/01\/18\/paliaubos-tarp-izraelio-ir-hamas-isigalios-sekmadienio-ryta-sako-pareigunai-nacionalinis\/#webpage"},"articleSection":"PASAULIO NAUJIENOS, Hamas, \u012fsigalios, Izraelio, Nacionalinis, Paliaubos, pareig\u016bnai, ryt\u0105, sako, sekmadienio, tarp"},{"@type":"BreadcrumbList","@id":"https:\/\/naujienulaikas.lt\/index.php\/2025\/01\/18\/paliaubos-tarp-izraelio-ir-hamas-isigalios-sekmadienio-ryta-sako-pareigunai-nacionalinis\/#breadcrumblist","itemListElement":[{"@type":"ListItem","@id":"https:\/\/naujienulaikas.lt#listItem","position":1,"name":"Home","item":"https:\/\/naujienulaikas.lt","nextItem":{"@type":"ListItem","@id":"https:\/\/naujienulaikas.lt\/index.php\/category\/pasaulio-naujienos\/#listItem","name":"PASAULIO NAUJIENOS"}},{"@type":"ListItem","@id":"https:\/\/naujienulaikas.lt\/index.php\/category\/pasaulio-naujienos\/#listItem","position":2,"name":"PASAULIO NAUJIENOS","item":"https:\/\/naujienulaikas.lt\/index.php\/category\/pasaulio-naujienos\/","nextItem":{"@type":"ListItem","@id":"https:\/\/naujienulaikas.lt\/index.php\/2025\/01\/18\/paliaubos-tarp-izraelio-ir-hamas-isigalios-sekmadienio-ryta-sako-pareigunai-nacionalinis\/#listItem","name":"Paliaubos tarp Izraelio ir \u201eHamas\u201c \u012fsigalios sekmadienio ryt\u0105, sako pareig\u016bnai \u2013 Nacionalinis"},"previousItem":{"@type":"ListItem","@id":"https:\/\/naujienulaikas.lt#listItem","name":"Home"}},{"@type":"ListItem","@id":"https:\/\/naujienulaikas.lt\/index.php\/2025\/01\/18\/paliaubos-tarp-izraelio-ir-hamas-isigalios-sekmadienio-ryta-sako-pareigunai-nacionalinis\/#listItem","position":3,"name":"Paliaubos tarp Izraelio ir \u201eHamas\u201c \u012fsigalios sekmadienio ryt\u0105, sako pareig\u016bnai \u2013 Nacionalinis","previousItem":{"@type":"ListItem","@id":"https:\/\/naujienulaikas.lt\/index.php\/category\/pasaulio-naujienos\/#listItem","name":"PASAULIO NAUJIENOS"}}]},{"@type":"Organization","@id":"https:\/\/naujienulaikas.lt\/#organization","name":"Naujien\u0173 Laikas.LT","description":"Naujienos, technologijos,finansai","url":"https:\/\/naujienulaikas.lt\/"},{"@type":"Person","@id":"https:\/\/naujienulaikas.lt\/index.php\/author\/admin\/#author","url":"https:\/\/naujienulaikas.lt\/index.php\/author\/admin\/","name":"admin","image":{"@type":"ImageObject","@id":"https:\/\/naujienulaikas.lt\/index.php\/2025\/01\/18\/paliaubos-tarp-izraelio-ir-hamas-isigalios-sekmadienio-ryta-sako-pareigunai-nacionalinis\/#authorImage","url":"https:\/\/secure.gravatar.com\/avatar\/f37349f777250847d2fca2ada474f5a6aadffa79d5284e8ad354a5c410a691ec?s=96&d=mm&r=g","width":96,"height":96,"caption":"admin"}},{"@type":"WebPage","@id":"https:\/\/naujienulaikas.lt\/index.php\/2025\/01\/18\/paliaubos-tarp-izraelio-ir-hamas-isigalios-sekmadienio-ryta-sako-pareigunai-nacionalinis\/#webpage","url":"https:\/\/naujienulaikas.lt\/index.php\/2025\/01\/18\/paliaubos-tarp-izraelio-ir-hamas-isigalios-sekmadienio-ryta-sako-pareigunai-nacionalinis\/","name":"Paliaubos tarp Izraelio ir \u201eHamas\u201c \u012fsigalios sekmadienio ryt\u0105, sako pareig\u016bnai \u2013 Nacionalinis - Naujien\u0173 Laikas.LT","description":"Paliaubos tarp Hamas ir Izraelio \u012fsigalios sekmadien\u012f 8.30 val. vietos laiku (06.30 GMT), \u0161e\u0161tadien\u012f paskelb\u0117 tarpininkas Kataras, Gazoje laikom\u0173 \u012fkait\u0173 \u0161eimoms ruo\u0161iantis naujienoms apie artimuosius, palestinie\u010diams ruo\u0161iantis priimti i\u0161laisvintus sulaikytuosius ir humanitarin\u0119 pagalb\u0105. grup\u0117s suskubo sukurti pagalbos antpl\u016bd\u012f. Izraelio ministr\u0173 kabinetas per nakt\u012f patvirtino susitarim\u0105 per ret\u0105 pos\u0117d\u012f per \u017eyd\u0173 \u0161ab\u0105, suk\u0117l\u0117 aktyvumo ir nauj\u0173","inLanguage":"lt-LT","isPartOf":{"@id":"https:\/\/naujienulaikas.lt\/#website"},"breadcrumb":{"@id":"https:\/\/naujienulaikas.lt\/index.php\/2025\/01\/18\/paliaubos-tarp-izraelio-ir-hamas-isigalios-sekmadienio-ryta-sako-pareigunai-nacionalinis\/#breadcrumblist"},"author":{"@id":"https:\/\/naujienulaikas.lt\/index.php\/author\/admin\/#author"},"creator":{"@id":"https:\/\/naujienulaikas.lt\/index.php\/author\/admin\/#author"},"image":{"@type":"ImageObject","url":"https:\/\/naujienulaikas.lt\/wp-content\/uploads\/2025\/01\/Paliaubos-tarp-Izraelio-ir-\u201eHamas-isigalios-sekmadienio-ryta-sako-pareigunai.jpg","@id":"https:\/\/naujienulaikas.lt\/index.php\/2025\/01\/18\/paliaubos-tarp-izraelio-ir-hamas-isigalios-sekmadienio-ryta-sako-pareigunai-nacionalinis\/#mainImage","width":720,"height":379},"primaryImageOfPage":{"@id":"https:\/\/naujienulaikas.lt\/index.php\/2025\/01\/18\/paliaubos-tarp-izraelio-ir-hamas-isigalios-sekmadienio-ryta-sako-pareigunai-nacionalinis\/#mainImage"},"datePublished":"2025-01-18T22:23:49+00:00","dateModified":"2025-01-18T22:23:49+00:00"},{"@type":"WebSite","@id":"https:\/\/naujienulaikas.lt\/#website","url":"https:\/\/naujienulaikas.lt\/","name":"Naujien\u0173 Laikas.LT","description":"Naujienos, technologijos,finansai","inLanguage":"lt-LT","publisher":{"@id":"https:\/\/naujienulaikas.lt\/#organization"}}]},"og:locale":"lt_LT","og:site_name":"Naujien\u0173 Laikas.LT - Naujienos, technologijos,finansai","og:type":"article","og:title":"Paliaubos tarp Izraelio ir \u201eHamas\u201c \u012fsigalios sekmadienio ryt\u0105, sako pareig\u016bnai \u2013 Nacionalinis - Naujien\u0173 Laikas.LT","og:description":"Paliaubos tarp Hamas ir Izraelio \u012fsigalios sekmadien\u012f 8.30 val. vietos laiku (06.30 GMT), \u0161e\u0161tadien\u012f paskelb\u0117 tarpininkas Kataras, Gazoje laikom\u0173 \u012fkait\u0173 \u0161eimoms ruo\u0161iantis naujienoms apie artimuosius, palestinie\u010diams ruo\u0161iantis priimti i\u0161laisvintus sulaikytuosius ir humanitarin\u0119 pagalb\u0105. grup\u0117s suskubo sukurti pagalbos antpl\u016bd\u012f. Izraelio ministr\u0173 kabinetas per nakt\u012f patvirtino susitarim\u0105 per ret\u0105 pos\u0117d\u012f per \u017eyd\u0173 \u0161ab\u0105, suk\u0117l\u0117 aktyvumo ir nauj\u0173","og:url":"https:\/\/naujienulaikas.lt\/index.php\/2025\/01\/18\/paliaubos-tarp-izraelio-ir-hamas-isigalios-sekmadienio-ryta-sako-pareigunai-nacionalinis\/","article:published_time":"2025-01-18T22:23:49+00:00","article:modified_time":"2025-01-18T22:23:49+00:00","twitter:card":"summary_large_image","twitter:title":"Paliaubos tarp Izraelio ir \u201eHamas\u201c \u012fsigalios sekmadienio ryt\u0105, sako pareig\u016bnai \u2013 Nacionalinis - Naujien\u0173 Laikas.LT","twitter:description":"Paliaubos tarp Hamas ir Izraelio \u012fsigalios sekmadien\u012f 8.30 val. vietos laiku (06.30 GMT), \u0161e\u0161tadien\u012f paskelb\u0117 tarpininkas Kataras, Gazoje laikom\u0173 \u012fkait\u0173 \u0161eimoms ruo\u0161iantis naujienoms apie artimuosius, palestinie\u010diams ruo\u0161iantis priimti i\u0161laisvintus sulaikytuosius ir humanitarin\u0119 pagalb\u0105. grup\u0117s suskubo sukurti pagalbos antpl\u016bd\u012f. Izraelio ministr\u0173 kabinetas per nakt\u012f patvirtino susitarim\u0105 per ret\u0105 pos\u0117d\u012f per \u017eyd\u0173 \u0161ab\u0105, suk\u0117l\u0117 aktyvumo ir nauj\u0173"},"aioseo_meta_data":{"post_id":"3982","title":null,"description":null,"keywords":null,"keyphrases":null,"primary_term":null,"canonical_url":null,"og_title":null,"og_description":null,"og_object_type":"default","og_image_type":"default","og_image_url":null,"og_image_width":null,"og_image_height":null,"og_image_custom_url":null,"og_image_custom_fields":null,"og_video":null,"og_custom_url":null,"og_article_section":null,"og_article_tags":null,"twitter_use_og":false,"twitter_card":"default","twitter_image_type":"default","twitter_image_url":null,"twitter_image_custom_url":null,"twitter_image_custom_fields":null,"twitter_title":null,"twitter_description":null,"schema":{"blockGraphs":[],"customGraphs":[],"default":{"data":{"Article":[],"Course":[],"Dataset":[],"FAQPage":[],"Movie":[],"Person":[],"Product":[],"ProductReview":[],"Car":[],"Recipe":[],"Service":[],"SoftwareApplication":[],"WebPage":[]},"graphName":"","isEnabled":true},"graphs":[]},"schema_type":"default","schema_type_options":null,"pillar_content":false,"robots_default":true,"robots_noindex":false,"robots_noarchive":false,"robots_nosnippet":false,"robots_nofollow":false,"robots_noimageindex":false,"robots_noodp":false,"robots_notranslate":false,"robots_max_snippet":null,"robots_max_videopreview":null,"robots_max_imagepreview":"large","priority":null,"frequency":null,"local_seo":null,"breadcrumb_settings":null,"limit_modified_date":false,"ai":null,"created":"2025-01-18 22:26:29","updated":"2025-06-04 03:03:26","seo_analyzer_scan_date":null,"focus_keyword":null,"additional_keywords":null,"truseo_locale":null},"aioseo_breadcrumb":"<div class=\"aioseo-breadcrumbs\"><span class=\"aioseo-breadcrumb\">\n\t\t\t<a href=\"https:\/\/naujienulaikas.lt\" title=\"Home\">Home<\/a>\n\t\t<\/span><span class=\"aioseo-breadcrumb-separator\">&raquo;<\/span><span class=\"aioseo-breadcrumb\">\n\t\t\t<a href=\"https:\/\/naujienulaikas.lt\/index.php\/category\/pasaulio-naujienos\/\" title=\"PASAULIO NAUJIENOS\">PASAULIO NAUJIENOS<\/a>\n\t\t<\/span><span class=\"aioseo-breadcrumb-separator\">&raquo;<\/span><span class=\"aioseo-breadcrumb\">\n\t\t\tPaliaubos tarp Izraelio ir \u201eHamas\u201c \u012fsigalios sekmadienio ryt\u0105, sako pareig\u016bnai \u2013 Nacionalinis\n\t\t<\/span><\/div>","aioseo_breadcrumb_json":[{"label":"Home","link":"https:\/\/naujienulaikas.lt"},{"label":"PASAULIO NAUJIENOS","link":"https:\/\/naujienulaikas.lt\/index.php\/category\/pasaulio-naujienos\/"},{"label":"Paliaubos tarp Izraelio ir \u201eHamas\u201c \u012fsigalios sekmadienio ryt\u0105, sako pareig\u016bnai \u2013 Nacionalinis","link":"https:\/\/naujienulaikas.lt\/index.php\/2025\/01\/18\/paliaubos-tarp-izraelio-ir-hamas-isigalios-sekmadienio-ryta-sako-pareigunai-nacionalinis\/"}],"_links":{"self":[{"href":"https:\/\/naujienulaikas.lt\/index.php\/wp-json\/wp\/v2\/posts\/3982","targetHints":{"allow":["GET"]}}],"collection":[{"href":"https:\/\/naujienulaikas.lt\/index.php\/wp-json\/wp\/v2\/posts"}],"about":[{"href":"https:\/\/naujienulaikas.lt\/index.php\/wp-json\/wp\/v2\/types\/post"}],"author":[{"embeddable":true,"href":"https:\/\/naujienulaikas.lt\/index.php\/wp-json\/wp\/v2\/users\/1"}],"replies":[{"embeddable":true,"href":"https:\/\/naujienulaikas.lt\/index.php\/wp-json\/wp\/v2\/comments?post=3982"}],"version-history":[{"count":0,"href":"https:\/\/naujienulaikas.lt\/index.php\/wp-json\/wp\/v2\/posts\/3982\/revisions"}],"wp:featuredmedia":[{"embeddable":true,"href":"https:\/\/naujienulaikas.lt\/index.php\/wp-json\/wp\/v2\/media\/3983"}],"wp:attachment":[{"href":"https:\/\/naujienulaikas.lt\/index.php\/wp-json\/wp\/v2\/media?parent=3982"}],"wp:term":[{"taxonomy":"category","embeddable":true,"href":"https:\/\/naujienulaikas.lt\/index.php\/wp-json\/wp\/v2\/categories?post=3982"},{"taxonomy":"post_tag","embeddable":true,"href":"https:\/\/naujienulaikas.lt\/index.php\/wp-json\/wp\/v2\/tags?post=3982"}],"curies":[{"name":"wp","href":"https:\/\/api.w.org\/{rel}","templated":true}]}}