{"id":4024,"date":"2025-01-23T22:41:12","date_gmt":"2025-01-23T22:41:12","guid":{"rendered":"https:\/\/naujienulaikas.lt\/index.php\/2025\/01\/23\/paauglys-nuzudes-3-merginas-taylor-swift-sokiu-pamokoje-nuteistas-daugiau-nei-50-metu-nacionalinis\/"},"modified":"2025-01-23T22:41:12","modified_gmt":"2025-01-23T22:41:12","slug":"paauglys-nuzudes-3-merginas-taylor-swift-sokiu-pamokoje-nuteistas-daugiau-nei-50-metu-nacionalinis","status":"publish","type":"post","link":"https:\/\/naujienulaikas.lt\/index.php\/2025\/01\/23\/paauglys-nuzudes-3-merginas-taylor-swift-sokiu-pamokoje-nuteistas-daugiau-nei-50-metu-nacionalinis\/","title":{"rendered":"Paauglys, nu\u017eud\u0119s 3 merginas Taylor Swift \u0161oki\u0173 pamokoje, nuteistas daugiau nei 50 met\u0173 \u2013 Nacionalinis"},"content":{"rendered":"<p> <br \/>\n<\/p>\n<div id=\"\">\n<p>Paauglys, mirtinai subad\u0119s tris jaunas merginas Taylor Swift \u0161oki\u0173 pamokose Anglijoje, ketvirtadien\u012f buvo nuteistas kal\u0117ti daugiau nei 50 met\u0173 u\u017e tai, k\u0105 teis\u0117jas pavadino \u201eekstremaliausiu, \u0161okiruojan\u010diu ir ypa\u010d rimtu nusikaltimu\u201c.<\/p>\n<p><\/p>\n<p>Teis\u0117jas Julianas Goose&#8217;as sak\u0117, kad 18-metis Axelis Rudakubana \u201enor\u0117jo pabandyti \u012fvykdyti masines nekalt\u0173, laiming\u0173 mergin\u0173 \u017eudynes\u201c.<\/p>\n<p>\u017d\u0105sis teig\u0117 negalintis skirti laisv\u0117s at\u0117mimo iki gyvos galvos be lygtinio paleidimo, nes Rudakubanas nusikaltimo metu buvo jaunesnis nei 18 met\u0173.<\/p>\n<p>Ta\u010diau teis\u0117jas sak\u0117, kad jis turi i\u0161b\u016bti 52 metus, at\u0117mus \u0161e\u0161is m\u0117nesius, praleistus kalinimo, prie\u0161 svarstydamas lygtin\u012f paleidim\u0105, ir \u201etik\u0117tina, kad jis niekada nebus paleistas\u201c.<\/p>\n<div class=\"l-article__part\" data-shortcode=\"tp_video\">\n<div class=\"c-video c-videoPlay \" data-iframe-receiver=\"\" data-autoplay=\"\" data-displayinline-featured=\"false\" data-displayinline-type=\"video\" data-displayinline-player-id=\"miniplayer_10688703_6792bfee7db1b\" data-displayinline-video-id=\"10688703\" data-displayinline-ratio=\"16:9\" data-displayinline=\"https:\/\/globalnews.ca\/video\/embed\/10688703\/#autoplay&amp;stickyiframe=miniplayer_10688703_6792bfee7db1b\" data-displayinline-sticky=\"true\">\n<div class=\"c-video__inner\">\n\t\t\t\t\t<span class=\"c-video__placeholder\"><br \/>\n\t\t\t\t\t\t<img class=\"c-video__image\" alt=\"Spustel\u0117kite, kad paleistum\u0117te vaizdo \u012fra\u0161\u0105: \u201eNusikalt\u0117liai banditai\u201c: JK riau\u0161ininkai \u012fkalinti u\u017e smurtinius sutrikimus, did\u0117jant prie\u0161prie\u0161iniams protestams\" width=\"640\" height=\"360\" data-src=\"https:\/\/i0.wp.com\/media.globalnews.ca\/videostatic\/news\/0hy69u1xfk-ue5jgbe2du\/POLICE_VMS.jpg?w=1040&amp;quality=70&amp;strip=all\" loading=\"lazy\" srcset=\"\" sizes=\"auto, \" data-srcset=\"https:\/\/i0.wp.com\/media.globalnews.ca\/videostatic\/news\/0hy69u1xfk-ue5jgbe2du\/POLICE_VMS.jpg?w=450#038;quality=70&amp;strip=all 450w,https:\/\/i0.wp.com\/media.globalnews.ca\/videostatic\/news\/0hy69u1xfk-ue5jgbe2du\/POLICE_VMS.jpg?w=720#038;quality=70&amp;strip=all 720w,https:\/\/i0.wp.com\/media.globalnews.ca\/videostatic\/news\/0hy69u1xfk-ue5jgbe2du\/POLICE_VMS.jpg?w=1040#038;quality=70&amp;strip=all 1040w,\" data-sizes=\"(min-width: 1040px) 1040px,(min-width: 720px) 720px,450px\"\/><br \/>\n\t\t\t\t\t\t\t\t\t\t\t\t<span class=\"c-video__overlay\"><\/p>\n<p>\n\t\t\t\t\t\t\t\t\t\t\t\t\t\t\t\t\t<time class=\"c-video__duration\">3:45<\/time><br \/>\n\t\t\t\t\t\t\t\t\t\t\t\t\t\t\t\t\t\t\t\t\t\t\t\t\t<span class=\"c-video__title\">\u201eNusikalstami banditai\u201c: JK riau\u0161ininkai nuteisti u\u017e smurtinius sutrikimus, did\u0117jant prie\u0161prie\u0161iniams protestams<\/span>\n\t\t\t\t\t\t\t\t\t\t\t\t\t\t\t<\/p>\n<p>\t\t\t\t\t\t<\/span><br \/>\n\t\t\t\t\t\t\t\t\t\t\t<\/span>\n\t\t\t\t<\/div>\n<\/p><\/div>\n<\/p><\/div>\n<p>Rudakubana buvo 17 met\u0173, kai liep\u0105 paj\u016brio mieste Sautporte u\u017epuol\u0117 vaikus ir nu\u017eud\u0117 9 met\u0173 Alice Da Silva Aguiar, 7 met\u0173 Elsie Dot Stancombe ir 6 met\u0173 Bebe King. Jis su\u017eeid\u0117 dar a\u0161tuonias merginas, kuri\u0173 am\u017eius svyravo nuo 7 iki 13 met\u0173. , kartu su mokytoja Leanne Lucas ir \u012fsiki\u0161usiu vietiniu verslininku Johnu Hayesu.<\/p>\n<div class=\"c-ad c-ad--bigbox l-article__ad\">\n<p>Istorija t\u0119siasi po skelbimu<\/p>\n<\/p><\/div>\n<p>I\u0161puolis sukr\u0117t\u0117 \u0161al\u012f ir suk\u0117l\u0117 smurt\u0105 gatv\u0117je ir sielos ie\u0161kojim\u0105. Vyriausyb\u0117 paskelb\u0117 apie vie\u0161\u0105 tyrim\u0105, kaip sistema nesugeb\u0117jo sustabdyti \u017eudiko, kuris ne kart\u0105 buvo kreiptasi \u012f vald\u017eios institucijas d\u0117l jo aps\u0117sto smurto.<\/p>\n<div id=\"ez-toc-container\" class=\"ez-toc-v2_0_82_2 counter-hierarchy ez-toc-counter ez-toc-grey ez-toc-container-direction\">\n<div class=\"ez-toc-title-container\">\n<p class=\"ez-toc-title\" style=\"cursor:inherit\">Turinys:<\/p>\n<span class=\"ez-toc-title-toggle\"><a href=\"#\" class=\"ez-toc-pull-right ez-toc-btn ez-toc-btn-xs ez-toc-btn-default ez-toc-toggle\" aria-label=\"Toggle Table of Content\"><span class=\"ez-toc-js-icon-con\"><span class=\"\"><span class=\"eztoc-hide\" style=\"display:none;\">Toggle<\/span><span class=\"ez-toc-icon-toggle-span\"><svg style=\"fill: #999;color:#999\" xmlns=\"http:\/\/www.w3.org\/2000\/svg\" class=\"list-377408\" width=\"20px\" height=\"20px\" viewBox=\"0 0 24 24\" fill=\"none\"><path d=\"M6 6H4v2h2V6zm14 0H8v2h12V6zM4 11h2v2H4v-2zm16 0H8v2h12v-2zM4 16h2v2H4v-2zm16 0H8v2h12v-2z\" fill=\"currentColor\"><\/path><\/svg><svg style=\"fill: #999;color:#999\" class=\"arrow-unsorted-368013\" xmlns=\"http:\/\/www.w3.org\/2000\/svg\" width=\"10px\" height=\"10px\" viewBox=\"0 0 24 24\" version=\"1.2\" baseProfile=\"tiny\"><path d=\"M18.2 9.3l-6.2-6.3-6.2 6.3c-.2.2-.3.4-.3.7s.1.5.3.7c.2.2.4.3.7.3h11c.3 0 .5-.1.7-.3.2-.2.3-.5.3-.7s-.1-.5-.3-.7zM5.8 14.7l6.2 6.3 6.2-6.3c.2-.2.3-.5.3-.7s-.1-.5-.3-.7c-.2-.2-.4-.3-.7-.3h-11c-.3 0-.5.1-.7.3-.2.2-.3.5-.3.7s.1.5.3.7z\"\/><\/svg><\/span><\/span><\/span><\/a><\/span><\/div>\n<nav><ul class='ez-toc-list ez-toc-list-level-1 ' ><li class='ez-toc-page-1 ez-toc-heading-level-2'><a class=\"ez-toc-link ez-toc-heading-1\" href=\"https:\/\/naujienulaikas.lt\/index.php\/2025\/01\/23\/paauglys-nuzudes-3-merginas-taylor-swift-sokiu-pamokoje-nuteistas-daugiau-nei-50-metu-nacionalinis\/#Kaltinamasis_trukdo_bylos_nagrinejimui\" >Kaltinamasis trukdo bylos nagrin\u0117jimui<\/a><ul class='ez-toc-list-level-3' ><li class='ez-toc-heading-level-3'><a class=\"ez-toc-link ez-toc-heading-2\" href=\"https:\/\/naujienulaikas.lt\/index.php\/2025\/01\/23\/paauglys-nuzudes-3-merginas-taylor-swift-sokiu-pamokoje-nuteistas-daugiau-nei-50-metu-nacionalinis\/#Gaukite_kasdienes_nacionalines_naujienas\" >Gaukite kasdienes nacionalines naujienas<\/a><\/li><\/ul><\/li><li class='ez-toc-page-1 ez-toc-heading-level-2'><a class=\"ez-toc-link ez-toc-heading-3\" href=\"https:\/\/naujienulaikas.lt\/index.php\/2025\/01\/23\/paauglys-nuzudes-3-merginas-taylor-swift-sokiu-pamokoje-nuteistas-daugiau-nei-50-metu-nacionalinis\/#Siaubas_vasaros_diena\" >Siaubas vasaros dien\u0105<\/a><\/li><li class='ez-toc-page-1 ez-toc-heading-level-2'><a class=\"ez-toc-link ez-toc-heading-4\" href=\"https:\/\/naujienulaikas.lt\/index.php\/2025\/01\/23\/paauglys-nuzudes-3-merginas-taylor-swift-sokiu-pamokoje-nuteistas-daugiau-nei-50-metu-nacionalinis\/#Smurto_apsestas_paauglys\" >Smurto aps\u0117stas paauglys<\/a><\/li><li class='ez-toc-page-1 ez-toc-heading-level-2'><a class=\"ez-toc-link ez-toc-heading-5\" href=\"https:\/\/naujienulaikas.lt\/index.php\/2025\/01\/23\/paauglys-nuzudes-3-merginas-taylor-swift-sokiu-pamokoje-nuteistas-daugiau-nei-50-metu-nacionalinis\/#Terorizmo_apibrezimas\" >Terorizmo apibr\u0117\u017eimas<\/a><ul class='ez-toc-list-level-3' ><li class='ez-toc-heading-level-3'><a class=\"ez-toc-link ez-toc-heading-6\" href=\"https:\/\/naujienulaikas.lt\/index.php\/2025\/01\/23\/paauglys-nuzudes-3-merginas-taylor-swift-sokiu-pamokoje-nuteistas-daugiau-nei-50-metu-nacionalinis\/#Skausmingi_nukentejusiuju_parodymai\" >Skausmingi nukent\u0117jusi\u0173j\u0173 parodymai<\/a><\/li><\/ul><\/li><\/ul><\/nav><\/div>\n<h2><span class=\"ez-toc-section\" id=\"Kaltinamasis_trukdo_bylos_nagrinejimui\"><\/span>Kaltinamasis trukdo bylos nagrin\u0117jimui<span class=\"ez-toc-section-end\"><\/span><\/h2>\n<p>Rudakubanai buvo pateikti trys kaltinimai d\u0117l \u017emog\u017eudys\u010di\u0173, 10 \u2013 d\u0117l pasik\u0117sinimo nu\u017eudyti ir papildomi kaltinimai d\u0117l peilio, nuodo ricino ir \u201eal-Qaeda\u201c vadovo laikymo. Pirmadien\u012f jis netik\u0117tai pakeit\u0117 savo prisipa\u017einim\u0105 kaltu d\u0117l vis\u0173 kaltinim\u0173.<\/p>\n<p>Ta\u010diau ketvirtadien\u012f jis nebuvo teisme, kad i\u0161girst\u0173 nuosprend\u012f.<\/p>\n<div class=\"c-tabs\">\n<p>\n\t\t\t<button role=\"tab\" class=\"c-tabs__tab c-tabs__tab--active\" type=\"button\">Daugiau apie nusikalstamum\u0105<\/button><br \/>\n\t\t\t<button role=\"tab\" class=\"c-tabs__tab\" type=\"button\">Daugiau vaizdo \u012fra\u0161\u0173<\/button>\n\t\t<\/p>\n<\/p><\/div>\n<p>Prie\u0161 kelias valandas jis buvo paguldytas \u012f Liverpulio kar\u016bnos teismo suol\u0105 \u0161iaur\u0117s vakar\u0173 Anglijoje, apsireng\u0119s pilku kal\u0117jimo sportiniu kostiumu. Ta\u010diau prokurorams prad\u0117jus apib\u016bdinti \u012frodymus, Rudakubana nutrauk\u0117 \u0161auksm\u0105, kad jam blogai ir norisi pas paramedik\u0105.<\/p>\n<p>\u017d\u0105sis liep\u0117 nu\u0161alinti kaltinam\u0105j\u012f, kai \u0161is ir toliau \u0161auk\u0117. Asmuo teismo sal\u0117je su\u0161uko \u201eBailis! kaip Rudakubana buvo i\u0161ve\u017eta.<\/p>\n<p>Pos\u0117dis t\u0119s\u0117si be jo.<\/p>\n<div class=\"c-inlineSignup\" data-newsletter-inline=\"\">\n<div class=\"c-inlineSignup__image\">\n\t\t\t\t\t<img decoding=\"async\" width=\"170\" height=\"225\" loading=\"lazy\" src=\"https:\/\/globalnews.ca\/wp-content\/themes\/shaw-globalnews\/images\/skyline\/national.jpg\" alt=\"Kart\u0105 per dien\u0105 gaukite svarbiausi\u0173 dienos naujien\u0173, politini\u0173, ekonomini\u0173 ir aktualij\u0173 antra\u0161tes.\"\/>\n\t\t\t\t<\/div>\n<div class=\"c-inlineSignup__content\">\n<h3><span class=\"ez-toc-section\" id=\"Gaukite_kasdienes_nacionalines_naujienas\"><\/span>Gaukite kasdienes nacionalines naujienas<span class=\"ez-toc-section-end\"><\/span><\/h3>\n<p>Kart\u0105 per dien\u0105 gaukite svarbiausi\u0173 dienos naujien\u0173, politini\u0173, ekonomini\u0173 ir aktualij\u0173 antra\u0161tes.<\/p>\n<\/p><\/div>\n<\/p><\/div>\n<h2><span class=\"ez-toc-section\" id=\"Siaubas_vasaros_diena\"><\/span>Siaubas vasaros dien\u0105<span class=\"ez-toc-section-end\"><\/span><\/h2>\n<p>Prokuror\u0117 Deanna Heer papasakojo, kaip i\u0161puolis \u012fvyko pirm\u0105j\u0105 vasaros atostog\u0173 dien\u0105, kai 26 ma\u017eos mergait\u0117s buvo \u201esusirinkusios prie stal\u0173, gamindamos apyrankes ir dainuojan\u010dios pagal Taylor Swift dainas\u201c.<\/p>\n<div class=\"c-ad c-ad--bigbox l-article__ad\">\n<p>Istorija t\u0119siasi po skelbimu<\/p>\n<\/p><\/div>\n<p>Rudakubana, apsiginklav\u0119s dideliu peiliu, \u012fsiver\u017e\u0117 ir \u0117m\u0117 peidyti merginas bei j\u0173 mokytoj\u0105.<\/p>\n<p>Teismui buvo parodytas vaizdo \u012fra\u0161as, kaip \u012ftariamasis taksi atvyko \u012f \u201eHart Space\u201c viet\u0105 ir \u012feina \u012f pastat\u0105. Per kelias sekundes pasigirdo riksmai ir vaikai pani\u0161kai i\u0161b\u0117go \u012f lauk\u0105, kai kurie i\u0161 j\u0173 buvo su\u017eeisti. Viena mergina pri\u0117jo prie dur\u0173, bet u\u017epuolikas j\u0105 \u012ftemp\u0117 atgal. Ji buvo durta 32 kartus, bet i\u0161gyveno.<\/p>\n<div class=\"l-article__part\" data-shortcode=\"tp_video\">\n<div class=\"c-video c-videoPlay \" data-iframe-receiver=\"\" data-autoplay=\"\" data-displayinline-featured=\"false\" data-displayinline-type=\"video\" data-displayinline-player-id=\"miniplayer_10682700_6792bfee7ff67\" data-displayinline-video-id=\"10682700\" data-displayinline-ratio=\"16:9\" data-displayinline=\"https:\/\/globalnews.ca\/video\/embed\/10682700\/#autoplay&amp;stickyiframe=miniplayer_10682700_6792bfee7ff67\" data-displayinline-sticky=\"true\">\n<div class=\"c-video__inner\">\n\t\t\t\t\t<span class=\"c-video__placeholder\"><br \/>\n\t\t\t\t\t\t<img class=\"c-video__image\" alt=\"Spustel\u0117kite, jei norite paleisti vaizdo \u012fra\u0161\u0105: \u201e\u0160imtai suimti JK kra\u0161tutini\u0173 de\u0161ini\u0173j\u0173 riau\u0161\u0117se po mirtin\u0173 peili\u0173 siaut\u0117jimo Taylor Swift \u0161oki\u0173 pamokoje\u201c\" width=\"640\" height=\"360\" data-src=\"https:\/\/i0.wp.com\/media.globalnews.ca\/videostatic\/news\/njoiqvhdlt-h5w1ltkkhc\/240805-CRYSTAL.jpg?w=1040&amp;quality=70&amp;strip=all\" loading=\"lazy\" srcset=\"\" sizes=\"auto, \" data-srcset=\"https:\/\/i0.wp.com\/media.globalnews.ca\/videostatic\/news\/njoiqvhdlt-h5w1ltkkhc\/240805-CRYSTAL.jpg?w=450#038;quality=70&amp;strip=all 450w,https:\/\/i0.wp.com\/media.globalnews.ca\/videostatic\/news\/njoiqvhdlt-h5w1ltkkhc\/240805-CRYSTAL.jpg?w=720#038;quality=70&amp;strip=all 720w,https:\/\/i0.wp.com\/media.globalnews.ca\/videostatic\/news\/njoiqvhdlt-h5w1ltkkhc\/240805-CRYSTAL.jpg?w=1040#038;quality=70&amp;strip=all 1040w,\" data-sizes=\"(min-width: 1040px) 1040px,(min-width: 720px) 720px,450px\"\/><br \/>\n\t\t\t\t\t\t\t\t\t\t\t\t<span class=\"c-video__overlay\"><\/p>\n<p>\n\t\t\t\t\t\t\t\t\t\t\t\t\t\t\t\t\t<time class=\"c-video__duration\">2:07<\/time><br \/>\n\t\t\t\t\t\t\t\t\t\t\t\t\t\t\t\t\t\t\t\t\t\t\t\t\t<span class=\"c-video__title\">\u0160imtai \u017emoni\u0173 buvo suimti per JK kra\u0161tutini\u0173 de\u0161ini\u0173j\u0173 riau\u0161es po mirtin\u0173 peili\u0173 siaut\u0117jimo Taylor Swift \u0161oki\u0173 pamokoje<\/span>\n\t\t\t\t\t\t\t\t\t\t\t\t\t\t\t<\/p>\n<p>\t\t\t\t\t\t<\/span><br \/>\n\t\t\t\t\t\t\t\t\t\t\t<\/span>\n\t\t\t\t<\/div>\n<\/p><\/div>\n<\/p><\/div>\n<p>Leid\u017eiant vaizdo \u012fra\u0161us teisme gird\u0117josi aik\u010diojimai ir verk\u0161lenimai.<\/p>\n<p>Heeras sak\u0117, kad du i\u0161 \u017euvusi\u0173 vaik\u0173 \u201epatyr\u0117 ypa\u010d siaubingus su\u017ealojimus, kuriuos sunku paai\u0161kinti kaip ne tik sadisti\u0161k\u0105 prigimt\u012f\u201c. Viena i\u0161 \u017euvusi\u0173 mergin\u0173 patyr\u0117 122 su\u017ealojimus, o kita \u2013 85 \u017eaizdas.<\/p>\n<h2><span class=\"ez-toc-section\" id=\"Smurto_apsestas_paauglys\"><\/span>Smurto aps\u0117stas paauglys<span class=\"ez-toc-section-end\"><\/span><\/h2>\n<p>Prokuroras sak\u0117, kad Rudakubana buvo \u201eilgalaik\u0117 prievartos, \u017eudymo ir genocido manija\u201c.<\/p>\n<div class=\"c-ad c-ad--bigbox l-article__ad\">\n<p>Istorija t\u0119siasi po skelbimu<\/p>\n<\/p><\/div>\n<p>\u201eJo vienintelis tikslas buvo nu\u017eudyti. Ir jis nusitaik\u0117 \u012f jauniausius ir pa\u017eeid\u017eiamiausius visuomen\u0117s sluoksnius\u201c, \u2013 sak\u0117 ji, auk\u0173 artimiesiems stebint teismo sal\u0117je.<\/p>\n<p>Heeris pasakojo, kad kai buvo nuve\u017etas \u012f policijos komisariat\u0105, Rudakubana i\u0161girdo sakant: \u201eGerai, kad tie vaikai mir\u0117, a\u0161 taip d\u017eiaugiuosi, a\u0161 tokia laiminga\u201c.<\/p>\n<p>\u0160ios \u017emog\u017eudyst\u0117s suk\u0117l\u0117 kelias dienas prie\u0161 imigrantus nukreipt\u0105 smurt\u0105 visoje \u0161alyje po to, kai kra\u0161tutini\u0173 de\u0161ini\u0173j\u0173 aktyvistai pasinaudojo neteisingais prane\u0161imais, kad u\u017epuolikas buvo prieglobs\u010dio pra\u0161ytojas, neseniai atvyk\u0119s \u012f JK Kai kurie teig\u0117, kad nusikaltimas buvo d\u017eihado i\u0161puolis, ir teig\u0117, kad policija ir Vyriausyb\u0117 sl\u0117p\u0117 informacij\u0105.<\/p>\n<div class=\"l-article__part\" data-shortcode=\"tp_video\">\n<div class=\"c-video c-videoPlay \" data-iframe-receiver=\"\" data-autoplay=\"\" data-displayinline-featured=\"false\" data-displayinline-type=\"video\" data-displayinline-player-id=\"miniplayer_10678354_6792bfee80728\" data-displayinline-video-id=\"10678354\" data-displayinline-ratio=\"16:9\" data-displayinline=\"https:\/\/globalnews.ca\/video\/embed\/10678354\/#autoplay&amp;stickyiframe=miniplayer_10678354_6792bfee80728\" data-displayinline-sticky=\"true\">\n<div class=\"c-video__inner\">\n\t\t\t\t\t<span class=\"c-video__placeholder\"><br \/>\n\t\t\t\t\t\t<img class=\"c-video__image\" alt=\"Spustel\u0117kite, jei norite paleisti vaizdo \u012fra\u0161\u0105: \u201eSubsid\u016brimai JK: Sautporto me\u010det\u0117 po \u017eiauri\u0173 susir\u0117mim\u0173 meld\u017eiasi kaip \u012fprasta\u201c\" width=\"640\" height=\"360\" data-src=\"https:\/\/i1.wp.com\/media.globalnews.ca\/videostatic\/news\/b867qoecbi-df79pybua8\/FR_SOUTHPORT_VMS.jpg?w=1040&amp;quality=70&amp;strip=all\" loading=\"lazy\" srcset=\"\" sizes=\"auto, \" data-srcset=\"https:\/\/i1.wp.com\/media.globalnews.ca\/videostatic\/news\/b867qoecbi-df79pybua8\/FR_SOUTHPORT_VMS.jpg?w=450#038;quality=70&amp;strip=all 450w,https:\/\/i1.wp.com\/media.globalnews.ca\/videostatic\/news\/b867qoecbi-df79pybua8\/FR_SOUTHPORT_VMS.jpg?w=720#038;quality=70&amp;strip=all 720w,https:\/\/i1.wp.com\/media.globalnews.ca\/videostatic\/news\/b867qoecbi-df79pybua8\/FR_SOUTHPORT_VMS.jpg?w=1040#038;quality=70&amp;strip=all 1040w,\" data-sizes=\"(min-width: 1040px) 1040px,(min-width: 720px) 720px,450px\"\/><br \/>\n\t\t\t\t\t\t\t\t\t\t\t\t<span class=\"c-video__overlay\"><\/p>\n<p>\n\t\t\t\t\t\t\t\t\t\t\t\t\t\t\t\t\t<time class=\"c-video__duration\">2:01<\/time><br \/>\n\t\t\t\t\t\t\t\t\t\t\t\t\t\t\t\t\t\t\t\t\t\t\t\t\t<span class=\"c-video__title\">D\u016brimai JK: Sautporto me\u010det\u0117je po \u017eiauri\u0173 susir\u0117mim\u0173 \u012fprastai meld\u017eiamasi<\/span>\n\t\t\t\t\t\t\t\t\t\t\t\t\t\t\t<\/p>\n<p>\t\t\t\t\t\t<\/span><br \/>\n\t\t\t\t\t\t\t\t\t\t\t<\/span>\n\t\t\t\t<\/div>\n<\/p><\/div>\n<\/p><\/div>\n<section id=\"content-dynamic-trending-stories\" class=\"l-inlineStories l-inlineStories--tile u-hide-tablet-landscape\" aria-label=\"Dynamic trending stories section\">\n<p>\n\t\t<span class=\"l-inlineStories__title c-heading c-heading--strikethrough\">Dabar populiaru<\/span>\n\t<\/p>\n<ul class=\"l-inlineStories__posts c-posts c-posts--inline \">\n<li class=\"c-posts__item\">\n<div class=\"c-posts__media \">\n\t\t\t\t\t\t<img class=\"c-posts__thumbnail\" data-src=\"https:\/\/globalnews.ca\/wp-content\/uploads\/2025\/01\/IMG_2580.jpg?quality=85&amp;strip=all&amp;w=336&amp;h=224&amp;crop=1\" loading=\"lazy\" width=\"336\" height=\"224\" alt=\"\"\/>\n\t\t\t\t\t\t\t\t\t\t\t\t\t<\/div>\n<div class=\"c-posts__details\">\n<p>\n\t\t\t\t<span class=\"c-posts__headlineText\" title=\"\u2018What the heck is going on?\u2019 Why this B.C. community put up border fence with U.S.\" data-title=\"\">&#8222;Kas, po velni\u0173, vyksta?&#8221; Kod\u0117l \u0161i BC bendruomen\u0117 pastat\u0117 pasienio tvor\u0105 su JAV?<\/span>\n\t<\/p>\n<\/p><\/div>\n<\/li>\n<li class=\"c-posts__item\">\n<div class=\"c-posts__media \">\n\t\t\t\t\t\t<img class=\"c-posts__thumbnail\" data-src=\"https:\/\/globalnews.ca\/wp-content\/uploads\/2025\/01\/blake-lively-justin-baldoni-response.jpg?quality=85&amp;strip=all&amp;w=336&amp;h=224&amp;crop=1\" loading=\"lazy\" width=\"336\" height=\"224\" alt=\"\"\/>\n\t\t\t\t\t\t\t\t\t\t\t\t\t<\/div>\n<div class=\"c-posts__details\">\n<p>\n\t\t\t\t<span class=\"c-posts__headlineText\" title=\"Blake Lively responds after Justin Baldoni releases \u2018It Ends With Us\u2019 footage\" data-title=\"\">Blake&#8217;as Lively&#8217;as atsako po to, kai Justinas Baldoni i\u0161leido filmuot\u0105 med\u017eiag\u0105 \u201eIt Ends With Us\u201c.<\/span>\n\t<\/p>\n<\/p><\/div>\n<\/li>\n<\/ul>\n<\/section>\n<p>Rudakubana gim\u0117 Kardife, Velse, krik\u0161\u010dioni\u0173 t\u0117vams i\u0161 Ruandos, ir tyr\u0117jams nepavyko nustatyti jo motyvacijos. Policija jo \u012frenginiuose rado dokument\u0173 apie tokius dalykus kaip nacistin\u0117 Vokietija, Ruandos genocidas ir automobili\u0173 bombos.<\/p>\n<div class=\"c-ad c-ad--bigbox l-article__ad\">\n<p>Istorija t\u0119siasi po skelbimu<\/p>\n<\/p><\/div>\n<p>Kelet\u0105 met\u0173 iki i\u0161puolio apie j\u012f buvo prane\u0161ta kelioms vald\u017eios institucijoms d\u0117l jo smurtini\u0173 interes\u0173 ir veiksm\u0173. Visoms agent\u016broms nepavyko pasteb\u0117ti jo keliamo pavojaus.<\/p>\n<p>2019 m. jis paskambino vaik\u0173 patarim\u0173 telefonu ir paklaus\u0117: \u201eK\u0105 daryti, jei noriu k\u0105 nors nu\u017eudyti? Jis sak\u0117, kad \u012f mokykl\u0105 atsine\u0161\u0117 peil\u012f, nes nor\u0117jo nu\u017eudyti \u017emog\u0173, kuris j\u012f ty\u010diojasi. Po dviej\u0173 m\u0117nesi\u0173 jis ledo ritulio lazda u\u017epuol\u0117 bendramoksl\u012f ir buvo nuteistas u\u017e u\u017epuolim\u0105.<\/p>\n<h2><span class=\"ez-toc-section\" id=\"Terorizmo_apibrezimas\"><\/span>Terorizmo apibr\u0117\u017eimas<span class=\"ez-toc-section-end\"><\/span><\/h2>\n<p>Prokurorai sak\u0117, kad Rudakubana tris kartus buvo nukreipta \u012f vyriausyb\u0117s kovos su ekstremizmu program\u0105 \u201ePrevent\u201c, kai jam buvo 13 ir 14 met\u0173 \u2013 vien\u0105 kart\u0105 po to, kai klas\u0117je tyrin\u0117jo \u0161audynes mokykloje, v\u0117liau u\u017e tai, kad \u012f \u201eInstagram\u201c \u012fk\u0117l\u0117 Libijos lyderio Muamaro Kadhafi nuotraukas ir tyrin\u0117jo Londono teroro i\u0161puol\u012f. .<\/p>\n<p>Ta\u010diau jie padar\u0117 i\u0161vad\u0105, kad jo nusikaltimai netur\u0117t\u0173 b\u016bti laikomi terorizmu, nes Rudakubana netur\u0117jo jokios pastebimos politin\u0117s ar religin\u0117s prie\u017easties. Heeras sak\u0117, kad \u201ejo tikslas buvo \u012fvykdyti masines \u017eudynes ne tam tikram tikslui, o kaip tikslui savaime\u201c.<\/p>\n<div class=\"l-article__part\" data-shortcode=\"tp_video\">\n<div class=\"c-video c-videoPlay \" data-iframe-receiver=\"\" data-autoplay=\"\" data-displayinline-featured=\"false\" data-displayinline-type=\"video\" data-displayinline-player-id=\"miniplayer_10670590_6792bfee819ce\" data-displayinline-video-id=\"10670590\" data-displayinline-ratio=\"16:9\" data-displayinline=\"https:\/\/globalnews.ca\/video\/embed\/10670590\/#autoplay&amp;stickyiframe=miniplayer_10670590_6792bfee819ce\" data-displayinline-sticky=\"true\">\n<div class=\"c-video__inner\">\n\t\t\t\t\t<span class=\"c-video__placeholder\"><br \/>\n\t\t\t\t\t\t<img class=\"c-video__image\" alt=\"Spustel\u0117kite, jei norite paleisti vaizdo \u012fra\u0161\u0105: \u201eSubsid\u016brimai JK: d\u0117l smurtini\u0173 protest\u0173 Sautporto gyventojai jau\u010diasi nesaug\u016bs\u201c\" width=\"640\" height=\"360\" data-src=\"https:\/\/i0.wp.com\/media.globalnews.ca\/videostatic\/news\/34dwpnalg9-f1cc4tm1yi\/WE_SOUTHPORT_VMS_2.jpg?w=1040&amp;quality=70&amp;strip=all\" loading=\"lazy\" srcset=\"\" sizes=\"auto, \" data-srcset=\"https:\/\/i0.wp.com\/media.globalnews.ca\/videostatic\/news\/34dwpnalg9-f1cc4tm1yi\/WE_SOUTHPORT_VMS_2.jpg?w=450#038;quality=70&amp;strip=all 450w,https:\/\/i0.wp.com\/media.globalnews.ca\/videostatic\/news\/34dwpnalg9-f1cc4tm1yi\/WE_SOUTHPORT_VMS_2.jpg?w=720#038;quality=70&amp;strip=all 720w,https:\/\/i0.wp.com\/media.globalnews.ca\/videostatic\/news\/34dwpnalg9-f1cc4tm1yi\/WE_SOUTHPORT_VMS_2.jpg?w=1040#038;quality=70&amp;strip=all 1040w,\" data-sizes=\"(min-width: 1040px) 1040px,(min-width: 720px) 720px,450px\"\/><br \/>\n\t\t\t\t\t\t\t\t\t\t\t\t<span class=\"c-video__overlay\"><\/p>\n<p>\n\t\t\t\t\t\t\t\t\t\t\t\t\t\t\t\t\t<time class=\"c-video__duration\">1:43<\/time><br \/>\n\t\t\t\t\t\t\t\t\t\t\t\t\t\t\t\t\t\t\t\t\t\t\t\t\t<span class=\"c-video__title\">D\u016brimai JK: d\u0117l smurtini\u0173 protest\u0173 Sautporto gyventojai jau\u010diasi \u201enesaug\u016bs\u201c<\/span>\n\t\t\t\t\t\t\t\t\t\t\t\t\t\t\t<\/p>\n<p>\t\t\t\t\t\t<\/span><br \/>\n\t\t\t\t\t\t\t\t\t\t\t<\/span>\n\t\t\t\t<\/div>\n<\/p><\/div>\n<\/p><\/div>\n<p>Ministras pirmininkas Keiras Starmeris \u0161i\u0105 savait\u0119 parei\u0161k\u0117, kad \u0161alis turi susidurti su \u201enauja gr\u0117sme\u201c, kuri\u0105 kelia smurtaujantys asmenys, kuri\u0173 motyv\u0173 derinys i\u0161bando tradicin\u012f terorizmo apibr\u0117\u017eim\u0105.<\/p>\n<div class=\"c-ad c-ad--bigbox l-article__ad\">\n<p>Istorija t\u0119siasi po skelbimu<\/p>\n<\/p><\/div>\n<p>\u201ePo vienos skaud\u017eiausi\u0173 akimirk\u0173 m\u016bs\u0173 \u0161alies istorijoje esame skolingi \u0161ioms nekaltoms jaunoms merginoms ir visiems nukent\u0117jusiems, kad pasiekt\u0173 poky\u010dius, kuri\u0173 jos nusipeln\u0117\u201c, \u2013 po nuosprend\u017eio sak\u0117 Starmeris.<\/p>\n<h3><span class=\"ez-toc-section\" id=\"Skausmingi_nukentejusiuju_parodymai\"><\/span>Skausmingi nukent\u0117jusi\u0173j\u0173 parodymai<span class=\"ez-toc-section-end\"><\/span><\/h3>\n<p>Keli giminai\u010diai ir i\u0161gyvenusieji teisme perskait\u0117 emocingus parei\u0161kimus, kuriuose apra\u0161oma, kaip i\u0161puolis sugriov\u0117 j\u0173 gyvenimus.<\/p>\n<p>36 met\u0173 Lucasas, ved\u0119s \u0161oki\u0173 pamok\u0105, sak\u0117, kad \u201etrauma d\u0117l to, kad buvo ir auka, ir liudytojas, buvo siaubinga\u201c.<\/p>\n<p>\u201eNegaliu sav\u0119s u\u017ejausti ar priimti pagyrim\u0173, nes kaip galiu gyventi \u017einodamas, kad i\u0161gyvenau, kai mir\u0117 vaikai? \u2013 pasak\u0117 ji.<\/p>\n<p>I\u0161gyvenusi 14-met\u0117, kurios pavard\u0117 negali b\u016bti \u012fvardijama d\u0117l teismo sprendimo, tai sak\u0117 fizi\u0161kai sveikstant. \u201eMes visi tur\u0117sime am\u017einai gyventi su dvasiniu skausmu nuo tos dienos\u201c.<\/p>\n<p>\u201eTikiuosi, kad likus\u012f gyvenim\u0105 praleisite \u017einodami, kad manome, kad esate bailys\u201c, \u2013 sak\u0117 ji.<\/p>\n<p>Prokuroras perskait\u0117 Alice Da Silva Aguiar t\u0117v\u0173 parei\u0161kim\u0105, kuriame teigiama, kad j\u0173 dukters nu\u017eudymas \u201esugriov\u0117 m\u016bs\u0173 sielas\u201c.<\/p>\n<p>\u201eAnks\u010diau gamindavome trise. Dabar gaminame tik dviese. Tai neatrodo teisinga\u201c, \u2013 sak\u0117 jie. \u201eAlisa buvo m\u016bs\u0173 gyvenimo tikslas, tai k\u0105 dabar daryti?<\/p>\n<\/p><\/div>\n<p><script defer src=\"https:\/\/connect.facebook.net\/en_US\/sdk.js#xfbml=1&#038;appId=318812448281278&#038;version=v3.3\"><\/script><br \/>\n<br \/><br \/>\n<br \/><a href=\"https:\/\/globalnews.ca\/news\/10974338\/southport-stabbings-taylor-swift-dance-class-england\/\">Source link <\/a><\/p>\n","protected":false},"excerpt":{"rendered":"<p>Paauglys, mirtinai subad\u0119s tris jaunas merginas Taylor Swift \u0161oki\u0173 pamokose Anglijoje, ketvirtadien\u012f buvo nuteistas kal\u0117ti&#8230;<\/p>\n","protected":false},"author":1,"featured_media":4025,"comment_status":"","ping_status":"","sticky":false,"template":"","format":"standard","meta":{"_monsterinsights_skip_tracking":false,"_monsterinsights_sitenote_active":false,"_monsterinsights_sitenote_note":"","_monsterinsights_sitenote_category":0,"footnotes":""},"categories":[7],"tags":[266,3087,48,99,267,1694,2596,3086,3091,3090,3089,3088],"class_list":["post-4024","post","type-post","status-publish","format-standard","has-post-thumbnail","hentry","category-pasaulio-naujienos","tag-daugiau","tag-merginas","tag-metu","tag-nacionalinis","tag-nei","tag-nuteistas","tag-nuzudes","tag-paauglys","tag-pamokoje","tag-sokiu","tag-swift","tag-taylor"],"aioseo_notices":[],"_links":{"self":[{"href":"https:\/\/naujienulaikas.lt\/index.php\/wp-json\/wp\/v2\/posts\/4024","targetHints":{"allow":["GET"]}}],"collection":[{"href":"https:\/\/naujienulaikas.lt\/index.php\/wp-json\/wp\/v2\/posts"}],"about":[{"href":"https:\/\/naujienulaikas.lt\/index.php\/wp-json\/wp\/v2\/types\/post"}],"author":[{"embeddable":true,"href":"https:\/\/naujienulaikas.lt\/index.php\/wp-json\/wp\/v2\/users\/1"}],"replies":[{"embeddable":true,"href":"https:\/\/naujienulaikas.lt\/index.php\/wp-json\/wp\/v2\/comments?post=4024"}],"version-history":[{"count":0,"href":"https:\/\/naujienulaikas.lt\/index.php\/wp-json\/wp\/v2\/posts\/4024\/revisions"}],"wp:featuredmedia":[{"embeddable":true,"href":"https:\/\/naujienulaikas.lt\/index.php\/wp-json\/wp\/v2\/media\/4025"}],"wp:attachment":[{"href":"https:\/\/naujienulaikas.lt\/index.php\/wp-json\/wp\/v2\/media?parent=4024"}],"wp:term":[{"taxonomy":"category","embeddable":true,"href":"https:\/\/naujienulaikas.lt\/index.php\/wp-json\/wp\/v2\/categories?post=4024"},{"taxonomy":"post_tag","embeddable":true,"href":"https:\/\/naujienulaikas.lt\/index.php\/wp-json\/wp\/v2\/tags?post=4024"}],"curies":[{"name":"wp","href":"https:\/\/api.w.org\/{rel}","templated":true}]}}