{"id":4032,"date":"2025-01-24T22:47:59","date_gmt":"2025-01-24T22:47:59","guid":{"rendered":"https:\/\/naujienulaikas.lt\/index.php\/2025\/01\/24\/jav-pasitrauks-is-pasaulio-sveikatos-organizacijos-2026-m-sausio-22-d-nacionaline\/"},"modified":"2025-01-24T22:47:59","modified_gmt":"2025-01-24T22:47:59","slug":"jav-pasitrauks-is-pasaulio-sveikatos-organizacijos-2026-m-sausio-22-d-nacionaline","status":"publish","type":"post","link":"https:\/\/naujienulaikas.lt\/index.php\/2025\/01\/24\/jav-pasitrauks-is-pasaulio-sveikatos-organizacijos-2026-m-sausio-22-d-nacionaline\/","title":{"rendered":"JAV pasitrauks i\u0161 Pasaulio sveikatos organizacijos 2026 m. sausio 22 d. \u2013 Nacionalin\u0117"},"content":{"rendered":"<p> <br \/>\n<\/p>\n<div id=\"article-byline\">\n<div class=\"c-byline__text\">\n<p>\n\t\t\t\t<span>Michelle Nichols<\/span><br \/>\n\t\t\t\t<span class=\"c-byline__source c-byline__source--noName\"><\/p>\n<p>\t\t\t\t\t\t\t\t\t\tReuters<br \/>\n\t\t\t\t<\/span>\n\t\t\t<\/p>\n<div class=\"c-byline__datesWrapper\">\n<div class=\"c-byline__dates\">\n<p>\n\t\t\t\t\t<span>Paskelbta 2025 m. sausio 24 d., 8:56 val<\/span>\n\t\t\t\t\t\t\t\t\t<\/p>\n<p>\n\t\t\t\t<strong>Skaityti 2 min<\/strong>\n\t\t\t<\/p>\n<\/p><\/div>\n<\/p><\/div>\n<\/p><\/div>\n<\/div>\n<div>\n<div class=\"l-article__details\" data-article-socialshare=\"true\">\n<div id=\"article-fontSizer\" class=\"c-fontSizer\">\n<p>\n\t\t<button class=\"c-fontSizer__button c-fontSizer__button--decrease c-button c-button--details c-button--mini\" data-trackable=\"true\" data-trackaction=\"Font Sizer Decrease Font\" data-tooltip-title=\"Decrease text size\"><br \/>\n\t\t\t<span class=\"sr-only\">Suma\u017einti straipsnio \u0161rifto dyd\u012f<\/span><br \/>\n\t\t\t\t<svg class=\"c-icon  c-fontSizer__icon\" focusable=\"false\">\n\t\t<use xlink:href=\"https:\/\/globalnews.ca\/wp-content\/themes\/shaw-globalnews\/assets\/dist\/icons\/out\/symbol\/svg\/sprite.symbol.svg?v=cv3j60zbx#font-decrease\"\/>\n\t<\/svg><br \/>\n\t\t\t<\/button>\n\t<\/p>\n<p>\n\t\t<button class=\"c-fontSizer__button c-fontSizer__button--increase c-button c-button--details c-button--mini\" data-trackable=\"true\" data-trackaction=\"Font Sizer Increase Font\" data-tooltip-title=\"Increase text size\"><br \/>\n\t\t\t<span class=\"sr-only\">Padidinti straipsnio \u0161rifto dyd\u012f<\/span><br \/>\n\t\t\t\t<svg class=\"c-icon  c-fontSizer__icon\" focusable=\"false\">\n\t\t<use xlink:href=\"https:\/\/globalnews.ca\/wp-content\/themes\/shaw-globalnews\/assets\/dist\/icons\/out\/symbol\/svg\/sprite.symbol.svg?v=cv3j60zbx#font-increase\"\/>\n\t<\/svg><br \/>\n\t\t\t<\/button>\n\t<\/p>\n<\/div>\n<\/div>\n<article class=\"l-article__text js-story-text\" aria-label=\"Article text\">\n<p>Jungtin\u0117s Valstijos paliks Pasaulio sveikatos organizacij\u0105 2026 m. sausio 22 d., ketvirtadien\u012f prane\u0161\u0117 Jungtin\u0117s Tautos, oficialiai prane\u0161usios JAV prezidento Donaldo Trumpo, kuris apkaltino agent\u016br\u0105 netinkamu pandemijos ir kit\u0173 tarptautini\u0173 sveikatos krizi\u0173 valdymu, sprendim\u0105. .<\/p>\n<p><\/p>\n<p>Trumpas apie tok\u012f \u017eingsn\u012f paskelb\u0117 pirmadien\u012f, pra\u0117jus kelioms valandoms po to, kai buvo prisaikdintas antrai ketveri\u0173 met\u0173 kadencijai. PSO antradien\u012f parei\u0161k\u0117 apgailestaujanti d\u0117l did\u017eiausios \u0161alies donor\u0117s \u017eingsnio.<\/p>\n<p>Trumpas turi \u012fsp\u0117ti prie\u0161 vienerius metus apie JAV pasitraukim\u0105 i\u0161 \u017denevoje \u012fsik\u016brusios institucijos ir sumok\u0117ti Va\u0161ingtono mokes\u010dius pagal 1948 met\u0173 bendr\u0105 JAV Kongreso rezoliucij\u0105.<\/p>\n<div class=\"c-inlineSignup\" data-newsletter-inline=\"\">\n<div class=\"c-inlineSignup__image\">\n\t\t\t\t\t<img decoding=\"async\" width=\"170\" height=\"225\" loading=\"lazy\" src=\"https:\/\/globalnews.ca\/wp-content\/themes\/shaw-globalnews\/images\/skyline\/healthiq.jpg\" alt=\"Kiekvien\u0105 sekmadien\u012f gaukite paskutines medicinos naujienas ir informacij\u0105 apie sveikat\u0105.\"\/>\n\t\t\t\t<\/div>\n<div class=\"c-inlineSignup__content\">\n<h3>Gaukite savait\u0117s sveikatos naujienas<\/h3>\n<p>Kiekvien\u0105 sekmadien\u012f gaukite paskutines medicinos naujienas ir informacij\u0105 apie sveikat\u0105.<\/p>\n<\/p><\/div>\n<\/p><\/div>\n<p>Jungtin\u0117s Valstijos yra did\u017eiausias PSO finansinis r\u0117m\u0117jas, skiriantis apie 18 procent\u0173 viso finansavimo. Paskutinis PSO dvej\u0173 met\u0173 biud\u017eetas 2024\u20132025 metams buvo 6,8 mlrd. Kol kas nebuvo ai\u0161ku, kiek JAV skolinga.<\/p>\n<p>\u201eGaliu patvirtinti, kad dabar gavome JAV lai\u0161k\u0105 d\u0117l PSO pasitraukimo. Jis datuojamas 2025 m. sausio 22 d. Jis \u012fsigaliot\u0173 pra\u0117jus metams nuo vakar, 2026 m. sausio 22 d.\u201c, \u2013 sak\u0117 JT atstovo pavaduotojas Farhanas Haqas.<\/p>\n<div class=\"c-ad c-ad--bigbox l-article__ad\">\n<p>Istorija t\u0119siasi po skelbimu<\/p>\n<\/p><\/div>\n<p>Pasak keli\u0173 ekspert\u0173 i\u0161 PSO ir u\u017e jos rib\u0173, JAV pasitraukimas grei\u010diausiai kels pavoj\u0173 programoms visoje organizacijoje, ypa\u010d kovojan\u010dioms su tuberkulioze, did\u017eiausia pasaulyje infekcini\u0173 lig\u0173 \u017eudika, taip pat su \u017dIV\/AIDS ir kitomis sveikatos problemomis.<\/p>\n<section id=\"content-dynamic-trending-stories\" class=\"l-inlineStories l-inlineStories--tile u-hide-tablet-landscape\" aria-label=\"Dynamic trending stories section\">\n<p>\n\t\t<span class=\"l-inlineStories__title c-heading c-heading--strikethrough\">Dabar populiaru<\/span>\n\t<\/p>\n<ul class=\"l-inlineStories__posts c-posts c-posts--inline \">\n<li class=\"c-posts__item\">\n<div class=\"c-posts__media \">\n\t\t\t\t\t\t<img class=\"c-posts__thumbnail\" data-src=\"https:\/\/globalnews.ca\/wp-content\/uploads\/2025\/01\/IMG_2580.jpg?quality=85&amp;strip=all&amp;w=336&amp;h=224&amp;crop=1\" loading=\"lazy\" width=\"336\" height=\"224\" alt=\"\"\/>\n\t\t\t\t\t\t\t\t\t\t\t\t\t<\/div>\n<div class=\"c-posts__details\">\n<p>\n\t\t\t\t<span class=\"c-posts__headlineText\" title=\"\u2018What the heck is going on?\u2019 Why this B.C. community put up border fence with U.S.\" data-title=\"\">&#8222;Kas, po velni\u0173, vyksta?&#8221; Kod\u0117l \u0161i BC bendruomen\u0117 pastat\u0117 pasienio tvor\u0105 su JAV?<\/span>\n\t<\/p>\n<\/p><\/div>\n<\/li>\n<li class=\"c-posts__item\">\n<div class=\"c-posts__media \">\n\t\t\t\t\t\t<img class=\"c-posts__thumbnail\" data-src=\"https:\/\/globalnews.ca\/wp-content\/uploads\/2025\/01\/20250123150148-20250123120132-67927dd616571cf5d968da11jpeg.jpg?quality=85&amp;strip=all&amp;w=336&amp;h=224&amp;crop=1\" loading=\"lazy\" width=\"336\" height=\"224\" alt=\"\"\/>\n\t\t\t\t\t\t\t\t\t\t\t\t\t<\/div>\n<div class=\"c-posts__details\">\n<p>\n\t\t\t\t<span class=\"c-posts__headlineText\" title=\"\u2018Canada is not for sale\u2019 hat offers tough lesson in domestic manufacturing\" data-title=\"\">\u201eKanada neparduodamas\u201c \u2013 tai sunki pamoka vietin\u0117je gamyboje<\/span>\n\t<\/p>\n<\/p><\/div>\n<\/li>\n<\/ul>\n<\/section>\n<p>Trumpo pasira\u0161ytame \u012fsakyme d\u0117l pasitraukimo sakoma, kad administracija nutrauks derybas d\u0117l PSO pandemijos sutarties, kol bus vykdomas pasitraukimas. Pagal \u012fsakym\u0105 JAV vyriausyb\u0117s darbuotojai, dirbantys su PSO, bus at\u0161aukti ir perskirstyti, o vyriausyb\u0117 ie\u0161kos partneri\u0173, kurie perimt\u0173 b\u016btin\u0105 PSO veikl\u0105.<\/p>\n<p>Trumpo pasitraukimas i\u0161 PSO nebuvo netik\u0117tas. Jis \u0117m\u0117si veiksm\u0173, kad pasitraukt\u0173 i\u0161 \u0161io organo 2020 m. per pirm\u0105j\u0105 savo kadencij\u0105 prezidentu. Nesp\u0117jus u\u017ebaigti JAV pasitraukimo paskutin\u012f kart\u0105, Joe Bidenas laim\u0117jo prezidento rinkimus ir sustabd\u0117 juos pirm\u0105j\u0105 savo darbo dien\u0105 2021 m. sausio 20 d.<\/p>\n<div class=\"c-tabs\">\n<p>\n\t\t\t<button role=\"tab\" class=\"c-tabs__tab c-tabs__tab--active\" type=\"button\">Daugiau apie Pasaul\u012f<\/button><br \/>\n\t\t\t<button role=\"tab\" class=\"c-tabs__tab\" type=\"button\">Daugiau vaizdo \u012fra\u0161\u0173<\/button>\n\t\t<\/p>\n<\/p><\/div>\n<\/article><\/div>\n<p><script defer src=\"https:\/\/connect.facebook.net\/en_US\/sdk.js#xfbml=1&#038;appId=318812448281278&#038;version=v3.3\"><\/script><br \/>\n<br \/><br \/>\n<br \/><a href=\"https:\/\/globalnews.ca\/news\/10975684\/us-leave-world-health-organization-january-2026\/\">Source link <\/a><\/p>\n","protected":false},"excerpt":{"rendered":"<p>Michelle Nichols Reuters Paskelbta 2025 m. sausio 24 d., 8:56 val Skaityti 2 min Suma\u017einti&#8230;<\/p>\n","protected":false},"author":1,"featured_media":4033,"comment_status":"","ping_status":"","sticky":false,"template":"","format":"standard","meta":{"_monsterinsights_skip_tracking":false,"footnotes":""},"categories":[7],"tags":[625,45,30,147,516,3106,2571,1823],"class_list":["post-4032","post","type-post","status-publish","format-standard","has-post-thumbnail","hentry","category-pasaulio-naujienos","tag-is","tag-jav","tag-nacionaline","tag-organizacijos","tag-pasaulio","tag-pasitrauks","tag-sausio","tag-sveikatos"],"aioseo_notices":[],"aioseo_head":"\n\t\t<!-- All in One SEO 5.0.1.1 - aioseo.com -->\n\t<meta name=\"description\" content=\"Michelle Nichols Reuters Paskelbta 2025 m. sausio 24 d., 8:56 val Skaityti 2 min Suma\u017einti straipsnio \u0161rifto dyd\u012f Padidinti straipsnio \u0161rifto dyd\u012f Jungtin\u0117s Valstijos paliks Pasaulio sveikatos organizacij\u0105 2026 m. sausio 22 d., ketvirtadien\u012f prane\u0161\u0117 Jungtin\u0117s Tautos, oficialiai prane\u0161usios JAV prezidento Donaldo Trumpo, kuris apkaltino agent\u016br\u0105 netinkamu pandemijos ir kit\u0173 tarptautini\u0173 sveikatos krizi\u0173 valdymu, sprendim\u0105.\" \/>\n\t<meta name=\"robots\" content=\"max-image-preview:large\" \/>\n\t<meta name=\"author\" content=\"admin\"\/>\n\t<link rel=\"canonical\" href=\"https:\/\/naujienulaikas.lt\/index.php\/2025\/01\/24\/jav-pasitrauks-is-pasaulio-sveikatos-organizacijos-2026-m-sausio-22-d-nacionaline\/\" \/>\n\t<meta name=\"generator\" content=\"All in One SEO (AIOSEO) 5.0.1.1\" \/>\n\t\t<meta property=\"og:locale\" content=\"lt_LT\" \/>\n\t\t<meta property=\"og:site_name\" content=\"Naujien\u0173 Laikas.LT - Naujienos, technologijos,finansai\" \/>\n\t\t<meta property=\"og:type\" content=\"article\" \/>\n\t\t<meta property=\"og:title\" content=\"JAV pasitrauks i\u0161 Pasaulio sveikatos organizacijos 2026 m. sausio 22 d. \u2013 Nacionalin\u0117 - Naujien\u0173 Laikas.LT\" \/>\n\t\t<meta property=\"og:description\" content=\"Michelle Nichols Reuters Paskelbta 2025 m. sausio 24 d., 8:56 val Skaityti 2 min Suma\u017einti straipsnio \u0161rifto dyd\u012f Padidinti straipsnio \u0161rifto dyd\u012f Jungtin\u0117s Valstijos paliks Pasaulio sveikatos organizacij\u0105 2026 m. sausio 22 d., ketvirtadien\u012f prane\u0161\u0117 Jungtin\u0117s Tautos, oficialiai prane\u0161usios JAV prezidento Donaldo Trumpo, kuris apkaltino agent\u016br\u0105 netinkamu pandemijos ir kit\u0173 tarptautini\u0173 sveikatos krizi\u0173 valdymu, sprendim\u0105.\" \/>\n\t\t<meta property=\"og:url\" content=\"https:\/\/naujienulaikas.lt\/index.php\/2025\/01\/24\/jav-pasitrauks-is-pasaulio-sveikatos-organizacijos-2026-m-sausio-22-d-nacionaline\/\" \/>\n\t\t<meta property=\"article:published_time\" content=\"2025-01-24T22:47:59+00:00\" \/>\n\t\t<meta property=\"article:modified_time\" content=\"2025-01-24T22:47:59+00:00\" \/>\n\t\t<meta name=\"twitter:card\" content=\"summary_large_image\" \/>\n\t\t<meta name=\"twitter:title\" content=\"JAV pasitrauks i\u0161 Pasaulio sveikatos organizacijos 2026 m. sausio 22 d. \u2013 Nacionalin\u0117 - Naujien\u0173 Laikas.LT\" \/>\n\t\t<meta name=\"twitter:description\" content=\"Michelle Nichols Reuters Paskelbta 2025 m. sausio 24 d., 8:56 val Skaityti 2 min Suma\u017einti straipsnio \u0161rifto dyd\u012f Padidinti straipsnio \u0161rifto dyd\u012f Jungtin\u0117s Valstijos paliks Pasaulio sveikatos organizacij\u0105 2026 m. sausio 22 d., ketvirtadien\u012f prane\u0161\u0117 Jungtin\u0117s Tautos, oficialiai prane\u0161usios JAV prezidento Donaldo Trumpo, kuris apkaltino agent\u016br\u0105 netinkamu pandemijos ir kit\u0173 tarptautini\u0173 sveikatos krizi\u0173 valdymu, sprendim\u0105.\" \/>\n\t\t<script type=\"application\/ld+json\" class=\"aioseo-schema\">\n\t\t\t{\"@context\":\"https:\\\/\\\/schema.org\",\"@graph\":[{\"@type\":\"BlogPosting\",\"@id\":\"https:\\\/\\\/naujienulaikas.lt\\\/index.php\\\/2025\\\/01\\\/24\\\/jav-pasitrauks-is-pasaulio-sveikatos-organizacijos-2026-m-sausio-22-d-nacionaline\\\/#blogposting\",\"name\":\"JAV pasitrauks i\\u0161 Pasaulio sveikatos organizacijos 2026 m. sausio 22 d. \\u2013 Nacionalin\\u0117 - Naujien\\u0173 Laikas.LT\",\"headline\":\"JAV pasitrauks i\\u0161 Pasaulio sveikatos organizacijos 2026 m. sausio 22 d. \\u2013 Nacionalin\\u0117\",\"author\":{\"@id\":\"https:\\\/\\\/naujienulaikas.lt\\\/index.php\\\/author\\\/admin\\\/#author\"},\"publisher\":{\"@id\":\"https:\\\/\\\/naujienulaikas.lt\\\/#organization\"},\"image\":{\"@type\":\"ImageObject\",\"url\":\"https:\\\/\\\/naujienulaikas.lt\\\/wp-content\\\/uploads\\\/2025\\\/01\\\/JAV-pasitrauks-is-Pasaulio-sveikatos-organizacijos-2026-m-sausio-22.jpg\",\"width\":720,\"height\":379},\"datePublished\":\"2025-01-24T22:47:59+00:00\",\"dateModified\":\"2025-01-24T22:47:59+00:00\",\"inLanguage\":\"lt-LT\",\"mainEntityOfPage\":{\"@id\":\"https:\\\/\\\/naujienulaikas.lt\\\/index.php\\\/2025\\\/01\\\/24\\\/jav-pasitrauks-is-pasaulio-sveikatos-organizacijos-2026-m-sausio-22-d-nacionaline\\\/#webpage\"},\"isPartOf\":{\"@id\":\"https:\\\/\\\/naujienulaikas.lt\\\/index.php\\\/2025\\\/01\\\/24\\\/jav-pasitrauks-is-pasaulio-sveikatos-organizacijos-2026-m-sausio-22-d-nacionaline\\\/#webpage\"},\"articleSection\":\"PASAULIO NAUJIENOS, I\\u0161, JAV, Nacionalin\\u0119, organizacijos, pasaulio, pasitrauks, sausio, sveikatos\"},{\"@type\":\"BreadcrumbList\",\"@id\":\"https:\\\/\\\/naujienulaikas.lt\\\/index.php\\\/2025\\\/01\\\/24\\\/jav-pasitrauks-is-pasaulio-sveikatos-organizacijos-2026-m-sausio-22-d-nacionaline\\\/#breadcrumblist\",\"itemListElement\":[{\"@type\":\"ListItem\",\"@id\":\"https:\\\/\\\/naujienulaikas.lt#listItem\",\"position\":1,\"name\":\"Home\",\"item\":\"https:\\\/\\\/naujienulaikas.lt\",\"nextItem\":{\"@type\":\"ListItem\",\"@id\":\"https:\\\/\\\/naujienulaikas.lt\\\/index.php\\\/category\\\/pasaulio-naujienos\\\/#listItem\",\"name\":\"PASAULIO NAUJIENOS\"}},{\"@type\":\"ListItem\",\"@id\":\"https:\\\/\\\/naujienulaikas.lt\\\/index.php\\\/category\\\/pasaulio-naujienos\\\/#listItem\",\"position\":2,\"name\":\"PASAULIO NAUJIENOS\",\"item\":\"https:\\\/\\\/naujienulaikas.lt\\\/index.php\\\/category\\\/pasaulio-naujienos\\\/\",\"nextItem\":{\"@type\":\"ListItem\",\"@id\":\"https:\\\/\\\/naujienulaikas.lt\\\/index.php\\\/2025\\\/01\\\/24\\\/jav-pasitrauks-is-pasaulio-sveikatos-organizacijos-2026-m-sausio-22-d-nacionaline\\\/#listItem\",\"name\":\"JAV pasitrauks i\\u0161 Pasaulio sveikatos organizacijos 2026 m. sausio 22 d. \\u2013 Nacionalin\\u0117\"},\"previousItem\":{\"@type\":\"ListItem\",\"@id\":\"https:\\\/\\\/naujienulaikas.lt#listItem\",\"name\":\"Home\"}},{\"@type\":\"ListItem\",\"@id\":\"https:\\\/\\\/naujienulaikas.lt\\\/index.php\\\/2025\\\/01\\\/24\\\/jav-pasitrauks-is-pasaulio-sveikatos-organizacijos-2026-m-sausio-22-d-nacionaline\\\/#listItem\",\"position\":3,\"name\":\"JAV pasitrauks i\\u0161 Pasaulio sveikatos organizacijos 2026 m. sausio 22 d. \\u2013 Nacionalin\\u0117\",\"previousItem\":{\"@type\":\"ListItem\",\"@id\":\"https:\\\/\\\/naujienulaikas.lt\\\/index.php\\\/category\\\/pasaulio-naujienos\\\/#listItem\",\"name\":\"PASAULIO NAUJIENOS\"}}]},{\"@type\":\"Organization\",\"@id\":\"https:\\\/\\\/naujienulaikas.lt\\\/#organization\",\"name\":\"Naujien\\u0173 Laikas.LT\",\"description\":\"Naujienos, technologijos,finansai\",\"url\":\"https:\\\/\\\/naujienulaikas.lt\\\/\"},{\"@type\":\"Person\",\"@id\":\"https:\\\/\\\/naujienulaikas.lt\\\/index.php\\\/author\\\/admin\\\/#author\",\"url\":\"https:\\\/\\\/naujienulaikas.lt\\\/index.php\\\/author\\\/admin\\\/\",\"name\":\"admin\",\"image\":{\"@type\":\"ImageObject\",\"@id\":\"https:\\\/\\\/naujienulaikas.lt\\\/index.php\\\/2025\\\/01\\\/24\\\/jav-pasitrauks-is-pasaulio-sveikatos-organizacijos-2026-m-sausio-22-d-nacionaline\\\/#authorImage\",\"url\":\"https:\\\/\\\/secure.gravatar.com\\\/avatar\\\/f37349f777250847d2fca2ada474f5a6aadffa79d5284e8ad354a5c410a691ec?s=96&d=mm&r=g\",\"width\":96,\"height\":96,\"caption\":\"admin\"}},{\"@type\":\"WebPage\",\"@id\":\"https:\\\/\\\/naujienulaikas.lt\\\/index.php\\\/2025\\\/01\\\/24\\\/jav-pasitrauks-is-pasaulio-sveikatos-organizacijos-2026-m-sausio-22-d-nacionaline\\\/#webpage\",\"url\":\"https:\\\/\\\/naujienulaikas.lt\\\/index.php\\\/2025\\\/01\\\/24\\\/jav-pasitrauks-is-pasaulio-sveikatos-organizacijos-2026-m-sausio-22-d-nacionaline\\\/\",\"name\":\"JAV pasitrauks i\\u0161 Pasaulio sveikatos organizacijos 2026 m. sausio 22 d. \\u2013 Nacionalin\\u0117 - Naujien\\u0173 Laikas.LT\",\"description\":\"Michelle Nichols Reuters Paskelbta 2025 m. sausio 24 d., 8:56 val Skaityti 2 min Suma\\u017einti straipsnio \\u0161rifto dyd\\u012f Padidinti straipsnio \\u0161rifto dyd\\u012f Jungtin\\u0117s Valstijos paliks Pasaulio sveikatos organizacij\\u0105 2026 m. sausio 22 d., ketvirtadien\\u012f prane\\u0161\\u0117 Jungtin\\u0117s Tautos, oficialiai prane\\u0161usios JAV prezidento Donaldo Trumpo, kuris apkaltino agent\\u016br\\u0105 netinkamu pandemijos ir kit\\u0173 tarptautini\\u0173 sveikatos krizi\\u0173 valdymu, sprendim\\u0105.\",\"inLanguage\":\"lt-LT\",\"isPartOf\":{\"@id\":\"https:\\\/\\\/naujienulaikas.lt\\\/#website\"},\"breadcrumb\":{\"@id\":\"https:\\\/\\\/naujienulaikas.lt\\\/index.php\\\/2025\\\/01\\\/24\\\/jav-pasitrauks-is-pasaulio-sveikatos-organizacijos-2026-m-sausio-22-d-nacionaline\\\/#breadcrumblist\"},\"author\":{\"@id\":\"https:\\\/\\\/naujienulaikas.lt\\\/index.php\\\/author\\\/admin\\\/#author\"},\"creator\":{\"@id\":\"https:\\\/\\\/naujienulaikas.lt\\\/index.php\\\/author\\\/admin\\\/#author\"},\"image\":{\"@type\":\"ImageObject\",\"url\":\"https:\\\/\\\/naujienulaikas.lt\\\/wp-content\\\/uploads\\\/2025\\\/01\\\/JAV-pasitrauks-is-Pasaulio-sveikatos-organizacijos-2026-m-sausio-22.jpg\",\"@id\":\"https:\\\/\\\/naujienulaikas.lt\\\/index.php\\\/2025\\\/01\\\/24\\\/jav-pasitrauks-is-pasaulio-sveikatos-organizacijos-2026-m-sausio-22-d-nacionaline\\\/#mainImage\",\"width\":720,\"height\":379},\"primaryImageOfPage\":{\"@id\":\"https:\\\/\\\/naujienulaikas.lt\\\/index.php\\\/2025\\\/01\\\/24\\\/jav-pasitrauks-is-pasaulio-sveikatos-organizacijos-2026-m-sausio-22-d-nacionaline\\\/#mainImage\"},\"datePublished\":\"2025-01-24T22:47:59+00:00\",\"dateModified\":\"2025-01-24T22:47:59+00:00\"},{\"@type\":\"WebSite\",\"@id\":\"https:\\\/\\\/naujienulaikas.lt\\\/#website\",\"url\":\"https:\\\/\\\/naujienulaikas.lt\\\/\",\"name\":\"Naujien\\u0173 Laikas.LT\",\"description\":\"Naujienos, technologijos,finansai\",\"inLanguage\":\"lt-LT\",\"publisher\":{\"@id\":\"https:\\\/\\\/naujienulaikas.lt\\\/#organization\"}}]}\n\t\t<\/script>\n\t\t<!-- All in One SEO -->\n\n","aioseo_head_json":{"title":"JAV pasitrauks i\u0161 Pasaulio sveikatos organizacijos 2026 m. sausio 22 d. \u2013 Nacionalin\u0117 - Naujien\u0173 Laikas.LT","description":"Michelle Nichols Reuters Paskelbta 2025 m. sausio 24 d., 8:56 val Skaityti 2 min Suma\u017einti straipsnio \u0161rifto dyd\u012f Padidinti straipsnio \u0161rifto dyd\u012f Jungtin\u0117s Valstijos paliks Pasaulio sveikatos organizacij\u0105 2026 m. sausio 22 d., ketvirtadien\u012f prane\u0161\u0117 Jungtin\u0117s Tautos, oficialiai prane\u0161usios JAV prezidento Donaldo Trumpo, kuris apkaltino agent\u016br\u0105 netinkamu pandemijos ir kit\u0173 tarptautini\u0173 sveikatos krizi\u0173 valdymu, sprendim\u0105.","canonical_url":"https:\/\/naujienulaikas.lt\/index.php\/2025\/01\/24\/jav-pasitrauks-is-pasaulio-sveikatos-organizacijos-2026-m-sausio-22-d-nacionaline\/","robots":"max-image-preview:large","keywords":"","webmasterTools":{"miscellaneous":""},"schema":{"@context":"https:\/\/schema.org","@graph":[{"@type":"BlogPosting","@id":"https:\/\/naujienulaikas.lt\/index.php\/2025\/01\/24\/jav-pasitrauks-is-pasaulio-sveikatos-organizacijos-2026-m-sausio-22-d-nacionaline\/#blogposting","name":"JAV pasitrauks i\u0161 Pasaulio sveikatos organizacijos 2026 m. sausio 22 d. \u2013 Nacionalin\u0117 - Naujien\u0173 Laikas.LT","headline":"JAV pasitrauks i\u0161 Pasaulio sveikatos organizacijos 2026 m. sausio 22 d. \u2013 Nacionalin\u0117","author":{"@id":"https:\/\/naujienulaikas.lt\/index.php\/author\/admin\/#author"},"publisher":{"@id":"https:\/\/naujienulaikas.lt\/#organization"},"image":{"@type":"ImageObject","url":"https:\/\/naujienulaikas.lt\/wp-content\/uploads\/2025\/01\/JAV-pasitrauks-is-Pasaulio-sveikatos-organizacijos-2026-m-sausio-22.jpg","width":720,"height":379},"datePublished":"2025-01-24T22:47:59+00:00","dateModified":"2025-01-24T22:47:59+00:00","inLanguage":"lt-LT","mainEntityOfPage":{"@id":"https:\/\/naujienulaikas.lt\/index.php\/2025\/01\/24\/jav-pasitrauks-is-pasaulio-sveikatos-organizacijos-2026-m-sausio-22-d-nacionaline\/#webpage"},"isPartOf":{"@id":"https:\/\/naujienulaikas.lt\/index.php\/2025\/01\/24\/jav-pasitrauks-is-pasaulio-sveikatos-organizacijos-2026-m-sausio-22-d-nacionaline\/#webpage"},"articleSection":"PASAULIO NAUJIENOS, I\u0161, JAV, Nacionalin\u0119, organizacijos, pasaulio, pasitrauks, sausio, sveikatos"},{"@type":"BreadcrumbList","@id":"https:\/\/naujienulaikas.lt\/index.php\/2025\/01\/24\/jav-pasitrauks-is-pasaulio-sveikatos-organizacijos-2026-m-sausio-22-d-nacionaline\/#breadcrumblist","itemListElement":[{"@type":"ListItem","@id":"https:\/\/naujienulaikas.lt#listItem","position":1,"name":"Home","item":"https:\/\/naujienulaikas.lt","nextItem":{"@type":"ListItem","@id":"https:\/\/naujienulaikas.lt\/index.php\/category\/pasaulio-naujienos\/#listItem","name":"PASAULIO NAUJIENOS"}},{"@type":"ListItem","@id":"https:\/\/naujienulaikas.lt\/index.php\/category\/pasaulio-naujienos\/#listItem","position":2,"name":"PASAULIO NAUJIENOS","item":"https:\/\/naujienulaikas.lt\/index.php\/category\/pasaulio-naujienos\/","nextItem":{"@type":"ListItem","@id":"https:\/\/naujienulaikas.lt\/index.php\/2025\/01\/24\/jav-pasitrauks-is-pasaulio-sveikatos-organizacijos-2026-m-sausio-22-d-nacionaline\/#listItem","name":"JAV pasitrauks i\u0161 Pasaulio sveikatos organizacijos 2026 m. sausio 22 d. \u2013 Nacionalin\u0117"},"previousItem":{"@type":"ListItem","@id":"https:\/\/naujienulaikas.lt#listItem","name":"Home"}},{"@type":"ListItem","@id":"https:\/\/naujienulaikas.lt\/index.php\/2025\/01\/24\/jav-pasitrauks-is-pasaulio-sveikatos-organizacijos-2026-m-sausio-22-d-nacionaline\/#listItem","position":3,"name":"JAV pasitrauks i\u0161 Pasaulio sveikatos organizacijos 2026 m. sausio 22 d. \u2013 Nacionalin\u0117","previousItem":{"@type":"ListItem","@id":"https:\/\/naujienulaikas.lt\/index.php\/category\/pasaulio-naujienos\/#listItem","name":"PASAULIO NAUJIENOS"}}]},{"@type":"Organization","@id":"https:\/\/naujienulaikas.lt\/#organization","name":"Naujien\u0173 Laikas.LT","description":"Naujienos, technologijos,finansai","url":"https:\/\/naujienulaikas.lt\/"},{"@type":"Person","@id":"https:\/\/naujienulaikas.lt\/index.php\/author\/admin\/#author","url":"https:\/\/naujienulaikas.lt\/index.php\/author\/admin\/","name":"admin","image":{"@type":"ImageObject","@id":"https:\/\/naujienulaikas.lt\/index.php\/2025\/01\/24\/jav-pasitrauks-is-pasaulio-sveikatos-organizacijos-2026-m-sausio-22-d-nacionaline\/#authorImage","url":"https:\/\/secure.gravatar.com\/avatar\/f37349f777250847d2fca2ada474f5a6aadffa79d5284e8ad354a5c410a691ec?s=96&d=mm&r=g","width":96,"height":96,"caption":"admin"}},{"@type":"WebPage","@id":"https:\/\/naujienulaikas.lt\/index.php\/2025\/01\/24\/jav-pasitrauks-is-pasaulio-sveikatos-organizacijos-2026-m-sausio-22-d-nacionaline\/#webpage","url":"https:\/\/naujienulaikas.lt\/index.php\/2025\/01\/24\/jav-pasitrauks-is-pasaulio-sveikatos-organizacijos-2026-m-sausio-22-d-nacionaline\/","name":"JAV pasitrauks i\u0161 Pasaulio sveikatos organizacijos 2026 m. sausio 22 d. \u2013 Nacionalin\u0117 - Naujien\u0173 Laikas.LT","description":"Michelle Nichols Reuters Paskelbta 2025 m. sausio 24 d., 8:56 val Skaityti 2 min Suma\u017einti straipsnio \u0161rifto dyd\u012f Padidinti straipsnio \u0161rifto dyd\u012f Jungtin\u0117s Valstijos paliks Pasaulio sveikatos organizacij\u0105 2026 m. sausio 22 d., ketvirtadien\u012f prane\u0161\u0117 Jungtin\u0117s Tautos, oficialiai prane\u0161usios JAV prezidento Donaldo Trumpo, kuris apkaltino agent\u016br\u0105 netinkamu pandemijos ir kit\u0173 tarptautini\u0173 sveikatos krizi\u0173 valdymu, sprendim\u0105.","inLanguage":"lt-LT","isPartOf":{"@id":"https:\/\/naujienulaikas.lt\/#website"},"breadcrumb":{"@id":"https:\/\/naujienulaikas.lt\/index.php\/2025\/01\/24\/jav-pasitrauks-is-pasaulio-sveikatos-organizacijos-2026-m-sausio-22-d-nacionaline\/#breadcrumblist"},"author":{"@id":"https:\/\/naujienulaikas.lt\/index.php\/author\/admin\/#author"},"creator":{"@id":"https:\/\/naujienulaikas.lt\/index.php\/author\/admin\/#author"},"image":{"@type":"ImageObject","url":"https:\/\/naujienulaikas.lt\/wp-content\/uploads\/2025\/01\/JAV-pasitrauks-is-Pasaulio-sveikatos-organizacijos-2026-m-sausio-22.jpg","@id":"https:\/\/naujienulaikas.lt\/index.php\/2025\/01\/24\/jav-pasitrauks-is-pasaulio-sveikatos-organizacijos-2026-m-sausio-22-d-nacionaline\/#mainImage","width":720,"height":379},"primaryImageOfPage":{"@id":"https:\/\/naujienulaikas.lt\/index.php\/2025\/01\/24\/jav-pasitrauks-is-pasaulio-sveikatos-organizacijos-2026-m-sausio-22-d-nacionaline\/#mainImage"},"datePublished":"2025-01-24T22:47:59+00:00","dateModified":"2025-01-24T22:47:59+00:00"},{"@type":"WebSite","@id":"https:\/\/naujienulaikas.lt\/#website","url":"https:\/\/naujienulaikas.lt\/","name":"Naujien\u0173 Laikas.LT","description":"Naujienos, technologijos,finansai","inLanguage":"lt-LT","publisher":{"@id":"https:\/\/naujienulaikas.lt\/#organization"}}]},"og:locale":"lt_LT","og:site_name":"Naujien\u0173 Laikas.LT - Naujienos, technologijos,finansai","og:type":"article","og:title":"JAV pasitrauks i\u0161 Pasaulio sveikatos organizacijos 2026 m. sausio 22 d. \u2013 Nacionalin\u0117 - Naujien\u0173 Laikas.LT","og:description":"Michelle Nichols Reuters Paskelbta 2025 m. sausio 24 d., 8:56 val Skaityti 2 min Suma\u017einti straipsnio \u0161rifto dyd\u012f Padidinti straipsnio \u0161rifto dyd\u012f Jungtin\u0117s Valstijos paliks Pasaulio sveikatos organizacij\u0105 2026 m. sausio 22 d., ketvirtadien\u012f prane\u0161\u0117 Jungtin\u0117s Tautos, oficialiai prane\u0161usios JAV prezidento Donaldo Trumpo, kuris apkaltino agent\u016br\u0105 netinkamu pandemijos ir kit\u0173 tarptautini\u0173 sveikatos krizi\u0173 valdymu, sprendim\u0105.","og:url":"https:\/\/naujienulaikas.lt\/index.php\/2025\/01\/24\/jav-pasitrauks-is-pasaulio-sveikatos-organizacijos-2026-m-sausio-22-d-nacionaline\/","article:published_time":"2025-01-24T22:47:59+00:00","article:modified_time":"2025-01-24T22:47:59+00:00","twitter:card":"summary_large_image","twitter:title":"JAV pasitrauks i\u0161 Pasaulio sveikatos organizacijos 2026 m. sausio 22 d. \u2013 Nacionalin\u0117 - Naujien\u0173 Laikas.LT","twitter:description":"Michelle Nichols Reuters Paskelbta 2025 m. sausio 24 d., 8:56 val Skaityti 2 min Suma\u017einti straipsnio \u0161rifto dyd\u012f Padidinti straipsnio \u0161rifto dyd\u012f Jungtin\u0117s Valstijos paliks Pasaulio sveikatos organizacij\u0105 2026 m. sausio 22 d., ketvirtadien\u012f prane\u0161\u0117 Jungtin\u0117s Tautos, oficialiai prane\u0161usios JAV prezidento Donaldo Trumpo, kuris apkaltino agent\u016br\u0105 netinkamu pandemijos ir kit\u0173 tarptautini\u0173 sveikatos krizi\u0173 valdymu, sprendim\u0105."},"aioseo_meta_data":{"post_id":"4032","title":null,"description":null,"keywords":null,"keyphrases":null,"primary_term":null,"canonical_url":null,"og_title":null,"og_description":null,"og_object_type":"default","og_image_type":"default","og_image_url":null,"og_image_width":null,"og_image_height":null,"og_image_custom_url":null,"og_image_custom_fields":null,"og_video":null,"og_custom_url":null,"og_article_section":null,"og_article_tags":null,"twitter_use_og":false,"twitter_card":"default","twitter_image_type":"default","twitter_image_url":null,"twitter_image_custom_url":null,"twitter_image_custom_fields":null,"twitter_title":null,"twitter_description":null,"schema":{"blockGraphs":[],"customGraphs":[],"default":{"data":{"Article":[],"Course":[],"Dataset":[],"FAQPage":[],"Movie":[],"Person":[],"Product":[],"ProductReview":[],"Car":[],"Recipe":[],"Service":[],"SoftwareApplication":[],"WebPage":[]},"graphName":"","isEnabled":true},"graphs":[]},"schema_type":"default","schema_type_options":null,"pillar_content":false,"robots_default":true,"robots_noindex":false,"robots_noarchive":false,"robots_nosnippet":false,"robots_nofollow":false,"robots_noimageindex":false,"robots_noodp":false,"robots_notranslate":false,"robots_max_snippet":null,"robots_max_videopreview":null,"robots_max_imagepreview":"large","priority":null,"frequency":null,"local_seo":null,"breadcrumb_settings":null,"limit_modified_date":false,"ai":null,"created":"2025-01-24 22:54:39","updated":"2025-06-04 03:28:44","seo_analyzer_scan_date":null,"focus_keyword":null,"additional_keywords":null,"truseo_locale":null},"aioseo_breadcrumb":"<div class=\"aioseo-breadcrumbs\"><span class=\"aioseo-breadcrumb\">\n\t\t\t<a href=\"https:\/\/naujienulaikas.lt\" title=\"Home\">Home<\/a>\n\t\t<\/span><span class=\"aioseo-breadcrumb-separator\">&raquo;<\/span><span class=\"aioseo-breadcrumb\">\n\t\t\t<a href=\"https:\/\/naujienulaikas.lt\/index.php\/category\/pasaulio-naujienos\/\" title=\"PASAULIO NAUJIENOS\">PASAULIO NAUJIENOS<\/a>\n\t\t<\/span><span class=\"aioseo-breadcrumb-separator\">&raquo;<\/span><span class=\"aioseo-breadcrumb\">\n\t\t\tJAV pasitrauks i\u0161 Pasaulio sveikatos organizacijos 2026 m. sausio 22 d. \u2013 Nacionalin\u0117\n\t\t<\/span><\/div>","aioseo_breadcrumb_json":[{"label":"Home","link":"https:\/\/naujienulaikas.lt"},{"label":"PASAULIO NAUJIENOS","link":"https:\/\/naujienulaikas.lt\/index.php\/category\/pasaulio-naujienos\/"},{"label":"JAV pasitrauks i\u0161 Pasaulio sveikatos organizacijos 2026 m. sausio 22 d. \u2013 Nacionalin\u0117","link":"https:\/\/naujienulaikas.lt\/index.php\/2025\/01\/24\/jav-pasitrauks-is-pasaulio-sveikatos-organizacijos-2026-m-sausio-22-d-nacionaline\/"}],"_links":{"self":[{"href":"https:\/\/naujienulaikas.lt\/index.php\/wp-json\/wp\/v2\/posts\/4032","targetHints":{"allow":["GET"]}}],"collection":[{"href":"https:\/\/naujienulaikas.lt\/index.php\/wp-json\/wp\/v2\/posts"}],"about":[{"href":"https:\/\/naujienulaikas.lt\/index.php\/wp-json\/wp\/v2\/types\/post"}],"author":[{"embeddable":true,"href":"https:\/\/naujienulaikas.lt\/index.php\/wp-json\/wp\/v2\/users\/1"}],"replies":[{"embeddable":true,"href":"https:\/\/naujienulaikas.lt\/index.php\/wp-json\/wp\/v2\/comments?post=4032"}],"version-history":[{"count":0,"href":"https:\/\/naujienulaikas.lt\/index.php\/wp-json\/wp\/v2\/posts\/4032\/revisions"}],"wp:featuredmedia":[{"embeddable":true,"href":"https:\/\/naujienulaikas.lt\/index.php\/wp-json\/wp\/v2\/media\/4033"}],"wp:attachment":[{"href":"https:\/\/naujienulaikas.lt\/index.php\/wp-json\/wp\/v2\/media?parent=4032"}],"wp:term":[{"taxonomy":"category","embeddable":true,"href":"https:\/\/naujienulaikas.lt\/index.php\/wp-json\/wp\/v2\/categories?post=4032"},{"taxonomy":"post_tag","embeddable":true,"href":"https:\/\/naujienulaikas.lt\/index.php\/wp-json\/wp\/v2\/tags?post=4032"}],"curies":[{"name":"wp","href":"https:\/\/api.w.org\/{rel}","templated":true}]}}