{"id":4064,"date":"2025-01-28T23:00:59","date_gmt":"2025-01-28T23:00:59","guid":{"rendered":"https:\/\/naujienulaikas.lt\/index.php\/2025\/01\/28\/doomsday-clock-pasiekia-nuo-89-sekundziu-iki-vidurnakcio-ar-artimiausias-jis-buvo-national\/"},"modified":"2025-01-28T23:00:59","modified_gmt":"2025-01-28T23:00:59","slug":"doomsday-clock-pasiekia-nuo-89-sekundziu-iki-vidurnakcio-ar-artimiausias-jis-buvo-national","status":"publish","type":"post","link":"https:\/\/naujienulaikas.lt\/index.php\/2025\/01\/28\/doomsday-clock-pasiekia-nuo-89-sekundziu-iki-vidurnakcio-ar-artimiausias-jis-buvo-national\/","title":{"rendered":"\u201eDoomsday Clock\u201c pasiekia nuo 89 sekund\u017ei\u0173 iki vidurnak\u010dio, ar artimiausias jis buvo &#8211; \u201eNational\u201c"},"content":{"rendered":"<p> <br \/>\n<\/p>\n<div id=\"article-byline\">\n<div class=\"c-byline__text\">\n<p>\n\t\t\t\t<span>Darbuotoj\u0173<\/span><br \/>\n\t\t\t\t<span class=\"c-byline__source c-byline__source--noName\"><\/p>\n<p>\t\t\t\t\t\t\t\t\t\tAssociated Press<br \/>\n\t\t\t\t<\/span>\n\t\t\t<\/p>\n<div class=\"c-byline__datesWrapper\">\n<div class=\"c-byline__dates\">\n<p>\n\t\t\t\t\t<span>Paskelbta 2025 m. Sausio 28 d<\/span>\n\t\t\t\t\t\t\t\t\t<\/p>\n<p>\n\t\t\t\t<strong>1 min<\/strong>\n\t\t\t<\/p>\n<\/p><\/div>\n<\/p><\/div>\n<\/p><\/div>\n<\/div>\n<div>\n<div class=\"l-article__details\" data-article-socialshare=\"true\">\n<div id=\"article-fontSizer\" class=\"c-fontSizer\">\n<p>\n\t\t<button class=\"c-fontSizer__button c-fontSizer__button--decrease c-button c-button--details c-button--mini\" data-trackable=\"true\" data-trackaction=\"Font Sizer Decrease Font\" data-tooltip-title=\"Decrease text size\"><br \/>\n\t\t\t<span class=\"sr-only\">Nusistatyti straipsnio \u0161rifto dyd\u012f<\/span><br \/>\n\t\t\t\t<svg class=\"c-icon  c-fontSizer__icon\" focusable=\"false\">\n\t\t<use xlink:href=\"https:\/\/globalnews.ca\/wp-content\/themes\/shaw-globalnews\/assets\/dist\/icons\/out\/symbol\/svg\/sprite.symbol.svg?v=cv3j60zbx#font-decrease\"\/>\n\t<\/svg><br \/>\n\t\t\t<\/button>\n\t<\/p>\n<p>\n\t\t<button class=\"c-fontSizer__button c-fontSizer__button--increase c-button c-button--details c-button--mini\" data-trackable=\"true\" data-trackaction=\"Font Sizer Increase Font\" data-tooltip-title=\"Increase text size\"><br \/>\n\t\t\t<span class=\"sr-only\">Padidinkite straipsnio \u0161rifto dyd\u012f<\/span><br \/>\n\t\t\t\t<svg class=\"c-icon  c-fontSizer__icon\" focusable=\"false\">\n\t\t<use xlink:href=\"https:\/\/globalnews.ca\/wp-content\/themes\/shaw-globalnews\/assets\/dist\/icons\/out\/symbol\/svg\/sprite.symbol.svg?v=cv3j60zbx#font-increase\"\/>\n\t<\/svg><br \/>\n\t\t\t<\/button>\n\t<\/p>\n<\/div>\n<\/div>\n<article class=\"l-article__text js-story-text\" aria-label=\"Article text\">\n<p>\u017dem\u0117 juda ar\u010diau sunaikinimo, antradien\u012f sak\u0117 \u012f moksl\u0105 orientuota gynimo grup\u0117, nes iki 89 sekund\u017ei\u0173 ji padidino savo gars\u0173j\u012f \u201eDoomsday Clock\u201c iki 89 sekund\u017ei\u0173 iki vidurnak\u010dio, artimiausio, koks jis kada nors buvo.<\/p>\n<p><\/p>\n<p>Atomini\u0173 mokslinink\u0173 biuletenis paskelb\u0117 kasmetin\u012f prane\u0161im\u0105 &#8211; tai vertina tai, kiek \u017emonija yra arti pabaigos &#8211; cituodamas gr\u0117smes, apiman\u010dias klimato poky\u010dius, branduolini\u0173 ginkl\u0173 platinim\u0105, nestabilum\u0105 Viduriniuose Rytuose, pandemijos gr\u0117sm\u0119 ir dirbtinio intelekto \u012ftraukim\u0105 \u012f karines operacijas .<\/p>\n<p>Laikrodis pastaruosius dvejus metus stov\u0117jo nuo 90 sekund\u017ei\u0173 iki vidurnak\u010dio ir \u201eKai esate prie \u0161ios kritulio, vienas dalykas, kurio nenorite daryti, yra \u017eengti \u017eingsn\u012f \u012f priek\u012f\u201c, &#8211; sak\u0117 Danielis Holzas, grup\u0117s mokslo ir Apsaugos valdyba.<\/p>\n<div class=\"l-article__part\" data-shortcode=\"tp_video\">\n<div class=\"c-video c-videoPlay \" data-iframe-receiver=\"\" data-autoplay=\"\" data-displayinline-featured=\"false\" data-displayinline-type=\"video\" data-displayinline-player-id=\"miniplayer_10245665_67995f39001c9\" data-displayinline-video-id=\"10245665\" data-displayinline-ratio=\"16:9\" data-displayinline=\"https:\/\/globalnews.ca\/video\/embed\/10245665\/#autoplay&amp;stickyiframe=miniplayer_10245665_67995f39001c9\" data-displayinline-sticky=\"true\">\n<div class=\"c-video__inner\">\n\t\t\t\t\t<span class=\"c-video__placeholder\"><br \/>\n\t\t\t\t\t\t<img class=\"c-video__image\" alt=\"Spustel\u0117kite, jei norite atkurti vaizdo \u012fra\u0161\u0105: \u201eSusidorojimas su\u201e Doomsday Nerimas \u201cper daugyb\u0119 globali\u0173 krizi\u0173\u201c\" width=\"640\" height=\"360\" data-src=\"https:\/\/i2.wp.com\/media.globalnews.ca\/videostatic\/news\/u5930kfsjo-ext36in7yf\/anxiety.jpg?w=1040&amp;quality=70&amp;strip=all\" loading=\"lazy\" srcset=\"\" sizes=\"auto, \" data-srcset=\"https:\/\/i2.wp.com\/media.globalnews.ca\/videostatic\/news\/u5930kfsjo-ext36in7yf\/anxiety.jpg?w=450#038;quality=70&amp;strip=all 450w,https:\/\/i2.wp.com\/media.globalnews.ca\/videostatic\/news\/u5930kfsjo-ext36in7yf\/anxiety.jpg?w=720#038;quality=70&amp;strip=all 720w,https:\/\/i2.wp.com\/media.globalnews.ca\/videostatic\/news\/u5930kfsjo-ext36in7yf\/anxiety.jpg?w=1040#038;quality=70&amp;strip=all 1040w,\" data-sizes=\"(min-width: 1040px) 1040px,(min-width: 720px) 720px,450px\"\/><br \/>\n\t\t\t\t\t\t\t\t\t\t\t\t<span class=\"c-video__overlay\"><\/p>\n<p>\n\t\t\t\t\t\t\t\t\t\t\t\t\t\t\t\t\t<time class=\"c-video__duration\">1:41<\/time><br \/>\n\t\t\t\t\t\t\t\t\t\t\t\t\t\t\t\t\t\t\t\t\t\t\t\t\t<span class=\"c-video__title\">Susid\u016brimas su \u201eDoomsday nerimo\u201c metu per daugyb\u0119 pasaulini\u0173 krizi\u0173<\/span>\n\t\t\t\t\t\t\t\t\t\t\t\t\t\t\t<\/p>\n<p>\t\t\t\t\t\t<\/span><br \/>\n\t\t\t\t\t\t\t\t\t\t\t<\/span>\n\t\t\t\t<\/div>\n<\/p><\/div>\n<\/p><\/div>\n<p>Grup\u0117 teig\u0117 susir\u016bpin\u0119 d\u0117l toki\u0173 \u0161ali\u0173 kaip \u0160iaur\u0117s Kor\u0117ja, Rusija ir Kinija bendradarbiavimas kuriant branduolines programas. Rusijos prezidentas Vladimiras Putinas taip pat kalb\u0117jo apie branduolini\u0173 ginkl\u0173 naudojim\u0105 savo kare prie\u0161 Ukrain\u0105.<\/p>\n<section id=\"content-dynamic-trending-stories\" class=\"l-inlineStories l-inlineStories--tile u-hide-tablet-landscape\" aria-label=\"Dynamic trending stories section\">\n<p>\n\t\t<span class=\"l-inlineStories__title c-heading c-heading--strikethrough\">Dabar populiarus<\/span>\n\t<\/p>\n<ul class=\"l-inlineStories__posts c-posts c-posts--inline \">\n<li class=\"c-posts__item\">\n<div class=\"c-posts__media \">\n\t\t\t\t\t\t<img class=\"c-posts__thumbnail\" data-src=\"https:\/\/globalnews.ca\/wp-content\/uploads\/2025\/01\/Selena-Gomez-Sam-Parker.jpg?quality=85&amp;strip=all&amp;w=336&amp;h=224&amp;crop=1\" loading=\"lazy\" width=\"336\" height=\"224\" alt=\"\"\/>\n\t\t\t\t\t\t\t\t\t\t\t\t\t<\/div>\n<div class=\"c-posts__details\">\n<p>\n\t\t\t\t<span class=\"c-posts__headlineText\" title=\"\u2018Deport Selena Gomez\u2019: Singer responds to politician who called for her exile\" data-title=\"\">\u201eDeport Selena Gomez\u201c: Daininink\u0117 reaguoja \u012f politik\u0105, kuris paragino jos tremt\u012f<\/span>\n\t<\/p>\n<\/p><\/div>\n<\/li>\n<li class=\"c-posts__item\">\n<div class=\"c-posts__media \">\n\t\t\t\t\t\t<img class=\"c-posts__thumbnail\" data-src=\"https:\/\/globalnews.ca\/wp-content\/uploads\/2025\/01\/GettyImages-2195369021.jpg?quality=85&amp;strip=all&amp;w=336&amp;h=224&amp;crop=1\" loading=\"lazy\" width=\"336\" height=\"224\" alt=\"\"\/>\n\t\t\t\t\t\t\t\t\t\t\t\t\t<\/div>\n<div class=\"c-posts__details\">\n<p>\n\t\t\t\t<span class=\"c-posts__headlineText\" title=\"As Trump ratchets up Greenland bid, Danish PM says Nordic leaders are united\" data-title=\"\">Kai Trumpas pakei\u010dia Grenlandijos pasi\u016blym\u0105, Danijos ministras pirmininkas sako, kad \u0160iaur\u0117s \u0161ali\u0173 lyderiai yra vieningi<\/span>\n\t<\/p>\n<\/p><\/div>\n<\/li>\n<\/ul>\n<\/section>\n<div class=\"c-ad c-ad--bigbox l-article__ad\">\n<p>Istorija t\u0119siama \u017eemiau reklamos<\/p>\n<\/p><\/div>\n<p>\u201eDaugyb\u0117 retorikos labai nerim\u0105 kelia\u201c, &#8211; teig\u0117 Holzas. \u201eYra tas augantis jausmas, kad &#8230; kai kurios tautos gali baigtis naudoti branduolinius ginklus, ir tai yra bauginanti\u201c.<\/p>\n<div class=\"c-inlineSignup\" data-newsletter-inline=\"\">\n<div class=\"c-inlineSignup__image\">\n\t\t\t\t\t<img decoding=\"async\" width=\"170\" height=\"225\" loading=\"lazy\" src=\"https:\/\/globalnews.ca\/wp-content\/themes\/shaw-globalnews\/images\/skyline\/national.jpg\" alt=\"Gaukite svarbiausi\u0173 dienos naujien\u0173, politini\u0173, ekonomini\u0173 ir dabartini\u0173 reikal\u0173 antra\u0161t\u0117s, kart\u0105 per dien\u0105 pristatytos \u012f j\u016bs\u0173 gautuosius.\"\/>\n\t\t\t\t<\/div>\n<div class=\"c-inlineSignup__content\">\n<h3>Gaukite kasdieni\u0173 nacionalini\u0173 naujien\u0173<\/h3>\n<p>Gaukite svarbiausi\u0173 dienos naujien\u0173, politini\u0173, ekonomini\u0173 ir dabartini\u0173 reikal\u0173 antra\u0161t\u0117s, kart\u0105 per dien\u0105 pristatytos \u012f j\u016bs\u0173 gautuosius.<\/p>\n<\/p><\/div>\n<\/p><\/div>\n<p>Nuo 1947 m. Advokat\u016bros grup\u0117 naudojo laikrod\u012f, kad simbolizuot\u0173 potencial\u0105 ir net tikimyb\u0119, kad \u017emon\u0117s k\u0105 nors daro, kad baigt\u0173 \u017emonij\u0105. Pasibaigus \u0161altajam karui, jis buvo arti 17 minu\u010di\u0173 iki vidurnak\u010dio. Per pastaruosius kelerius metus, nor\u0117dama i\u0161spr\u0119sti greitus pasaulinius poky\u010dius, grup\u0117 pasikeit\u0117 nuo minu\u010di\u0173 skai\u010diavimo iki vidurnak\u010dio iki skai\u010diavimo sekund\u017ei\u0173.<\/p>\n<p>Grup\u0117 teig\u0117, kad laikrodis gali b\u016bti pasuktas atgal, jei vadovai ir tautos dirbt\u0173 kartu, kad spr\u0119st\u0173 egzistencin\u0119 rizik\u0105.<\/p>\n<div class=\"c-tabs\">\n<p>\n\t\t\t<button role=\"tab\" class=\"c-tabs__tab c-tabs__tab--active\" type=\"button\">Daugiau apie pasaul\u012f<\/button><br \/>\n\t\t\t<button role=\"tab\" class=\"c-tabs__tab\" type=\"button\">Daugiau vaizdo \u012fra\u0161\u0173<\/button>\n\t\t<\/p>\n<\/p><\/div>\n<\/article>\n<div class=\"l-article__copyright\">\n<p>\t\t&#038; Kopijuoti 2025 \u201eThe Canadian Press\u201c\t<\/p>\n<\/div><\/div>\n<p><script defer src=\"https:\/\/connect.facebook.net\/en_US\/sdk.js#xfbml=1&#038;appId=318812448281278&#038;version=v3.3\"><\/script><br \/>\n<br \/><br \/>\n<br \/><a href=\"https:\/\/globalnews.ca\/news\/10982120\/doomsday-clock-2025-close-to-midnight-threats\/\">Source link <\/a><\/p>\n","protected":false},"excerpt":{"rendered":"<p>Darbuotoj\u0173 Associated Press Paskelbta 2025 m. Sausio 28 d 1 min Nusistatyti straipsnio \u0161rifto dyd\u012f&#8230;<\/p>\n","protected":false},"author":1,"featured_media":4065,"comment_status":"","ping_status":"","sticky":false,"template":"","format":"standard","meta":{"_monsterinsights_skip_tracking":false,"_monsterinsights_sitenote_active":false,"_monsterinsights_sitenote_note":"","_monsterinsights_sitenote_category":0,"footnotes":""},"categories":[7],"tags":[3186,96,3184,3183,466,95,205,199,215,2678,3185],"class_list":["post-4064","post","type-post","status-publish","format-standard","has-post-thumbnail","hentry","category-pasaulio-naujienos","tag-artimiausias","tag-buvo","tag-clock","tag-doomsday","tag-iki","tag-jis","tag-national","tag-nuo","tag-pasiekia","tag-sekundziu","tag-vidurnakcio"],"aioseo_notices":[],"_links":{"self":[{"href":"https:\/\/naujienulaikas.lt\/index.php\/wp-json\/wp\/v2\/posts\/4064","targetHints":{"allow":["GET"]}}],"collection":[{"href":"https:\/\/naujienulaikas.lt\/index.php\/wp-json\/wp\/v2\/posts"}],"about":[{"href":"https:\/\/naujienulaikas.lt\/index.php\/wp-json\/wp\/v2\/types\/post"}],"author":[{"embeddable":true,"href":"https:\/\/naujienulaikas.lt\/index.php\/wp-json\/wp\/v2\/users\/1"}],"replies":[{"embeddable":true,"href":"https:\/\/naujienulaikas.lt\/index.php\/wp-json\/wp\/v2\/comments?post=4064"}],"version-history":[{"count":0,"href":"https:\/\/naujienulaikas.lt\/index.php\/wp-json\/wp\/v2\/posts\/4064\/revisions"}],"wp:featuredmedia":[{"embeddable":true,"href":"https:\/\/naujienulaikas.lt\/index.php\/wp-json\/wp\/v2\/media\/4065"}],"wp:attachment":[{"href":"https:\/\/naujienulaikas.lt\/index.php\/wp-json\/wp\/v2\/media?parent=4064"}],"wp:term":[{"taxonomy":"category","embeddable":true,"href":"https:\/\/naujienulaikas.lt\/index.php\/wp-json\/wp\/v2\/categories?post=4064"},{"taxonomy":"post_tag","embeddable":true,"href":"https:\/\/naujienulaikas.lt\/index.php\/wp-json\/wp\/v2\/tags?post=4064"}],"curies":[{"name":"wp","href":"https:\/\/api.w.org\/{rel}","templated":true}]}}