{"id":4191,"date":"2025-02-13T23:46:01","date_gmt":"2025-02-13T23:46:01","guid":{"rendered":"https:\/\/naujienulaikas.lt\/index.php\/2025\/02\/13\/trudeau-sveikina-laikinaji-sirijos-lyderi-nepaisant-teroristu-saraso-nacionalinis\/"},"modified":"2025-02-13T23:46:01","modified_gmt":"2025-02-13T23:46:01","slug":"trudeau-sveikina-laikinaji-sirijos-lyderi-nepaisant-teroristu-saraso-nacionalinis","status":"publish","type":"post","link":"https:\/\/naujienulaikas.lt\/index.php\/2025\/02\/13\/trudeau-sveikina-laikinaji-sirijos-lyderi-nepaisant-teroristu-saraso-nacionalinis\/","title":{"rendered":"Trudeau sveikina laikin\u0105j\u012f Sirijos lyder\u012f, nepaisant terorist\u0173 s\u0105ra\u0161o &#8211; Nacionalinis"},"content":{"rendered":"<p> <br \/>\n<\/p>\n<div id=\"article-byline\">\n<div class=\"c-byline__text\">\n<p>\n\t\t\t\t<span>Pateik\u0117 Dylanas Robertsonas<\/span><br \/>\n\t\t\t\t<span class=\"c-byline__source c-byline__source--noName\"><\/p>\n<p>\t\t\t\t\t\t\t\t\t\tKanados spauda<br \/>\n\t\t\t\t<\/span>\n\t\t\t<\/p>\n<div class=\"c-byline__datesWrapper\">\n<div class=\"c-byline__dates\">\n<p>\n\t\t\t\t\t<span>Paskelbta 2025 m. Vasario 13 d. 17:09<\/span>\n\t\t\t\t\t\t\t\t\t<\/p>\n<p>\n\t\t\t\t<strong>1 min<\/strong>\n\t\t\t<\/p>\n<\/p><\/div>\n<\/p><\/div>\n<\/p><\/div>\n<\/div>\n<div>\n<div class=\"l-article__details\" data-article-socialshare=\"true\">\n<div id=\"article-fontSizer\" class=\"c-fontSizer\">\n<p>\n\t\t<button class=\"c-fontSizer__button c-fontSizer__button--decrease c-button c-button--details c-button--mini\" data-trackable=\"true\" data-trackaction=\"Font Sizer Decrease Font\" data-tooltip-title=\"Decrease text size\"><br \/>\n\t\t\t<span class=\"sr-only\">Nusistatyti straipsnio \u0161rifto dyd\u012f<\/span><br \/>\n\t\t\t\t<svg class=\"c-icon  c-fontSizer__icon\" focusable=\"false\">\n\t\t<use xlink:href=\"https:\/\/globalnews.ca\/wp-content\/themes\/shaw-globalnews\/assets\/dist\/icons\/out\/symbol\/svg\/sprite.symbol.svg?v=cv3j60zbx#font-decrease\"\/>\n\t<\/svg><br \/>\n\t\t\t<\/button>\n\t<\/p>\n<p>\n\t\t<button class=\"c-fontSizer__button c-fontSizer__button--increase c-button c-button--details c-button--mini\" data-trackable=\"true\" data-trackaction=\"Font Sizer Increase Font\" data-tooltip-title=\"Increase text size\"><br \/>\n\t\t\t<span class=\"sr-only\">Padidinkite straipsnio \u0161rifto dyd\u012f<\/span><br \/>\n\t\t\t\t<svg class=\"c-icon  c-fontSizer__icon\" focusable=\"false\">\n\t\t<use xlink:href=\"https:\/\/globalnews.ca\/wp-content\/themes\/shaw-globalnews\/assets\/dist\/icons\/out\/symbol\/svg\/sprite.symbol.svg?v=cv3j60zbx#font-increase\"\/>\n\t<\/svg><br \/>\n\t\t\t<\/button>\n\t<\/p>\n<\/div>\n<\/div>\n<article class=\"l-article__text js-story-text\" aria-label=\"Article text\">\n<p>Ministras pirmininkas Justinas Trudeau pasveikino laikin\u0105j\u012f Sirijos prezident\u0105 \u0161iandien, nepaisant to, kad jis vadovavo grupei Kanados vis dar paskirta teroristine organizacija.<\/p>\n<p><\/p>\n<p>Ahmedas al-Sharaa vadovauja Hayat Tahrir al-Sham, Kanados grupei nuo 2013 m.<\/p>\n<p>\u0160i grup\u0117, da\u017enai vadinama HTS, pra\u0117jusi\u0173 met\u0173 gruod\u012f nuvert\u0117 Bashar al-Assad re\u017eim\u0105, nutraukdama \u017eiauri\u0105 diktat\u016br\u0105, kuri\u0105 palaik\u0117 Rusijos vyriausyb\u0117.<\/p>\n<div class=\"c-inlineSignup\" data-newsletter-inline=\"\">\n<div class=\"c-inlineSignup__image\">\n\t\t\t\t\t<img decoding=\"async\" width=\"170\" height=\"225\" loading=\"lazy\" src=\"https:\/\/globalnews.ca\/wp-content\/themes\/shaw-globalnews\/images\/skyline\/national.jpg\" alt=\"Gaukite svarbiausi\u0173 dienos naujien\u0173, politini\u0173, ekonomini\u0173 ir dabartini\u0173 reikal\u0173 antra\u0161t\u0117s, kart\u0105 per dien\u0105 pristatytos \u012f j\u016bs\u0173 gautuosius.\"\/>\n\t\t\t\t<\/div>\n<div class=\"c-inlineSignup__content\">\n<h3>Gaukite kasdieni\u0173 nacionalini\u0173 naujien\u0173<\/h3>\n<p>Gaukite svarbiausi\u0173 dienos naujien\u0173, politini\u0173, ekonomini\u0173 ir dabartini\u0173 reikal\u0173 antra\u0161t\u0117s, kart\u0105 per dien\u0105 pristatytos \u012f j\u016bs\u0173 gautuosius.<\/p>\n<\/p><\/div>\n<\/p><\/div>\n<p>\u201eAl-Sharaa\u201c dabar vadovauja \u0161aliai ir u\u017esimin\u0117 apie daugiakult\u016br\u0117s visuomen\u0117s siekim\u0105, nepaisant to, kad met\u0173 metus buvo \u012fsipareigojusi \u012fdiegti islamo teokratij\u0105.<\/p>\n<div class=\"l-article__part\" data-shortcode=\"tp_video\">\n<div class=\"c-video c-videoPlay \" data-iframe-receiver=\"\" data-autoplay=\"\" data-displayinline-featured=\"false\" data-displayinline-type=\"video\" data-displayinline-player-id=\"miniplayer_10920416_67ae7812a8d9c\" data-displayinline-video-id=\"10920416\" data-displayinline-ratio=\"16:9\" data-displayinline=\"https:\/\/globalnews.ca\/video\/embed\/10920416\/#autoplay&amp;stickyiframe=miniplayer_10920416_67ae7812a8d9c\" data-displayinline-sticky=\"true\">\n<div class=\"c-video__inner \">\n\t\t\t\t\t<span class=\"c-video__placeholder\"><br \/>\n\t\t\t\t\t\t<img class=\"c-video__image\" alt=\"Spustel\u0117kite nor\u0117dami atkurti vaizdo \u012fra\u0161\u0105: \u201eNormalaus gyvenimo p\u0117dsakai Gr\u012f\u017ekite \u012f Sirij\u0105, pra\u0117jus savaitei po Assado re\u017eimo kritimo\u201c\" width=\"640\" height=\"360\" data-src=\"https:\/\/i0.wp.com\/media.globalnews.ca\/videostatic\/news\/a8oxuduach-xxcvsth63l\/Syriathumbersite.jpg?w=1040&amp;quality=70&amp;strip=all\" loading=\"lazy\" srcset=\"\" sizes=\"auto, \" data-srcset=\"https:\/\/i0.wp.com\/media.globalnews.ca\/videostatic\/news\/a8oxuduach-xxcvsth63l\/Syriathumbersite.jpg?w=450#038;quality=70&amp;strip=all 450w,https:\/\/i0.wp.com\/media.globalnews.ca\/videostatic\/news\/a8oxuduach-xxcvsth63l\/Syriathumbersite.jpg?w=720#038;quality=70&amp;strip=all 720w,https:\/\/i0.wp.com\/media.globalnews.ca\/videostatic\/news\/a8oxuduach-xxcvsth63l\/Syriathumbersite.jpg?w=1040#038;quality=70&amp;strip=all 1040w,\" data-sizes=\"(min-width: 1040px) 1040px,(min-width: 720px) 720px,450px\"\/><br \/>\n\t\t\t\t\t\t\t\t\t\t\t\t<span class=\"c-video__overlay\"><\/p>\n<p>\n\t\t\t\t\t\t\t\t\t\t\t\t\t\t\t\t\t<time class=\"c-video__duration\">2:15<\/time><br \/>\n\t\t\t\t\t\t\t\t\t\t\t\t\t\t\t\t\t\t\t\t\t\t\t\t\t<span class=\"c-video__title\">Normalaus gyvenimo p\u0117dsakai gr\u012f\u017eta \u012f Sirij\u0105, pra\u0117jus savaitei po Assado re\u017eimo kritimo<\/span>\n\t\t\t\t\t\t\t\t\t\t\t\t\t\t\t<\/p>\n<p>\t\t\t\t\t\t<\/span><br \/>\n\t\t\t\t\t\t\t\t\t\t\t<\/span>\n\t\t\t\t<\/div>\n<\/p><\/div>\n<\/p><\/div>\n<section id=\"content-dynamic-trending-stories\" class=\"l-inlineStories l-inlineStories--tile u-hide-tablet-landscape\" aria-label=\"Dynamic trending stories section\">\n<p>\n\t\t<span class=\"l-inlineStories__title c-heading c-heading--strikethrough\">Dabar populiarus<\/span>\n\t<\/p>\n<ul class=\"l-inlineStories__posts c-posts c-posts--inline \">\n<li class=\"c-posts__item\">\n<div class=\"c-posts__media \">\n\t\t\t\t\t\t<img class=\"c-posts__thumbnail\" data-src=\"https:\/\/globalnews.ca\/wp-content\/uploads\/2025\/02\/Trump-reciprocal-tariffs.jpg?quality=85&amp;strip=all&amp;w=336&amp;h=224&amp;crop=1\" loading=\"lazy\" width=\"336\" height=\"224\" alt=\"\"\/>\n\t\t\t\t\t\t\t\t\t\t\t\t\t<\/div>\n<div class=\"c-posts__details\">\n<p>\n\t\t\t\t<span class=\"c-posts__headlineText\" title=\"Trump set to impose sweeping reciprocal tariffs within hours: \u2018The big one\u2019\" data-title=\"\">Trumpas per kelias valandas nustat\u0117 didelius abipusius tarifus: \u201eDidysis\u201c<\/span>\n\t<\/p>\n<\/p><\/div>\n<\/li>\n<li class=\"c-posts__item\">\n<div class=\"c-posts__media \">\n\t\t\t\t\t\t<img class=\"c-posts__thumbnail\" data-src=\"https:\/\/globalnews.ca\/wp-content\/uploads\/2025\/02\/Trump-cars-tariffs.jpg?quality=85&amp;strip=all&amp;w=336&amp;h=224&amp;crop=1\" loading=\"lazy\" width=\"336\" height=\"224\" alt=\"\"\/>\n\t\t\t\t\t\t\t\t\t\t\t\t\t<\/div>\n<div class=\"c-posts__details\">\n<p>\n\t\t\t\t<span class=\"c-posts__headlineText\" title=\"Trump threatens Canadian cars with tariffs up to 100%\" data-title=\"\">Trumpas kelia gr\u0117sm\u0119 Kanados automobiliams tarifais iki 100%<\/span>\n\t<\/p>\n<\/p><\/div>\n<\/li>\n<\/ul>\n<\/section>\n<p>Trudeau biuras sako, kad \u0161iandien kalb\u0117jo su \u201eAl-Sharaa\u201c ir \u201epasi\u016bl\u0117 sveikinti, kad s\u0117kmingai nutrauk\u0117 Assado re\u017eim\u0105\u201c.<\/p>\n<div class=\"c-ad c-ad--bigbox l-article__ad\">\n<p>Istorija t\u0119siama \u017eemiau reklamos<\/p>\n<\/p><\/div>\n<p>Ministro pirmininko kabinetas buvo paklaustas, ar Kanada planuoja pa\u0161alinti HT i\u0161 teroro s\u0105ra\u0161o.<\/p>\n<div class=\"c-tabs\">\n<p>\n\t\t\t<button role=\"tab\" class=\"c-tabs__tab c-tabs__tab--active\" type=\"button\">Daugiau apie Kanad\u0105<\/button><br \/>\n\t\t\t<button role=\"tab\" class=\"c-tabs__tab\" type=\"button\">Daugiau vaizdo \u012fra\u0161\u0173<\/button>\n\t\t<\/p>\n<\/p><\/div>\n<\/article>\n<div class=\"l-article__copyright\">\n<p>\t\t&#038; Kopijuoti 2025 \u201eThe Canadian Press\u201c\t<\/p>\n<\/div><\/div>\n<p><script defer src=\"https:\/\/connect.facebook.net\/en_US\/sdk.js#xfbml=1&#038;appId=318812448281278&#038;version=v3.3\"><\/script><br \/>\n<br \/><br \/>\n<br \/><a href=\"https:\/\/globalnews.ca\/news\/11018335\/trudea-congratulates-syria-interim-president\/\">Source link <\/a><\/p>\n","protected":false},"excerpt":{"rendered":"<p>Pateik\u0117 Dylanas Robertsonas Kanados spauda Paskelbta 2025 m. Vasario 13 d. 17:09 1 min Nusistatyti&#8230;<\/p>\n","protected":false},"author":1,"featured_media":4192,"comment_status":"","ping_status":"","sticky":false,"template":"","format":"standard","meta":{"_monsterinsights_skip_tracking":false,"footnotes":""},"categories":[7],"tags":[3441,119,99,2818,3443,2079,3440,3442,554],"class_list":["post-4191","post","type-post","status-publish","format-standard","has-post-thumbnail","hentry","category-pasaulio-naujienos","tag-laikinaji","tag-lyderi","tag-nacionalinis","tag-nepaisant","tag-saraso","tag-sirijos","tag-sveikina","tag-teroristu","tag-trudeau"],"aioseo_notices":[],"aioseo_head":"\n\t\t<!-- All in One SEO 5.0.1.1 - aioseo.com -->\n\t<meta name=\"description\" content=\"Pateik\u0117 Dylanas Robertsonas Kanados spauda Paskelbta 2025 m. Vasario 13 d. 17:09 1 min Nusistatyti straipsnio \u0161rifto dyd\u012f Padidinkite straipsnio \u0161rifto dyd\u012f Ministras pirmininkas Justinas Trudeau pasveikino laikin\u0105j\u012f Sirijos prezident\u0105 \u0161iandien, nepaisant to, kad jis vadovavo grupei Kanados vis dar paskirta teroristine organizacija. Ahmedas al-Sharaa vadovauja Hayat Tahrir al-Sham, Kanados grupei nuo 2013 m.\u0160i grup\u0117,\" \/>\n\t<meta name=\"robots\" content=\"max-image-preview:large\" \/>\n\t<meta name=\"author\" content=\"admin\"\/>\n\t<link rel=\"canonical\" href=\"https:\/\/naujienulaikas.lt\/index.php\/2025\/02\/13\/trudeau-sveikina-laikinaji-sirijos-lyderi-nepaisant-teroristu-saraso-nacionalinis\/\" \/>\n\t<meta name=\"generator\" content=\"All in One SEO (AIOSEO) 5.0.1.1\" \/>\n\t\t<meta property=\"og:locale\" content=\"lt_LT\" \/>\n\t\t<meta property=\"og:site_name\" content=\"Naujien\u0173 Laikas.LT - Naujienos, technologijos,finansai\" \/>\n\t\t<meta property=\"og:type\" content=\"article\" \/>\n\t\t<meta property=\"og:title\" content=\"Trudeau sveikina laikin\u0105j\u012f Sirijos lyder\u012f, nepaisant terorist\u0173 s\u0105ra\u0161o \u2013 Nacionalinis - Naujien\u0173 Laikas.LT\" \/>\n\t\t<meta property=\"og:description\" content=\"Pateik\u0117 Dylanas Robertsonas Kanados spauda Paskelbta 2025 m. Vasario 13 d. 17:09 1 min Nusistatyti straipsnio \u0161rifto dyd\u012f Padidinkite straipsnio \u0161rifto dyd\u012f Ministras pirmininkas Justinas Trudeau pasveikino laikin\u0105j\u012f Sirijos prezident\u0105 \u0161iandien, nepaisant to, kad jis vadovavo grupei Kanados vis dar paskirta teroristine organizacija. Ahmedas al-Sharaa vadovauja Hayat Tahrir al-Sham, Kanados grupei nuo 2013 m.\u0160i grup\u0117,\" \/>\n\t\t<meta property=\"og:url\" content=\"https:\/\/naujienulaikas.lt\/index.php\/2025\/02\/13\/trudeau-sveikina-laikinaji-sirijos-lyderi-nepaisant-teroristu-saraso-nacionalinis\/\" \/>\n\t\t<meta property=\"article:published_time\" content=\"2025-02-13T23:46:01+00:00\" \/>\n\t\t<meta property=\"article:modified_time\" content=\"2025-02-13T23:46:01+00:00\" \/>\n\t\t<meta name=\"twitter:card\" content=\"summary_large_image\" \/>\n\t\t<meta name=\"twitter:title\" content=\"Trudeau sveikina laikin\u0105j\u012f Sirijos lyder\u012f, nepaisant terorist\u0173 s\u0105ra\u0161o \u2013 Nacionalinis - Naujien\u0173 Laikas.LT\" \/>\n\t\t<meta name=\"twitter:description\" content=\"Pateik\u0117 Dylanas Robertsonas Kanados spauda Paskelbta 2025 m. Vasario 13 d. 17:09 1 min Nusistatyti straipsnio \u0161rifto dyd\u012f Padidinkite straipsnio \u0161rifto dyd\u012f Ministras pirmininkas Justinas Trudeau pasveikino laikin\u0105j\u012f Sirijos prezident\u0105 \u0161iandien, nepaisant to, kad jis vadovavo grupei Kanados vis dar paskirta teroristine organizacija. Ahmedas al-Sharaa vadovauja Hayat Tahrir al-Sham, Kanados grupei nuo 2013 m.\u0160i grup\u0117,\" \/>\n\t\t<script type=\"application\/ld+json\" class=\"aioseo-schema\">\n\t\t\t{\"@context\":\"https:\\\/\\\/schema.org\",\"@graph\":[{\"@type\":\"BlogPosting\",\"@id\":\"https:\\\/\\\/naujienulaikas.lt\\\/index.php\\\/2025\\\/02\\\/13\\\/trudeau-sveikina-laikinaji-sirijos-lyderi-nepaisant-teroristu-saraso-nacionalinis\\\/#blogposting\",\"name\":\"Trudeau sveikina laikin\\u0105j\\u012f Sirijos lyder\\u012f, nepaisant terorist\\u0173 s\\u0105ra\\u0161o \\u2013 Nacionalinis - Naujien\\u0173 Laikas.LT\",\"headline\":\"Trudeau sveikina laikin\\u0105j\\u012f Sirijos lyder\\u012f, nepaisant terorist\\u0173 s\\u0105ra\\u0161o &#8211; Nacionalinis\",\"author\":{\"@id\":\"https:\\\/\\\/naujienulaikas.lt\\\/index.php\\\/author\\\/admin\\\/#author\"},\"publisher\":{\"@id\":\"https:\\\/\\\/naujienulaikas.lt\\\/#organization\"},\"image\":{\"@type\":\"ImageObject\",\"url\":\"https:\\\/\\\/naujienulaikas.lt\\\/wp-content\\\/uploads\\\/2025\\\/02\\\/Trudeau-sveikina-laikinaji-Sirijos-lyderi-nepaisant-teroristu-saraso-Nacionalinis.jpg\",\"width\":720,\"height\":379},\"datePublished\":\"2025-02-13T23:46:01+00:00\",\"dateModified\":\"2025-02-13T23:46:01+00:00\",\"inLanguage\":\"lt-LT\",\"mainEntityOfPage\":{\"@id\":\"https:\\\/\\\/naujienulaikas.lt\\\/index.php\\\/2025\\\/02\\\/13\\\/trudeau-sveikina-laikinaji-sirijos-lyderi-nepaisant-teroristu-saraso-nacionalinis\\\/#webpage\"},\"isPartOf\":{\"@id\":\"https:\\\/\\\/naujienulaikas.lt\\\/index.php\\\/2025\\\/02\\\/13\\\/trudeau-sveikina-laikinaji-sirijos-lyderi-nepaisant-teroristu-saraso-nacionalinis\\\/#webpage\"},\"articleSection\":\"PASAULIO NAUJIENOS, laikin\\u0105j\\u012f, lyder\\u012f, Nacionalinis, nepaisant, s\\u0105ra\\u0161o, Sirijos, sveikina, terorist\\u0173, Trudeau\"},{\"@type\":\"BreadcrumbList\",\"@id\":\"https:\\\/\\\/naujienulaikas.lt\\\/index.php\\\/2025\\\/02\\\/13\\\/trudeau-sveikina-laikinaji-sirijos-lyderi-nepaisant-teroristu-saraso-nacionalinis\\\/#breadcrumblist\",\"itemListElement\":[{\"@type\":\"ListItem\",\"@id\":\"https:\\\/\\\/naujienulaikas.lt#listItem\",\"position\":1,\"name\":\"Home\",\"item\":\"https:\\\/\\\/naujienulaikas.lt\",\"nextItem\":{\"@type\":\"ListItem\",\"@id\":\"https:\\\/\\\/naujienulaikas.lt\\\/index.php\\\/category\\\/pasaulio-naujienos\\\/#listItem\",\"name\":\"PASAULIO NAUJIENOS\"}},{\"@type\":\"ListItem\",\"@id\":\"https:\\\/\\\/naujienulaikas.lt\\\/index.php\\\/category\\\/pasaulio-naujienos\\\/#listItem\",\"position\":2,\"name\":\"PASAULIO NAUJIENOS\",\"item\":\"https:\\\/\\\/naujienulaikas.lt\\\/index.php\\\/category\\\/pasaulio-naujienos\\\/\",\"nextItem\":{\"@type\":\"ListItem\",\"@id\":\"https:\\\/\\\/naujienulaikas.lt\\\/index.php\\\/2025\\\/02\\\/13\\\/trudeau-sveikina-laikinaji-sirijos-lyderi-nepaisant-teroristu-saraso-nacionalinis\\\/#listItem\",\"name\":\"Trudeau sveikina laikin\\u0105j\\u012f Sirijos lyder\\u012f, nepaisant terorist\\u0173 s\\u0105ra\\u0161o &#8211; Nacionalinis\"},\"previousItem\":{\"@type\":\"ListItem\",\"@id\":\"https:\\\/\\\/naujienulaikas.lt#listItem\",\"name\":\"Home\"}},{\"@type\":\"ListItem\",\"@id\":\"https:\\\/\\\/naujienulaikas.lt\\\/index.php\\\/2025\\\/02\\\/13\\\/trudeau-sveikina-laikinaji-sirijos-lyderi-nepaisant-teroristu-saraso-nacionalinis\\\/#listItem\",\"position\":3,\"name\":\"Trudeau sveikina laikin\\u0105j\\u012f Sirijos lyder\\u012f, nepaisant terorist\\u0173 s\\u0105ra\\u0161o &#8211; Nacionalinis\",\"previousItem\":{\"@type\":\"ListItem\",\"@id\":\"https:\\\/\\\/naujienulaikas.lt\\\/index.php\\\/category\\\/pasaulio-naujienos\\\/#listItem\",\"name\":\"PASAULIO NAUJIENOS\"}}]},{\"@type\":\"Organization\",\"@id\":\"https:\\\/\\\/naujienulaikas.lt\\\/#organization\",\"name\":\"Naujien\\u0173 Laikas.LT\",\"description\":\"Naujienos, technologijos,finansai\",\"url\":\"https:\\\/\\\/naujienulaikas.lt\\\/\"},{\"@type\":\"Person\",\"@id\":\"https:\\\/\\\/naujienulaikas.lt\\\/index.php\\\/author\\\/admin\\\/#author\",\"url\":\"https:\\\/\\\/naujienulaikas.lt\\\/index.php\\\/author\\\/admin\\\/\",\"name\":\"admin\",\"image\":{\"@type\":\"ImageObject\",\"@id\":\"https:\\\/\\\/naujienulaikas.lt\\\/index.php\\\/2025\\\/02\\\/13\\\/trudeau-sveikina-laikinaji-sirijos-lyderi-nepaisant-teroristu-saraso-nacionalinis\\\/#authorImage\",\"url\":\"https:\\\/\\\/secure.gravatar.com\\\/avatar\\\/f37349f777250847d2fca2ada474f5a6aadffa79d5284e8ad354a5c410a691ec?s=96&d=mm&r=g\",\"width\":96,\"height\":96,\"caption\":\"admin\"}},{\"@type\":\"WebPage\",\"@id\":\"https:\\\/\\\/naujienulaikas.lt\\\/index.php\\\/2025\\\/02\\\/13\\\/trudeau-sveikina-laikinaji-sirijos-lyderi-nepaisant-teroristu-saraso-nacionalinis\\\/#webpage\",\"url\":\"https:\\\/\\\/naujienulaikas.lt\\\/index.php\\\/2025\\\/02\\\/13\\\/trudeau-sveikina-laikinaji-sirijos-lyderi-nepaisant-teroristu-saraso-nacionalinis\\\/\",\"name\":\"Trudeau sveikina laikin\\u0105j\\u012f Sirijos lyder\\u012f, nepaisant terorist\\u0173 s\\u0105ra\\u0161o \\u2013 Nacionalinis - Naujien\\u0173 Laikas.LT\",\"description\":\"Pateik\\u0117 Dylanas Robertsonas Kanados spauda Paskelbta 2025 m. Vasario 13 d. 17:09 1 min Nusistatyti straipsnio \\u0161rifto dyd\\u012f Padidinkite straipsnio \\u0161rifto dyd\\u012f Ministras pirmininkas Justinas Trudeau pasveikino laikin\\u0105j\\u012f Sirijos prezident\\u0105 \\u0161iandien, nepaisant to, kad jis vadovavo grupei Kanados vis dar paskirta teroristine organizacija. Ahmedas al-Sharaa vadovauja Hayat Tahrir al-Sham, Kanados grupei nuo 2013 m.\\u0160i grup\\u0117,\",\"inLanguage\":\"lt-LT\",\"isPartOf\":{\"@id\":\"https:\\\/\\\/naujienulaikas.lt\\\/#website\"},\"breadcrumb\":{\"@id\":\"https:\\\/\\\/naujienulaikas.lt\\\/index.php\\\/2025\\\/02\\\/13\\\/trudeau-sveikina-laikinaji-sirijos-lyderi-nepaisant-teroristu-saraso-nacionalinis\\\/#breadcrumblist\"},\"author\":{\"@id\":\"https:\\\/\\\/naujienulaikas.lt\\\/index.php\\\/author\\\/admin\\\/#author\"},\"creator\":{\"@id\":\"https:\\\/\\\/naujienulaikas.lt\\\/index.php\\\/author\\\/admin\\\/#author\"},\"image\":{\"@type\":\"ImageObject\",\"url\":\"https:\\\/\\\/naujienulaikas.lt\\\/wp-content\\\/uploads\\\/2025\\\/02\\\/Trudeau-sveikina-laikinaji-Sirijos-lyderi-nepaisant-teroristu-saraso-Nacionalinis.jpg\",\"@id\":\"https:\\\/\\\/naujienulaikas.lt\\\/index.php\\\/2025\\\/02\\\/13\\\/trudeau-sveikina-laikinaji-sirijos-lyderi-nepaisant-teroristu-saraso-nacionalinis\\\/#mainImage\",\"width\":720,\"height\":379},\"primaryImageOfPage\":{\"@id\":\"https:\\\/\\\/naujienulaikas.lt\\\/index.php\\\/2025\\\/02\\\/13\\\/trudeau-sveikina-laikinaji-sirijos-lyderi-nepaisant-teroristu-saraso-nacionalinis\\\/#mainImage\"},\"datePublished\":\"2025-02-13T23:46:01+00:00\",\"dateModified\":\"2025-02-13T23:46:01+00:00\"},{\"@type\":\"WebSite\",\"@id\":\"https:\\\/\\\/naujienulaikas.lt\\\/#website\",\"url\":\"https:\\\/\\\/naujienulaikas.lt\\\/\",\"name\":\"Naujien\\u0173 Laikas.LT\",\"description\":\"Naujienos, technologijos,finansai\",\"inLanguage\":\"lt-LT\",\"publisher\":{\"@id\":\"https:\\\/\\\/naujienulaikas.lt\\\/#organization\"}}]}\n\t\t<\/script>\n\t\t<!-- All in One SEO -->\n\n","aioseo_head_json":{"title":"Trudeau sveikina laikin\u0105j\u012f Sirijos lyder\u012f, nepaisant terorist\u0173 s\u0105ra\u0161o \u2013 Nacionalinis - Naujien\u0173 Laikas.LT","description":"Pateik\u0117 Dylanas Robertsonas Kanados spauda Paskelbta 2025 m. Vasario 13 d. 17:09 1 min Nusistatyti straipsnio \u0161rifto dyd\u012f Padidinkite straipsnio \u0161rifto dyd\u012f Ministras pirmininkas Justinas Trudeau pasveikino laikin\u0105j\u012f Sirijos prezident\u0105 \u0161iandien, nepaisant to, kad jis vadovavo grupei Kanados vis dar paskirta teroristine organizacija. Ahmedas al-Sharaa vadovauja Hayat Tahrir al-Sham, Kanados grupei nuo 2013 m.\u0160i grup\u0117,","canonical_url":"https:\/\/naujienulaikas.lt\/index.php\/2025\/02\/13\/trudeau-sveikina-laikinaji-sirijos-lyderi-nepaisant-teroristu-saraso-nacionalinis\/","robots":"max-image-preview:large","keywords":"","webmasterTools":{"miscellaneous":""},"schema":{"@context":"https:\/\/schema.org","@graph":[{"@type":"BlogPosting","@id":"https:\/\/naujienulaikas.lt\/index.php\/2025\/02\/13\/trudeau-sveikina-laikinaji-sirijos-lyderi-nepaisant-teroristu-saraso-nacionalinis\/#blogposting","name":"Trudeau sveikina laikin\u0105j\u012f Sirijos lyder\u012f, nepaisant terorist\u0173 s\u0105ra\u0161o \u2013 Nacionalinis - Naujien\u0173 Laikas.LT","headline":"Trudeau sveikina laikin\u0105j\u012f Sirijos lyder\u012f, nepaisant terorist\u0173 s\u0105ra\u0161o &#8211; Nacionalinis","author":{"@id":"https:\/\/naujienulaikas.lt\/index.php\/author\/admin\/#author"},"publisher":{"@id":"https:\/\/naujienulaikas.lt\/#organization"},"image":{"@type":"ImageObject","url":"https:\/\/naujienulaikas.lt\/wp-content\/uploads\/2025\/02\/Trudeau-sveikina-laikinaji-Sirijos-lyderi-nepaisant-teroristu-saraso-Nacionalinis.jpg","width":720,"height":379},"datePublished":"2025-02-13T23:46:01+00:00","dateModified":"2025-02-13T23:46:01+00:00","inLanguage":"lt-LT","mainEntityOfPage":{"@id":"https:\/\/naujienulaikas.lt\/index.php\/2025\/02\/13\/trudeau-sveikina-laikinaji-sirijos-lyderi-nepaisant-teroristu-saraso-nacionalinis\/#webpage"},"isPartOf":{"@id":"https:\/\/naujienulaikas.lt\/index.php\/2025\/02\/13\/trudeau-sveikina-laikinaji-sirijos-lyderi-nepaisant-teroristu-saraso-nacionalinis\/#webpage"},"articleSection":"PASAULIO NAUJIENOS, laikin\u0105j\u012f, lyder\u012f, Nacionalinis, nepaisant, s\u0105ra\u0161o, Sirijos, sveikina, terorist\u0173, Trudeau"},{"@type":"BreadcrumbList","@id":"https:\/\/naujienulaikas.lt\/index.php\/2025\/02\/13\/trudeau-sveikina-laikinaji-sirijos-lyderi-nepaisant-teroristu-saraso-nacionalinis\/#breadcrumblist","itemListElement":[{"@type":"ListItem","@id":"https:\/\/naujienulaikas.lt#listItem","position":1,"name":"Home","item":"https:\/\/naujienulaikas.lt","nextItem":{"@type":"ListItem","@id":"https:\/\/naujienulaikas.lt\/index.php\/category\/pasaulio-naujienos\/#listItem","name":"PASAULIO NAUJIENOS"}},{"@type":"ListItem","@id":"https:\/\/naujienulaikas.lt\/index.php\/category\/pasaulio-naujienos\/#listItem","position":2,"name":"PASAULIO NAUJIENOS","item":"https:\/\/naujienulaikas.lt\/index.php\/category\/pasaulio-naujienos\/","nextItem":{"@type":"ListItem","@id":"https:\/\/naujienulaikas.lt\/index.php\/2025\/02\/13\/trudeau-sveikina-laikinaji-sirijos-lyderi-nepaisant-teroristu-saraso-nacionalinis\/#listItem","name":"Trudeau sveikina laikin\u0105j\u012f Sirijos lyder\u012f, nepaisant terorist\u0173 s\u0105ra\u0161o &#8211; Nacionalinis"},"previousItem":{"@type":"ListItem","@id":"https:\/\/naujienulaikas.lt#listItem","name":"Home"}},{"@type":"ListItem","@id":"https:\/\/naujienulaikas.lt\/index.php\/2025\/02\/13\/trudeau-sveikina-laikinaji-sirijos-lyderi-nepaisant-teroristu-saraso-nacionalinis\/#listItem","position":3,"name":"Trudeau sveikina laikin\u0105j\u012f Sirijos lyder\u012f, nepaisant terorist\u0173 s\u0105ra\u0161o &#8211; Nacionalinis","previousItem":{"@type":"ListItem","@id":"https:\/\/naujienulaikas.lt\/index.php\/category\/pasaulio-naujienos\/#listItem","name":"PASAULIO NAUJIENOS"}}]},{"@type":"Organization","@id":"https:\/\/naujienulaikas.lt\/#organization","name":"Naujien\u0173 Laikas.LT","description":"Naujienos, technologijos,finansai","url":"https:\/\/naujienulaikas.lt\/"},{"@type":"Person","@id":"https:\/\/naujienulaikas.lt\/index.php\/author\/admin\/#author","url":"https:\/\/naujienulaikas.lt\/index.php\/author\/admin\/","name":"admin","image":{"@type":"ImageObject","@id":"https:\/\/naujienulaikas.lt\/index.php\/2025\/02\/13\/trudeau-sveikina-laikinaji-sirijos-lyderi-nepaisant-teroristu-saraso-nacionalinis\/#authorImage","url":"https:\/\/secure.gravatar.com\/avatar\/f37349f777250847d2fca2ada474f5a6aadffa79d5284e8ad354a5c410a691ec?s=96&d=mm&r=g","width":96,"height":96,"caption":"admin"}},{"@type":"WebPage","@id":"https:\/\/naujienulaikas.lt\/index.php\/2025\/02\/13\/trudeau-sveikina-laikinaji-sirijos-lyderi-nepaisant-teroristu-saraso-nacionalinis\/#webpage","url":"https:\/\/naujienulaikas.lt\/index.php\/2025\/02\/13\/trudeau-sveikina-laikinaji-sirijos-lyderi-nepaisant-teroristu-saraso-nacionalinis\/","name":"Trudeau sveikina laikin\u0105j\u012f Sirijos lyder\u012f, nepaisant terorist\u0173 s\u0105ra\u0161o \u2013 Nacionalinis - Naujien\u0173 Laikas.LT","description":"Pateik\u0117 Dylanas Robertsonas Kanados spauda Paskelbta 2025 m. Vasario 13 d. 17:09 1 min Nusistatyti straipsnio \u0161rifto dyd\u012f Padidinkite straipsnio \u0161rifto dyd\u012f Ministras pirmininkas Justinas Trudeau pasveikino laikin\u0105j\u012f Sirijos prezident\u0105 \u0161iandien, nepaisant to, kad jis vadovavo grupei Kanados vis dar paskirta teroristine organizacija. Ahmedas al-Sharaa vadovauja Hayat Tahrir al-Sham, Kanados grupei nuo 2013 m.\u0160i grup\u0117,","inLanguage":"lt-LT","isPartOf":{"@id":"https:\/\/naujienulaikas.lt\/#website"},"breadcrumb":{"@id":"https:\/\/naujienulaikas.lt\/index.php\/2025\/02\/13\/trudeau-sveikina-laikinaji-sirijos-lyderi-nepaisant-teroristu-saraso-nacionalinis\/#breadcrumblist"},"author":{"@id":"https:\/\/naujienulaikas.lt\/index.php\/author\/admin\/#author"},"creator":{"@id":"https:\/\/naujienulaikas.lt\/index.php\/author\/admin\/#author"},"image":{"@type":"ImageObject","url":"https:\/\/naujienulaikas.lt\/wp-content\/uploads\/2025\/02\/Trudeau-sveikina-laikinaji-Sirijos-lyderi-nepaisant-teroristu-saraso-Nacionalinis.jpg","@id":"https:\/\/naujienulaikas.lt\/index.php\/2025\/02\/13\/trudeau-sveikina-laikinaji-sirijos-lyderi-nepaisant-teroristu-saraso-nacionalinis\/#mainImage","width":720,"height":379},"primaryImageOfPage":{"@id":"https:\/\/naujienulaikas.lt\/index.php\/2025\/02\/13\/trudeau-sveikina-laikinaji-sirijos-lyderi-nepaisant-teroristu-saraso-nacionalinis\/#mainImage"},"datePublished":"2025-02-13T23:46:01+00:00","dateModified":"2025-02-13T23:46:01+00:00"},{"@type":"WebSite","@id":"https:\/\/naujienulaikas.lt\/#website","url":"https:\/\/naujienulaikas.lt\/","name":"Naujien\u0173 Laikas.LT","description":"Naujienos, technologijos,finansai","inLanguage":"lt-LT","publisher":{"@id":"https:\/\/naujienulaikas.lt\/#organization"}}]},"og:locale":"lt_LT","og:site_name":"Naujien\u0173 Laikas.LT - Naujienos, technologijos,finansai","og:type":"article","og:title":"Trudeau sveikina laikin\u0105j\u012f Sirijos lyder\u012f, nepaisant terorist\u0173 s\u0105ra\u0161o \u2013 Nacionalinis - Naujien\u0173 Laikas.LT","og:description":"Pateik\u0117 Dylanas Robertsonas Kanados spauda Paskelbta 2025 m. Vasario 13 d. 17:09 1 min Nusistatyti straipsnio \u0161rifto dyd\u012f Padidinkite straipsnio \u0161rifto dyd\u012f Ministras pirmininkas Justinas Trudeau pasveikino laikin\u0105j\u012f Sirijos prezident\u0105 \u0161iandien, nepaisant to, kad jis vadovavo grupei Kanados vis dar paskirta teroristine organizacija. Ahmedas al-Sharaa vadovauja Hayat Tahrir al-Sham, Kanados grupei nuo 2013 m.\u0160i grup\u0117,","og:url":"https:\/\/naujienulaikas.lt\/index.php\/2025\/02\/13\/trudeau-sveikina-laikinaji-sirijos-lyderi-nepaisant-teroristu-saraso-nacionalinis\/","article:published_time":"2025-02-13T23:46:01+00:00","article:modified_time":"2025-02-13T23:46:01+00:00","twitter:card":"summary_large_image","twitter:title":"Trudeau sveikina laikin\u0105j\u012f Sirijos lyder\u012f, nepaisant terorist\u0173 s\u0105ra\u0161o \u2013 Nacionalinis - Naujien\u0173 Laikas.LT","twitter:description":"Pateik\u0117 Dylanas Robertsonas Kanados spauda Paskelbta 2025 m. Vasario 13 d. 17:09 1 min Nusistatyti straipsnio \u0161rifto dyd\u012f Padidinkite straipsnio \u0161rifto dyd\u012f Ministras pirmininkas Justinas Trudeau pasveikino laikin\u0105j\u012f Sirijos prezident\u0105 \u0161iandien, nepaisant to, kad jis vadovavo grupei Kanados vis dar paskirta teroristine organizacija. Ahmedas al-Sharaa vadovauja Hayat Tahrir al-Sham, Kanados grupei nuo 2013 m.\u0160i grup\u0117,"},"aioseo_meta_data":{"post_id":"4191","title":null,"description":null,"keywords":null,"keyphrases":null,"primary_term":null,"canonical_url":null,"og_title":null,"og_description":null,"og_object_type":"default","og_image_type":"default","og_image_url":null,"og_image_width":null,"og_image_height":null,"og_image_custom_url":null,"og_image_custom_fields":null,"og_video":null,"og_custom_url":null,"og_article_section":null,"og_article_tags":null,"twitter_use_og":false,"twitter_card":"default","twitter_image_type":"default","twitter_image_url":null,"twitter_image_custom_url":null,"twitter_image_custom_fields":null,"twitter_title":null,"twitter_description":null,"schema":{"blockGraphs":[],"customGraphs":[],"default":{"data":{"Article":[],"Course":[],"Dataset":[],"FAQPage":[],"Movie":[],"Person":[],"Product":[],"ProductReview":[],"Car":[],"Recipe":[],"Service":[],"SoftwareApplication":[],"WebPage":[]},"graphName":"","isEnabled":true},"graphs":[]},"schema_type":"default","schema_type_options":null,"pillar_content":false,"robots_default":true,"robots_noindex":false,"robots_noarchive":false,"robots_nosnippet":false,"robots_nofollow":false,"robots_noimageindex":false,"robots_noodp":false,"robots_notranslate":false,"robots_max_snippet":null,"robots_max_videopreview":null,"robots_max_imagepreview":"large","priority":null,"frequency":null,"local_seo":null,"breadcrumb_settings":null,"limit_modified_date":false,"ai":null,"created":"2025-02-13 23:59:45","updated":"2025-06-04 04:34:53","seo_analyzer_scan_date":null,"focus_keyword":null,"additional_keywords":null,"truseo_locale":null},"aioseo_breadcrumb":"<div class=\"aioseo-breadcrumbs\"><span class=\"aioseo-breadcrumb\">\n\t\t\t<a href=\"https:\/\/naujienulaikas.lt\" title=\"Home\">Home<\/a>\n\t\t<\/span><span class=\"aioseo-breadcrumb-separator\">&raquo;<\/span><span class=\"aioseo-breadcrumb\">\n\t\t\t<a href=\"https:\/\/naujienulaikas.lt\/index.php\/category\/pasaulio-naujienos\/\" title=\"PASAULIO NAUJIENOS\">PASAULIO NAUJIENOS<\/a>\n\t\t<\/span><span class=\"aioseo-breadcrumb-separator\">&raquo;<\/span><span class=\"aioseo-breadcrumb\">\n\t\t\tTrudeau sveikina laikin\u0105j\u012f Sirijos lyder\u012f, nepaisant terorist\u0173 s\u0105ra\u0161o \u2013 Nacionalinis\n\t\t<\/span><\/div>","aioseo_breadcrumb_json":[{"label":"Home","link":"https:\/\/naujienulaikas.lt"},{"label":"PASAULIO NAUJIENOS","link":"https:\/\/naujienulaikas.lt\/index.php\/category\/pasaulio-naujienos\/"},{"label":"Trudeau sveikina laikin\u0105j\u012f Sirijos lyder\u012f, nepaisant terorist\u0173 s\u0105ra\u0161o &#8211; Nacionalinis","link":"https:\/\/naujienulaikas.lt\/index.php\/2025\/02\/13\/trudeau-sveikina-laikinaji-sirijos-lyderi-nepaisant-teroristu-saraso-nacionalinis\/"}],"_links":{"self":[{"href":"https:\/\/naujienulaikas.lt\/index.php\/wp-json\/wp\/v2\/posts\/4191","targetHints":{"allow":["GET"]}}],"collection":[{"href":"https:\/\/naujienulaikas.lt\/index.php\/wp-json\/wp\/v2\/posts"}],"about":[{"href":"https:\/\/naujienulaikas.lt\/index.php\/wp-json\/wp\/v2\/types\/post"}],"author":[{"embeddable":true,"href":"https:\/\/naujienulaikas.lt\/index.php\/wp-json\/wp\/v2\/users\/1"}],"replies":[{"embeddable":true,"href":"https:\/\/naujienulaikas.lt\/index.php\/wp-json\/wp\/v2\/comments?post=4191"}],"version-history":[{"count":0,"href":"https:\/\/naujienulaikas.lt\/index.php\/wp-json\/wp\/v2\/posts\/4191\/revisions"}],"wp:featuredmedia":[{"embeddable":true,"href":"https:\/\/naujienulaikas.lt\/index.php\/wp-json\/wp\/v2\/media\/4192"}],"wp:attachment":[{"href":"https:\/\/naujienulaikas.lt\/index.php\/wp-json\/wp\/v2\/media?parent=4191"}],"wp:term":[{"taxonomy":"category","embeddable":true,"href":"https:\/\/naujienulaikas.lt\/index.php\/wp-json\/wp\/v2\/categories?post=4191"},{"taxonomy":"post_tag","embeddable":true,"href":"https:\/\/naujienulaikas.lt\/index.php\/wp-json\/wp\/v2\/tags?post=4191"}],"curies":[{"name":"wp","href":"https:\/\/api.w.org\/{rel}","templated":true}]}}