{"id":4413,"date":"2025-08-21T13:28:57","date_gmt":"2025-08-21T13:28:57","guid":{"rendered":"https:\/\/naujienulaikas.lt\/index.php\/2025\/08\/21\/kauno-miesto-savivaldybe-mokslo-ir-ziniu-diena-kaune-isskirtine-svente\/"},"modified":"2025-08-21T13:28:57","modified_gmt":"2025-08-21T13:28:57","slug":"kauno-miesto-savivaldybe-mokslo-ir-ziniu-diena-kaune-isskirtine-svente","status":"publish","type":"post","link":"https:\/\/naujienulaikas.lt\/index.php\/2025\/08\/21\/kauno-miesto-savivaldybe-mokslo-ir-ziniu-diena-kaune-isskirtine-svente\/","title":{"rendered":"Kauno miesto savivaldyb\u0117 Mokslo ir \u017eini\u0173 dien\u0105 Kaune \u2013 i\u0161skirtin\u0117 \u0161vent\u0117"},"content":{"rendered":"<p><\/p>\n<div>\n<ol class=\"breadcrumb\">\n<li>Prad\u017eia<\/li>\n<li>Naujienos<\/li>\n<li>Mokslo ir \u017eini\u0173 dien\u0105 Kaune \u2013 i\u0161skirtin\u0117 \u0161vent\u0117<\/li>\n<\/ol>\n<div class=\"post_featured_img_wrap\"><\/div>\n<div class=\"post_date\">\n<p>Paskelbta: 2025-08-21 (Ketvirtadienis)<\/p>\n<\/p><\/div>\n<\/p><\/div>\n<div data-post-id=\"197095\">\n<p><b>Mokslo met\u0173 start\u0105 Kaunas kvie\u010dia pa\u017eym\u0117ti ypatingoje \u0161vent\u0117je, kurioje susipins aktyvus laisvalaikis bei mokslas. \u0160vent\u0117 vyks dviejose erdv\u0117se \u2013 Nemuno ir Mokslo salose, kur kiekvienas ras sau tinkam\u0173 pramog\u0173: nuo edukacini\u0173 dirbtuvi\u0173 iki koncert\u0173 po atviru dangumi.<\/b><\/p>\n<p><span style=\"font-weight: 400\">\u201eRugs\u0117jo 1-oji Kaune \u2013 tai daugiau nei tik mokslo met\u0173 prad\u017eia. Tai \u2013 viso miesto \u0161vent\u0117, kvie\u010dianti pasiruo\u0161ti naujiems darbams, pa\u017einimui ir k\u016brybai. Miestas \u0161i\u0105 dien\u0105 mini moderniai, atvirai ir visiems prieinamai. Nuosekliai investuojame \u012f \u0161vietimo \u012fstaig\u0173 infrastrukt\u016bros tobulinim\u0105, atidarome naujus mokslo centrus, kad m\u016bs\u0173 vaikai tur\u0117t\u0173 geriausias s\u0105lygas tobul\u0117jimui. Kvie\u010diu kaunie\u010dius ir miesto sve\u010dius rugs\u0117jo 1-\u0105j\u0105 \u0161v\u0119sti kartu \u2013 aktyviai, i\u0161maniai ir su \u0161ypsena\u201c, \u2013 kviesdamas \u012f \u0161vent\u0119 sak\u0117 Kauno meras Visvaldas Matijo\u0161aitis.<\/span><\/p>\n<p><img fetchpriority=\"high\" decoding=\"async\" class=\"alignnone wp-image-197097 size-large\" src=\"https:\/\/www.kaunas.lt\/wp-content\/uploads\/sites\/13\/2025\/08\/2-1024x681.jpg\" alt=\"\" width=\"1024\" height=\"681\" srcset=\"https:\/\/www.kaunas.lt\/wp-content\/uploads\/sites\/13\/2025\/08\/2-1024x681.jpg 1024w, https:\/\/www.kaunas.lt\/wp-content\/uploads\/sites\/13\/2025\/08\/2-300x200.jpg 300w, https:\/\/www.kaunas.lt\/wp-content\/uploads\/sites\/13\/2025\/08\/2-768x511.jpg 768w, https:\/\/www.kaunas.lt\/wp-content\/uploads\/sites\/13\/2025\/08\/2-1536x1022.jpg 1536w, https:\/\/www.kaunas.lt\/wp-content\/uploads\/sites\/13\/2025\/08\/2-2048x1363.jpg 2048w, https:\/\/www.kaunas.lt\/wp-content\/uploads\/sites\/13\/2025\/08\/2-720x480.jpg 720w\" sizes=\"(max-width: 1024px) 100vw, 1024px\"\/><\/p>\n<p><b>Veiksm\u0173 pilna diena Nemuno saloje<\/b><\/p>\n<p><span style=\"font-weight: 400\">Nuo 14 valandos \u0161vent\u0117 prasid\u0117s aktyvaus judesio ir muzikos kupinoje Nemuno saloje. \u010cia vyks sporto u\u017esi\u0117mimai bei interaktyvios krep\u0161inio rungtys. Projektas \u201eJud\u0117k sveikai\u201c pakvies \u012f nemokamas gatv\u0117s \u0161oki\u0173 ir funkcines treniruotes, o norintys i\u0161bandyti j\u0117gas, gal\u0117s prisijungti prie masinio \u017eaidimo \u201eMinusas\u201c \u2013 kuris suburs dalyvius \u012ftemptam ir konkurencingam turnyrui.<\/span><\/p>\n<p><span style=\"font-weight: 400\">\u0160vent\u0117s metu vyks ir tolimiausio metimo konkursas, krep\u0161inio IQ viktorina, o vakare bus paskelbti nugal\u0117tojai ir \u012fteikti prizai. <\/span><\/p>\n<p><span style=\"font-weight: 400\">Vakarin\u0117 dalis pa\u017eers humoro bei muzikos doz\u0119: 19 valand\u0105 scenoje pasirodys \u017einomi <\/span><i><span style=\"font-weight: 400\">Atsistokite<\/span><\/i><span style=\"font-weight: 400\">  komedijos atstovai Viktoras Balykov ir Migl\u0117 Miglinait\u0117, o \u0161vent\u0117s kulminacija taps alternatyvios muzikos grup\u0117s \u201eba.\u201c koncertas.<\/span><\/p>\n<p><span style=\"font-weight: 400\">Viso renginio metu veiks poilsio erdv\u0117s, pripu\u010diamas krep\u0161inio batutas vaikams, maisto vagon\u0117li\u0173 zona, tod\u0117l veiklos ras tiek ma\u017eiausieji, tiek j\u0173 t\u0117vai ar seneliai.<\/span><\/p>\n<p><b>Mokslo saloje\u00a0 \u2013 pa\u017einimo ir k\u016brybos erdv\u0117<\/b><\/p>\n<p><span style=\"font-weight: 400\">Rugs\u0117jo 1-\u0105j\u0105 nuo 13 iki 19 valandos lankytojai kvie\u010diami apsilankyti Mokslo saloje, kur duris atvers nuolatin\u0117 ekspozicija \u201e\u017dmogus. Gamta. Ma\u0161ina\u201c. Dalyviai \u010dia gal\u0117s pasinerti \u012f interaktyv\u0173 pa\u017einim\u0105 ir tyrin\u0117ti, kaip \u017emogus veikia technologij\u0173 ir gamtos sankirtoje. Ekspozicija yra mokama.<\/span><\/p>\n<p><span style=\"font-weight: 400\">Taip pat \u0161ventin\u0119 dien\u0105 miestie\u010diai kvie\u010diami dalyvauti elektronin\u0117s muzikos pamokose bei i\u0161 arti pamatyti profesionali\u0173 mokslinink\u0173\u2013fizik\u0173 N2 pasirodym\u0105.<\/span><\/p>\n<p><span style=\"font-weight: 400\">Be to, lankytoj\u0173 lauks net keturios skirtingos STEAM laboratorijos, kuriose vyks nemokami edukaciniai\u00a0 u\u017esi\u0117mimai. <\/span><\/p>\n<p><span style=\"font-weight: 400\">I\u0161sami rengini\u0173 programa: <\/span><span style=\"font-weight: 400\">Kaunas.lt <\/span><\/p>\n<p><img loading=\"lazy\" decoding=\"async\" class=\"alignnone wp-image-197098 size-large\" src=\"https:\/\/www.kaunas.lt\/wp-content\/uploads\/sites\/13\/2025\/08\/3-2-1024x575.jpg\" alt=\"\" width=\"1024\" height=\"575\" srcset=\"https:\/\/www.kaunas.lt\/wp-content\/uploads\/sites\/13\/2025\/08\/3-2-1024x575.jpg 1024w, https:\/\/www.kaunas.lt\/wp-content\/uploads\/sites\/13\/2025\/08\/3-2-300x169.jpg 300w, https:\/\/www.kaunas.lt\/wp-content\/uploads\/sites\/13\/2025\/08\/3-2-768x431.jpg 768w, https:\/\/www.kaunas.lt\/wp-content\/uploads\/sites\/13\/2025\/08\/3-2-1536x863.jpg 1536w, https:\/\/www.kaunas.lt\/wp-content\/uploads\/sites\/13\/2025\/08\/3-2-2048x1151.jpg 2048w, https:\/\/www.kaunas.lt\/wp-content\/uploads\/sites\/13\/2025\/08\/3-2-100x56.jpg 100w, https:\/\/www.kaunas.lt\/wp-content\/uploads\/sites\/13\/2025\/08\/3-2-319x180.jpg 319w, https:\/\/www.kaunas.lt\/wp-content\/uploads\/sites\/13\/2025\/08\/3-2-990x557.jpg 990w, https:\/\/www.kaunas.lt\/wp-content\/uploads\/sites\/13\/2025\/08\/3-2-820x460.jpg 820w\" sizes=\"auto, (max-width: 1024px) 100vw, 1024px\"\/><\/p>\n<p style=\"text-align: right\"><i><span style=\"font-weight: 400\">Ry\u0161i\u0173 su visuomene skyriaus informacija<\/span><\/i><\/p>\n<\/p><\/div>\n<p><script>\n(function(d, s, id) {\n  var js, fjs = d.getElementsByTagName(s)[0];\n  if (d.getElementById(id)) return;\n  js = d.createElement(s); js.id = id;\n  js.src = \"\/\/connect.facebook.net\/lt_LT\/sdk.js#xfbml=1&version=v2.5&appId=118913718193570\";\n  fjs.parentNode.insertBefore(js, fjs);\n}(document, 'script', 'facebook-jssdk'));<\/script><script>(function(d, s, id) {\n\t\t\t\t\t\t\t\t\t\t\t  var js, fjs = d.getElementsByTagName(s)[0];\n\t\t\t\t\t\t\t\t\t\t\t  if (d.getElementById(id)) return;\n\t\t\t\t\t\t\t\t\t\t\t  js = d.createElement(s); js.id = id;\n\t\t\t\t\t\t\t\t\t\t\t  js.src = \"\/\/connect.facebook.net\/lt_LT\/sdk.js#xfbml=1&version=v2.3&appId=118913718193570\";\n\t\t\t\t\t\t\t\t\t\t\t  fjs.parentNode.insertBefore(js, fjs);\n\t\t\t\t\t\t\t\t\t\t\t}(document, 'script', 'facebook-jssdk'));\n\t\t\t\t\t\t\t\t\t\t\t<\/script><a href=\"https:\/\/www.kaunas.lt\/2025\/08\/21\/mokslo-ir-ziniu-diena-kaune-isskirtine-svente\/\"> Nuoroda \u012f informacijos \u0161altin\u012f <\/a><\/p>\n","protected":false},"excerpt":{"rendered":"<p>Prad\u017eia Naujienos Mokslo ir \u017eini\u0173 dien\u0105 Kaune \u2013 i\u0161skirtin\u0117 \u0161vent\u0117 Paskelbta: 2025-08-21 (Ketvirtadienis) Mokslo met\u0173&#8230;<\/p>\n","protected":false},"author":1,"featured_media":4414,"comment_status":"","ping_status":"","sticky":false,"template":"","format":"standard","meta":{"_monsterinsights_skip_tracking":false,"_monsterinsights_sitenote_active":false,"_monsterinsights_sitenote_note":"","_monsterinsights_sitenote_category":0,"footnotes":""},"categories":[5],"tags":[2570,3858,1154,838,182,3856,1473,186,3857],"class_list":["post-4413","post","type-post","status-publish","format-standard","has-post-thumbnail","hentry","category-miestu-naujienos","tag-diena","tag-isskirtine","tag-kaune","tag-kauno","tag-miesto","tag-mokslo","tag-savivaldybe","tag-svente","tag-ziniu"],"aioseo_notices":[],"_links":{"self":[{"href":"https:\/\/naujienulaikas.lt\/index.php\/wp-json\/wp\/v2\/posts\/4413","targetHints":{"allow":["GET"]}}],"collection":[{"href":"https:\/\/naujienulaikas.lt\/index.php\/wp-json\/wp\/v2\/posts"}],"about":[{"href":"https:\/\/naujienulaikas.lt\/index.php\/wp-json\/wp\/v2\/types\/post"}],"author":[{"embeddable":true,"href":"https:\/\/naujienulaikas.lt\/index.php\/wp-json\/wp\/v2\/users\/1"}],"replies":[{"embeddable":true,"href":"https:\/\/naujienulaikas.lt\/index.php\/wp-json\/wp\/v2\/comments?post=4413"}],"version-history":[{"count":0,"href":"https:\/\/naujienulaikas.lt\/index.php\/wp-json\/wp\/v2\/posts\/4413\/revisions"}],"wp:featuredmedia":[{"embeddable":true,"href":"https:\/\/naujienulaikas.lt\/index.php\/wp-json\/wp\/v2\/media\/4414"}],"wp:attachment":[{"href":"https:\/\/naujienulaikas.lt\/index.php\/wp-json\/wp\/v2\/media?parent=4413"}],"wp:term":[{"taxonomy":"category","embeddable":true,"href":"https:\/\/naujienulaikas.lt\/index.php\/wp-json\/wp\/v2\/categories?post=4413"},{"taxonomy":"post_tag","embeddable":true,"href":"https:\/\/naujienulaikas.lt\/index.php\/wp-json\/wp\/v2\/tags?post=4413"}],"curies":[{"name":"wp","href":"https:\/\/api.w.org\/{rel}","templated":true}]}}