{"id":4480,"date":"2025-11-04T14:11:30","date_gmt":"2025-11-04T14:11:30","guid":{"rendered":"https:\/\/naujienulaikas.lt\/index.php\/2025\/11\/04\/kauno-miesto-savivaldybe-kauno-mazajame-azuolyne-oficialiai-pristatytas-modernizmui-skirtu-skulpturu-ansamblis\/"},"modified":"2025-11-04T14:11:30","modified_gmt":"2025-11-04T14:11:30","slug":"kauno-miesto-savivaldybe-kauno-mazajame-azuolyne-oficialiai-pristatytas-modernizmui-skirtu-skulpturu-ansamblis","status":"publish","type":"post","link":"https:\/\/naujienulaikas.lt\/index.php\/2025\/11\/04\/kauno-miesto-savivaldybe-kauno-mazajame-azuolyne-oficialiai-pristatytas-modernizmui-skirtu-skulpturu-ansamblis\/","title":{"rendered":"Kauno miesto savivaldyb\u0117 Kauno Ma\u017eajame \u0105\u017euolyne oficialiai pristatytas modernizmui skirt\u0173 skulpt\u016br\u0173 ansamblis"},"content":{"rendered":"<p><\/p>\n<div data-post-id=\"200378\">\n<p><strong>Tarpukario Kauno modernizm\u0105 reprezentuojantys k\u016briniai \u012fsik\u016br\u0117 Ma\u017eajame \u0105\u017euolyne, \u0161alia \u0104\u017euolyno bibliotekos. Lapkri\u010dio 4 d. \u010dia \u012fvyko Tarptautinio skulpt\u016bros simpoziumo metu sukurto skulpt\u016br\u0173 ansamblio atidarymas. \u012e rengin\u012f susirinko miesto vadovai, garb\u016bs sve\u010diai, menininkai ir kult\u016bros entuziastai. Per gars\u0173, judesio ir \u0161okio sintez\u0119 buvo pristatytos de\u0161imt skulpt\u016br\u0173, sukurt\u0173 talenting\u0173 k\u016br\u0117j\u0173 i\u0161 Lietuvos, Latvijos ir Ukrainos. Visos jos interpretuoja \u012f UNESCO pasaulio paveldo s\u0105ra\u0161\u0105 \u012ftraukt\u0105 Kauno modernistin\u012f paveld\u0105.<\/strong><\/p>\n<p>Ma\u017easis \u0105\u017euolynas, \u012fsik\u016br\u0119s tarp K. Petrausko, Parodos ir Radast\u0173 gatvi\u0173, tapo gyva erdve, kurioje susitinka gamta, istorija ir menas. Lapkri\u010dio 4 d. \u010dia oficialiai pristatyti Tarptautinio skulpt\u016bros simpoziumo metu sukurti k\u016briniai. Visi jie aktualizuoja miesto paveld\u0105, bet ir \u012fprasmina Kauno modernizmo architekt\u016bros vert\u0119.<\/p>\n<p>\u201e\u0160iandien yra ypatinga diena, vainikavusi keli\u0173 m\u0117nesi\u0173 m\u016bs\u0173 vis\u0173 bendr\u0105 darb\u0105. Tarptautinis skulpt\u016bros simpoziumas baigtas ypatingai s\u0117kmingai. Daugyb\u0117 juodo darbo liko nematomas, nors i\u0161 esm\u0117s buvo lemiamas.<\/p>\n<p>Sud\u0117tinga reziumuoti tai, kas truko ilg\u0105 laik\u0105, bet noriu i\u0161skirti kelet\u0105 dalyk\u0173. Per tris savaites skulptoriai tur\u0117jo apdoroti du kubinius metrus granito. \u0160\u012f projekt\u0105 lyd\u0117jo i\u0161skirtinis geranori\u0161kumas vis\u0173 dirban\u010di\u0173, noras pad\u0117ti, kad skulpt\u016bros b\u016bt\u0173 \u0161vent\u0117 mums visiems. A\u010di\u016b jums visiems\u201c, \u2013 kalb\u0117jo projekto kurator\u0117 ir Lietuvos dailinink\u0173 s\u0105jungos Kauno skyriaus pirminink\u0117 Rebeka Bruder.<\/p>\n<p><\/p>\n<p>Jai antrino ir sveikinimo \u017eod\u012f tar\u0119s Skulpt\u016bros sekcijos pirmininkas Mindaugas Jur\u0117nas, sakydamas, kad sunkiausia buvo \u2013 intensyvus darbas ir nuo dulki\u0173 matiniais patap\u0119 akiniai. Lyginant su pasauliniais renginiais \u2013 steb\u0117tais sniego skulpt\u016br\u0173 simpoziumais \u2013 Kaune suorganizuotas auk\u0161\u010diausio lygio projektas, kuriuo susi\u017eav\u0117jo ir u\u017esienie\u010diai.<\/p>\n<p>\u017dali\u0105j\u0105 zon\u0105 papuo\u0161\u0119 meniniai akcentai sujungia skirting\u0173 \u0161ali\u0173 k\u016br\u0117jus ir primena, kad modernizmas Kaune n\u0117ra susting\u0119s istorijos \u017eenklas, o gyvas tiltas tarp praeities ir dabarties. Tai pabr\u0117\u017e\u0117 ir Kauno miesto meras Visvaldas Matijo\u0161aitis, akcentuodamas, jog meninink\u0173 k\u016bryba ne tik praturtina miesto vie\u0161\u0105sias erdves, bet ir tampa jo tapatyb\u0117s dalimi:<\/p>\n<p>\u201eAp\u0117jau skulpt\u016bras, tai liaudi\u0161kai sakant \u2013 pavyd\u017eiu sau ir visiems miestie\u010diams tokio gro\u017eio, kur\u012f pama\u010diau \u010dia. Pirmiausia noriu pad\u0117koti Lietuvos dailinink\u0173 s\u0105jungai, ypa\u010d jos vadovei Rebekai Bruder, taip pat bendrovei \u201eAkmelita ir Ko\u201c bei visiems skulptoriams.<\/p>\n<p>Ne kart\u0105 esu sak\u0119s, kad lengviausia skriausti menininkus, tod\u0117l m\u016bs\u0173 tikslas \u2013 jiems suteikti darbo ir puo\u0161ti miesto vie\u0161\u0105sias erdves. Iki met\u0173 pabaigos Kaune i\u0161kils daugiau kaip trisde\u0161imt medini\u0173, akmenini\u0173, metalini\u0173 skulpt\u016br\u0173. Tai ne tik meno k\u016briniai, bet ir miesto, jo \u017emoni\u0173 id\u0117jos ir istorijos. Jauni menininkai vis dr\u0105siau \u012fsitraukia \u012f vie\u0161osios erdv\u0117s k\u016brim\u0105. Tai tik parodo, kad Kaunas gyvas ir menui atviras miestas\u201c, \u2013 sak\u0117 miesto vadovas.<\/p>\n<p><img loading=\"lazy\" decoding=\"async\" class=\"alignnone size-full wp-image-200381\" src=\"https:\/\/www.kaunas.lt\/wp-content\/uploads\/sites\/13\/2025\/11\/Tarptautinio-skulpturos-simpoziumo-ansamblio-atidarymas-1-scaled.jpg\" alt=\"\" width=\"2560\" height=\"1703\" srcset=\"https:\/\/www.kaunas.lt\/wp-content\/uploads\/sites\/13\/2025\/11\/Tarptautinio-skulpturos-simpoziumo-ansamblio-atidarymas-1-scaled.jpg 2560w, https:\/\/www.kaunas.lt\/wp-content\/uploads\/sites\/13\/2025\/11\/Tarptautinio-skulpturos-simpoziumo-ansamblio-atidarymas-1-300x200.jpg 300w, https:\/\/www.kaunas.lt\/wp-content\/uploads\/sites\/13\/2025\/11\/Tarptautinio-skulpturos-simpoziumo-ansamblio-atidarymas-1-1024x681.jpg 1024w, https:\/\/www.kaunas.lt\/wp-content\/uploads\/sites\/13\/2025\/11\/Tarptautinio-skulpturos-simpoziumo-ansamblio-atidarymas-1-768x511.jpg 768w, https:\/\/www.kaunas.lt\/wp-content\/uploads\/sites\/13\/2025\/11\/Tarptautinio-skulpturos-simpoziumo-ansamblio-atidarymas-1-1536x1022.jpg 1536w, https:\/\/www.kaunas.lt\/wp-content\/uploads\/sites\/13\/2025\/11\/Tarptautinio-skulpturos-simpoziumo-ansamblio-atidarymas-1-2048x1363.jpg 2048w, https:\/\/www.kaunas.lt\/wp-content\/uploads\/sites\/13\/2025\/11\/Tarptautinio-skulpturos-simpoziumo-ansamblio-atidarymas-1-720x480.jpg 720w\" sizes=\"auto, (max-width: 2560px) 100vw, 2560px\"\/><\/p>\n<p>\u0160ventin\u0117 naujojo ansamblio atidarymo ceremonija sub\u016br\u0117 miesto vadovus, menininkus, kult\u016bros organizacij\u0173 atstovus bei gaus\u0173 b\u016br\u012f kaunie\u010di\u0173, nor\u0117jusi\u0173 i\u0161 ar\u010diau susipa\u017einti su skulpt\u016bromis bei j\u0173 autoriais. Renginio sve\u010diai buvo pakviesti drauge su Kauno \u0161okio teatru \u201eAura\u201c leistis \u012f menin\u0119 ekskursij\u0105 po modernizmo skulpt\u016bras \u2013 performans\u0105, kuriame judesys, garsas ir forma virto vientisu pasakojimu apie miest\u0105, jo istorij\u0105 ir k\u016brybos energij\u0105.<\/p>\n<p>Aplankyta kiekviena i\u0161 de\u0161imties skulpt\u016br\u0173, sukurt\u0173 meninink\u0173 i\u0161 Lietuvos, Latvijos ir Ukrainos \u2013 skulptori\u0173 \u0100rio Smildzers, Stasio \u017dirgulio, Volodymyr Kochmar, Mindaugo Jur\u0117no, Gedimino Pa\u0161vensko, Arvio Kanti\u0161evs, Olenos Dodatko, Vytauto Naru\u010dio, Donato Dovidavi\u010diaus ir Gintario Juozo \u010cesi\u016bno. Renginyje dalyvav\u0119 Kauno skulptoriai norintiesiems pristat\u0117 savo k\u016brybos brai\u017e\u0105, id\u0117jas bei k\u016brybin\u012f proces\u0105.<\/p>\n<p><img loading=\"lazy\" decoding=\"async\" class=\"alignnone size-full wp-image-200416\" src=\"https:\/\/www.kaunas.lt\/wp-content\/uploads\/sites\/13\/2025\/11\/schema-simpoziumas.jpg\" alt=\"\" width=\"1893\" height=\"1063\" srcset=\"https:\/\/www.kaunas.lt\/wp-content\/uploads\/sites\/13\/2025\/11\/schema-simpoziumas.jpg 1893w, https:\/\/www.kaunas.lt\/wp-content\/uploads\/sites\/13\/2025\/11\/schema-simpoziumas-300x168.jpg 300w, https:\/\/www.kaunas.lt\/wp-content\/uploads\/sites\/13\/2025\/11\/schema-simpoziumas-1024x575.jpg 1024w, https:\/\/www.kaunas.lt\/wp-content\/uploads\/sites\/13\/2025\/11\/schema-simpoziumas-768x431.jpg 768w, https:\/\/www.kaunas.lt\/wp-content\/uploads\/sites\/13\/2025\/11\/schema-simpoziumas-1536x863.jpg 1536w, https:\/\/www.kaunas.lt\/wp-content\/uploads\/sites\/13\/2025\/11\/schema-simpoziumas-100x56.jpg 100w, https:\/\/www.kaunas.lt\/wp-content\/uploads\/sites\/13\/2025\/11\/schema-simpoziumas-319x180.jpg 319w, https:\/\/www.kaunas.lt\/wp-content\/uploads\/sites\/13\/2025\/11\/schema-simpoziumas-990x557.jpg 990w, https:\/\/www.kaunas.lt\/wp-content\/uploads\/sites\/13\/2025\/11\/schema-simpoziumas-820x460.jpg 820w\" sizes=\"auto, (max-width: 1893px) 100vw, 1893px\"\/><\/p>\n<p>\u201eSkulpt\u016br\u0173 parke k\u016bryba artima kiekvienam bendruomen\u0117s nariui. Kaunas yra miestas, kur modernizmas yra i\u0161reik\u0161tas ne tik pastatuose, bet pa\u017eangiame po\u017ei\u016bryje, dr\u0105soje ir nori jud\u0117ti pirmyn. Tarpukariu Kaunas buvo vienas moderniausi\u0173 Europos miest\u0173, kur klest\u0117jo valstyb\u0117, pramon\u0117, menas ir kult\u016bra. Ma\u017eajame \u0105\u017euolyne ir Parodos kalne tuomet vyko \u017eem\u0117s \u016bkio ir pramon\u0117s parodos, vir\u0117 gyvenimas\u201c, \u2013 kalb\u0117jo Kauno prekybos, pramon\u0117s ir amat\u0173 r\u016bm\u0173 viceprezidentas Vytis Arlauskas.<\/p>\n<p>\u0160ioje erdv\u0117je \u012fkurdintos skulpt\u016bros tapo ne tik meniniais akcentais, bet ir atvira galerija po\u00a0 dangumi. Ji simboli\u0161kai susisieja su Valstyb\u0117s \u0161imtme\u010diui \u012fkurta Lietuvos verslo al\u0117ja ir \u201ePinig\u0173 kalnu\u201c. Kartu \u0161ios erdv\u0117s sujungia istorij\u0105, k\u016bryb\u0105, versl\u0105 ir Kauno modernizmo dvasia toliau gyvena darbuose, id\u0117jose ir dr\u0105soje veikti.<\/p>\n<p><img loading=\"lazy\" decoding=\"async\" class=\"alignnone size-full wp-image-200384\" src=\"https:\/\/www.kaunas.lt\/wp-content\/uploads\/sites\/13\/2025\/11\/Tarptautinio-skulpturos-simpoziumo-ansamblio-atidarymas-5-scaled.jpg\" alt=\"\" width=\"2560\" height=\"1703\" srcset=\"https:\/\/www.kaunas.lt\/wp-content\/uploads\/sites\/13\/2025\/11\/Tarptautinio-skulpturos-simpoziumo-ansamblio-atidarymas-5-scaled.jpg 2560w, https:\/\/www.kaunas.lt\/wp-content\/uploads\/sites\/13\/2025\/11\/Tarptautinio-skulpturos-simpoziumo-ansamblio-atidarymas-5-300x200.jpg 300w, https:\/\/www.kaunas.lt\/wp-content\/uploads\/sites\/13\/2025\/11\/Tarptautinio-skulpturos-simpoziumo-ansamblio-atidarymas-5-1024x681.jpg 1024w, https:\/\/www.kaunas.lt\/wp-content\/uploads\/sites\/13\/2025\/11\/Tarptautinio-skulpturos-simpoziumo-ansamblio-atidarymas-5-768x511.jpg 768w, https:\/\/www.kaunas.lt\/wp-content\/uploads\/sites\/13\/2025\/11\/Tarptautinio-skulpturos-simpoziumo-ansamblio-atidarymas-5-1536x1022.jpg 1536w, https:\/\/www.kaunas.lt\/wp-content\/uploads\/sites\/13\/2025\/11\/Tarptautinio-skulpturos-simpoziumo-ansamblio-atidarymas-5-2048x1363.jpg 2048w, https:\/\/www.kaunas.lt\/wp-content\/uploads\/sites\/13\/2025\/11\/Tarptautinio-skulpturos-simpoziumo-ansamblio-atidarymas-5-720x480.jpg 720w\" sizes=\"auto, (max-width: 2560px) 100vw, 2560px\"\/><\/p>\n<p>Tarptautinis skulpt\u016br\u0173 simpoziumas vyko rugs\u0117jo 8\u201329 dienomis ir po 20 met\u0173 pertraukos susigr\u0105\u017eino \u0161iuolaikin\u0117s skulpt\u016bros k\u016brimo dvasi\u0105 \u012f Kaun\u0105. K\u016briniai \u012fvairiai interpretuoja tarpukario modernizm\u0105 ir miesto tapatyb\u0119. Skulptoriai savo darbuose nagrin\u0117ja racionalumo, funkcionalumo, k\u016brybin\u0117s energijos, \u017emogaus ir miesto santykio bei pa\u017eangos temas.<\/p>\n<p>Projekt\u0105, kuriam i\u0161 viso skirta 264 t\u016bkst. eur\u0173, finansavo Kauno miesto savivaldyb\u0117 ir Lietuvos dailinink\u0173 s\u0105jungos Kauno skyrius \u2013 skyr\u0117 249 t\u016bkst. eur\u0173, likusi\u0105 dal\u012f \u2013 Lietuvos dailinink\u0173 s\u0105jungos Kauno skyrius. Miestas neatmeta galimyb\u0117s, kad Tarptautinis skulpt\u016bros simpoziumas bus organizuojamas ir kitais metais.<\/p>\n<p style=\"text-align: right\"><em>Ry\u0161i\u0173 su visuomene skyriaus informacija<\/em><\/p>\n<\/p><\/div>\n<p><script>\n(function(d, s, id) {\n  var js, fjs = d.getElementsByTagName(s)[0];\n  if (d.getElementById(id)) return;\n  js = d.createElement(s); js.id = id;\n  js.src = \"\/\/connect.facebook.net\/lt_LT\/sdk.js#xfbml=1&version=v2.5&appId=118913718193570\";\n  fjs.parentNode.insertBefore(js, fjs);\n}(document, 'script', 'facebook-jssdk'));<\/script><script>(function(d, s, id) {\n\t\t\t\t\t\t\t\t\t\t\t  var js, fjs = d.getElementsByTagName(s)[0];\n\t\t\t\t\t\t\t\t\t\t\t  if (d.getElementById(id)) return;\n\t\t\t\t\t\t\t\t\t\t\t  js = d.createElement(s); js.id = id;\n\t\t\t\t\t\t\t\t\t\t\t  js.src = \"\/\/connect.facebook.net\/lt_LT\/sdk.js#xfbml=1&version=v2.3&appId=118913718193570\";\n\t\t\t\t\t\t\t\t\t\t\t  fjs.parentNode.insertBefore(js, fjs);\n\t\t\t\t\t\t\t\t\t\t\t}(document, 'script', 'facebook-jssdk'));\n\t\t\t\t\t\t\t\t\t\t\t<\/script><a href=\"https:\/\/www.kaunas.lt\/2025\/11\/04\/kauno-mazajame-azuolyne-oficialiai-pristatytas-modernizmui-skirtu-skulpturu-ansamblis\/\"> Nuoroda \u012f informacijos \u0161altin\u012f <\/a><\/p>\n","protected":false},"excerpt":{"rendered":"<p>Tarpukario Kauno modernizm\u0105 reprezentuojantys k\u016briniai \u012fsik\u016br\u0117 Ma\u017eajame \u0105\u017euolyne, \u0161alia \u0104\u017euolyno bibliotekos. Lapkri\u010dio 4 d. \u010dia&#8230;<\/p>\n","protected":false},"author":1,"featured_media":4481,"comment_status":"","ping_status":"","sticky":false,"template":"","format":"standard","meta":{"_monsterinsights_skip_tracking":false,"_monsterinsights_sitenote_active":false,"_monsterinsights_sitenote_note":"","_monsterinsights_sitenote_category":0,"footnotes":""},"categories":[5],"tags":[3986,3982,838,3981,182,3984,3486,3983,1473,786,3985],"class_list":["post-4480","post","type-post","status-publish","format-standard","has-post-thumbnail","hentry","category-miestu-naujienos","tag-ansamblis","tag-azuolyne","tag-kauno","tag-mazajame","tag-miesto","tag-modernizmui","tag-oficialiai","tag-pristatytas","tag-savivaldybe","tag-skirtu","tag-skulpturu"],"aioseo_notices":[],"_links":{"self":[{"href":"https:\/\/naujienulaikas.lt\/index.php\/wp-json\/wp\/v2\/posts\/4480","targetHints":{"allow":["GET"]}}],"collection":[{"href":"https:\/\/naujienulaikas.lt\/index.php\/wp-json\/wp\/v2\/posts"}],"about":[{"href":"https:\/\/naujienulaikas.lt\/index.php\/wp-json\/wp\/v2\/types\/post"}],"author":[{"embeddable":true,"href":"https:\/\/naujienulaikas.lt\/index.php\/wp-json\/wp\/v2\/users\/1"}],"replies":[{"embeddable":true,"href":"https:\/\/naujienulaikas.lt\/index.php\/wp-json\/wp\/v2\/comments?post=4480"}],"version-history":[{"count":0,"href":"https:\/\/naujienulaikas.lt\/index.php\/wp-json\/wp\/v2\/posts\/4480\/revisions"}],"wp:featuredmedia":[{"embeddable":true,"href":"https:\/\/naujienulaikas.lt\/index.php\/wp-json\/wp\/v2\/media\/4481"}],"wp:attachment":[{"href":"https:\/\/naujienulaikas.lt\/index.php\/wp-json\/wp\/v2\/media?parent=4480"}],"wp:term":[{"taxonomy":"category","embeddable":true,"href":"https:\/\/naujienulaikas.lt\/index.php\/wp-json\/wp\/v2\/categories?post=4480"},{"taxonomy":"post_tag","embeddable":true,"href":"https:\/\/naujienulaikas.lt\/index.php\/wp-json\/wp\/v2\/tags?post=4480"}],"curies":[{"name":"wp","href":"https:\/\/api.w.org\/{rel}","templated":true}]}}